{"id":348868,"date":"2012-10-11T04:00:42","date_gmt":"2012-10-11T02:00:42","guid":{"rendered":"https:\/\/www.focolare.org\/anunciar-dios-te-ama\/"},"modified":"2024-06-06T12:31:05","modified_gmt":"2024-06-06T10:31:05","slug":"anunciar-dios-te-ama","status":"publish","type":"post","link":"https:\/\/www.focolare.org\/es\/anunciar-dios-te-ama\/","title":{"rendered":"Anunciar: Dios te ama"},"content":{"rendered":"<p><a href=\"https:\/\/www.focolare.org\/es\/chiara-lubich\/spiritualita-dellunita\/dio-amore\/\"><strong>Dios Amor<\/strong><\/a> &#8211; lo sabemos &#8211;<strong> es una verdad de nuestra fe y es de gran actualidad<\/strong>. De hecho, en tiempos como estos, en los que Dios a menudo parece o se lo considera lejano, hasta tal punto que hablan de la muerte de Dios, \u00bfqu\u00e9 puede haber de m\u00e1s saludable y esperado para esta humanidad que nos rodea, incluso la que se dice todav\u00eda cristiana, pero que no lo es del todo, que ofrecerle, con la ayuda del Esp\u00edritu Santo, esta revelaci\u00f3n: <strong>Dios con su amor est\u00e1 cerca de todos y ama apasionadamente a cada uno? [\u2026]<\/strong><\/p>\n<p>\u00bfDecir a la humanidad que todas las circunstancias hablan de este amor? \u00bfHacerle comprender que hay que sentirse envueltos por ese amor, a\u00fan cuando todo har\u00eda pensar lo contrario. Y anunciarle que nada pasa desapercibido para Dios, que cuenta incluso los cabellos de nuestra cabeza?\u00a0 [\u2026]<\/p>\n<p><strong>El mundo necesita de este anuncio: que Dios es Amor, que Dios te ama, \u00a1que Dios te ama inmensamente!<\/strong><\/p>\n<p>Y es lo que han hecho miles de personas, anunciando&#8230; viajando en tren, en la escuela, en casa, en los negocios. Siempre que ten\u00edan una ocasi\u00f3n, dec\u00edan: \u201cMira, recuerda que Dios te ama\u201d.<\/p>\n<p>Y los efectos fueron extraordinarios. Las personas recibieron un shock, como cuando los ap\u00f3stoles anunciaban: \u201c\u00a1Cristo, resucit\u00f3!\u201d. \u201cAh, \u00bfresucit\u00f3?\u201d.<\/p>\n<p>Decir a todos: \u201cDios es Amor y Dios te ama inmensamente\u201d, con la convicci\u00f3n que tenemos, provoca una revoluci\u00f3n\u201d.<\/p>\n<p><em><a href=\"https:\/\/www.focolare.org\/es\/chiara-lubich\/chi-e-chiara\/\"><strong>Chiara Lubich<\/strong><\/a>, \u201c<a href=\"http:\/\/www.cittanuova.it\/eshop_scheda.php?idContenuto=35835\" target=\"_blank\" rel=\"noopener\"><strong>Dio Amore<\/strong><\/a>\u201d, <a href=\"http:\/\/www.cittanuova.it\/eshop_index.php?idsito=20\" target=\"_blank\" rel=\"noopener\"><strong>Ed. Citt\u00e0 Nuova<\/strong><\/a>, Roma, 2011, pagg. 86-87.<\/em><\/p>\n","protected":false},"excerpt":{"rendered":"<p>Dirigi\u00e9ndose a los 2.500 miembros de los Movimientos parroquiales y diocesanos de los Focolares, en 1996 en Castelgandolfo, Chiara Lubich recordaba una verdad de la fe cristiana especialmente actual.<\/p>\n","protected":false},"author":34,"featured_media":0,"comment_status":"open","ping_status":"open","sticky":false,"template":"","format":"standard","meta":{"give_campaign_id":0,"_seopress_robots_primary_cat":"","_seopress_titles_title":"","_seopress_titles_desc":"","_seopress_robots_index":"","_et_pb_use_builder":"","_et_pb_old_content":"","_et_gb_content_width":"","footnotes":""},"categories":[46],"tags":[],"class_list":["post-348868","post","type-post","status-publish","format-standard","hentry","category-sin-categorizar"],"_links":{"self":[{"href":"https:\/\/www.focolare.org\/es\/wp-json\/wp\/v2\/posts\/348868","targetHints":{"allow":["GET"]}}],"collection":[{"href":"https:\/\/www.focolare.org\/es\/wp-json\/wp\/v2\/posts"}],"about":[{"href":"https:\/\/www.focolare.org\/es\/wp-json\/wp\/v2\/types\/post"}],"author":[{"embeddable":true,"href":"https:\/\/www.focolare.org\/es\/wp-json\/wp\/v2\/users\/34"}],"replies":[{"embeddable":true,"href":"https:\/\/www.focolare.org\/es\/wp-json\/wp\/v2\/comments?post=348868"}],"version-history":[{"count":0,"href":"https:\/\/www.focolare.org\/es\/wp-json\/wp\/v2\/posts\/348868\/revisions"}],"wp:attachment":[{"href":"https:\/\/www.focolare.org\/es\/wp-json\/wp\/v2\/media?parent=348868"}],"wp:term":[{"taxonomy":"category","embeddable":true,"href":"https:\/\/www.focolare.org\/es\/wp-json\/wp\/v2\/categories?post=348868"},{"taxonomy":"post_tag","embeddable":true,"href":"https:\/\/www.focolare.org\/es\/wp-json\/wp\/v2\/tags?post=348868"}],"curies":[{"name":"wp","href":"https:\/\/api.w.org\/{rel}","templated":true}]}}