{"id":348892,"date":"2012-10-18T04:00:44","date_gmt":"2012-10-18T02:00:44","guid":{"rendered":"https:\/\/www.focolare.org\/sophia-ganar-profesionalidad-poniendo-en-juego-la-vida\/"},"modified":"2024-06-06T12:31:10","modified_gmt":"2024-06-06T10:31:10","slug":"sophia-ganar-profesionalidad-poniendo-en-juego-la-vida","status":"publish","type":"post","link":"https:\/\/www.focolare.org\/es\/sophia-ganar-profesionalidad-poniendo-en-juego-la-vida\/","title":{"rendered":"Sophia: ganar profesionalidad poniendo en juego la vida"},"content":{"rendered":"<p><strong>\u00abNumerosas revoluciones en la historia han empezado en forma inesperada.<\/strong> A menudo los j\u00f3venes se encontraron en medio. Sumergido, como muchos, en los problemas de las grandes ciudades de nuestros pa\u00edses, tambi\u00e9n yo me pregunt\u00e9: \u00bfCu\u00e1ndo ocurrir\u00e1 un cambio? \u00a0Hablaba al respecto con otros amigos, estudiaba el trayecto de los grandes protagonistas de la historia, me planteaba muchas preguntas.<\/p>\n<p>Cuando<strong> empec\u00e9 a trabajar como periodista en la sede de ANSA en San Pablo,<\/strong> no perd\u00eda ninguna posibilidad de subrayar en mis art\u00edculos los indicios de la crisis, buscando la verdad.<strong> Estaba lleno de aspiraciones.<\/strong> Sin embargo en la medida que hac\u00eda experiencia, sent\u00eda que el impulso al idealismo no me bastaba\u2026<\/p>\n<p>La complejidad del mundo contempor\u00e1neo me pon\u00eda ante una exigencia de competencia y de experiencia que no ten\u00eda. Tanto m\u00e1s en una situaci\u00f3n de crisis galopante como la de nuestras sociedades interdependientes, con los problemas de la desocupaci\u00f3n, de las finanzas internacionales, de conflictos, de los mecanismos institucionales obsoletos. Me di cuenta de que corr\u00eda el riesgo de trabajar\u2026 fuera de la v\u00eda, mientras la historia me presentaba escenarios que nos sab\u00eda descifrar.<\/p>\n<p><strong>La decisi\u00f3n de inscribirme en el <strong><a href=\"http:\/\/www.iu-sophia.org\/\" target=\"_blank\" rel=\"noopener\">Instituto Universitario Sophia<\/a><\/strong> (IUS),<\/strong> se injert\u00f3 en esta reflexi\u00f3n. Decid\u00ed invertir en el boleto a\u00e9reo y en los preparativos todo lo que ten\u00eda y dedicar dos a\u00f1os de mi vida a recorrer un camino que unifica la teor\u00eda y la actividad cotidiana, para conocer m\u00e1s profundamente una nueva cultura, la de la unidad.<\/p>\n<p>Me inscrib\u00ed en el \u00e9nfasis pol\u00edtico y entr\u00e9 en una especie de laboratorio de vida en donde, d\u00eda tras d\u00eda, con estudiantes y docentes de distintas proveniencias,\u00a0 afrontamos un intenso programa de estudio que hace penetrar la cultura de la unidad en numerosos \u00e1mbitos de las ciencias y de la actividad humana.<\/p>\n<p><strong>En el IUS hacemos la experiencia que un objetivo de importante cambio social<\/strong> puede, es m\u00e1s debe ser\u00a0<strong> acompa\u00f1ado por una profunda preparaci\u00f3n:<\/strong> es necesario formarse profesionalmente, es necesario tener conocimientos \u201cmultidimensionales\u201d, aprender un m\u00e9todo de di\u00e1logo a 360\u00b0, para relacionarse con las personas y los pueblos cercanos y lejanos y saber administrar la red de interdependencias que caracteriza nuestro tiempo.<\/p>\n<p><strong>El denso intercambio entre las disciplinas, iluminado por el carisma de Chiara Lubich,<\/strong> es sostenido por el esfuerzo cotidiano de traducir en pr\u00e1ctica las intuiciones y los resultados acad\u00e9micos que alcanzamos en el aula. Todo esto me ha tomado y me ha dado perspectivas muy distintas e instrumentos nuevos.<\/p>\n<p><strong>Al llegar al final del curso puedo decir que he adquirido algunas competencias especializadas que me ayudar\u00e1n en mi trabajo de periodista,<\/strong> no s\u00f3lo para escribir art\u00edculos m\u00e1s elaborados t\u00e9cnicamente, sino sobre todo para percibir elementos de hechos que probablemente antes se me habr\u00edan escapado.<\/p>\n<p><strong>He entendido que lo \u201cnuevo\u201d que busco se construye en la relaci\u00f3n con las personas,<\/strong> con los colegas de trabajo, con cuantos entrevisto, con el p\u00fablico que me lee: vendr\u00e1 s\u00f3lo de una intensa vida de di\u00e1logo, del compartir y de la verificaci\u00f3n comunitaria y valorando los signos de esta tensi\u00f3n a la unidad, viva y operante en la historia, que encuentro por doquier en las historias que narro.<\/p>\n<p><strong>Aspirar a un mundo mejor es algo muy importante, pero buscar los instrumentos adecuados es igualmente fundamental.<\/strong> En el IUS he entendido que no se puede improvisar, que debemos dedicar tiempo y recursos para poner las condiciones necesarias\u00bb.<\/p>\n<p><em>(Fuente:<a href=\"http:\/\/www.iu-sophia.org\/_News_1123\" target=\"_blank\" rel=\"noopener\">Instituto universitario Sophia online)<\/a><\/em><\/p>\n","protected":false},"excerpt":{"rendered":"<p>La historia de Thiago Borges (Brasil)estudiante del Instituto Universitario de Loppiano.<\/p>\n","protected":false},"author":34,"featured_media":0,"comment_status":"open","ping_status":"open","sticky":false,"template":"","format":"standard","meta":{"give_campaign_id":0,"_seopress_robots_primary_cat":"","_seopress_titles_title":"","_seopress_titles_desc":"","_seopress_robots_index":"","_et_pb_use_builder":"","_et_pb_old_content":"","_et_gb_content_width":"","footnotes":""},"categories":[904,905],"tags":[],"class_list":["post-348892","post","type-post","status-publish","format-standard","hentry","category-focolare-worldwide-2-2","category-senza-categoria-2-2"],"_links":{"self":[{"href":"https:\/\/www.focolare.org\/es\/wp-json\/wp\/v2\/posts\/348892","targetHints":{"allow":["GET"]}}],"collection":[{"href":"https:\/\/www.focolare.org\/es\/wp-json\/wp\/v2\/posts"}],"about":[{"href":"https:\/\/www.focolare.org\/es\/wp-json\/wp\/v2\/types\/post"}],"author":[{"embeddable":true,"href":"https:\/\/www.focolare.org\/es\/wp-json\/wp\/v2\/users\/34"}],"replies":[{"embeddable":true,"href":"https:\/\/www.focolare.org\/es\/wp-json\/wp\/v2\/comments?post=348892"}],"version-history":[{"count":0,"href":"https:\/\/www.focolare.org\/es\/wp-json\/wp\/v2\/posts\/348892\/revisions"}],"wp:attachment":[{"href":"https:\/\/www.focolare.org\/es\/wp-json\/wp\/v2\/media?parent=348892"}],"wp:term":[{"taxonomy":"category","embeddable":true,"href":"https:\/\/www.focolare.org\/es\/wp-json\/wp\/v2\/categories?post=348892"},{"taxonomy":"post_tag","embeddable":true,"href":"https:\/\/www.focolare.org\/es\/wp-json\/wp\/v2\/tags?post=348892"}],"curies":[{"name":"wp","href":"https:\/\/api.w.org\/{rel}","templated":true}]}}