{"id":348894,"date":"2012-10-18T06:30:58","date_gmt":"2012-10-18T04:30:58","guid":{"rendered":"https:\/\/www.focolare.org\/sinodo-el-movimiento-de-los-focolares-y-la-nueva-evangelizacion\/"},"modified":"2024-06-06T12:31:10","modified_gmt":"2024-06-06T10:31:10","slug":"sinodo-el-movimiento-de-los-focolares-y-la-nueva-evangelizacion","status":"publish","type":"post","link":"https:\/\/www.focolare.org\/es\/sinodo-el-movimiento-de-los-focolares-y-la-nueva-evangelizacion\/","title":{"rendered":"S\u00ednodo: el Movimiento de los Focolares y la Nueva Evangelizaci\u00f3n"},"content":{"rendered":"<p><img alt=\"\" alt=\"\" loading=\"lazy\" decoding=\"async\" class=\"wp-image-72479 alignleft\" style=\"margin-right: 10px;border: 0px none\" src=\"https:\/\/www.focolare.org\/wp-content\/uploads\/2012\/10\/20101018-01.jpg\" alt=\"\" width=\"250\" height=\"166\" \/><\/p>\n<p>El <a href=\"https:\/\/www.focolare.org\/es\/movimento-dei-focolari\/\"><strong>Movimiento de los Focolares<\/strong><\/a> -presente <a href=\"https:\/\/www.focolare.org\/es\/focolare-worldwide\/\">en cinco continentes en 194 pa\u00edses<\/a>, en los m\u00e1s diferentes estratos de la poblaci\u00f3n, de todas las edades, en ambientes religiosos o laicos, a menudo en zonas de frontera-, se ha comprometido, junto a toda la Iglesia, en la nueva evangelizaci\u00f3n con un nuevo impulso y ardor.<\/p>\n<p>Convencido de<strong> la importancia de ser evangelizado para evangelizar<\/strong>, cuida la formaci\u00f3n de sus miembros con objeto de que puedan ser luz, levadura, sal. \u201cC\u00e9lulas de ambiente\u201d, formadas por dos o m\u00e1s en un mismo lugar, llevan la presencia viva del Resucitado a todas partes, en las casas, las f\u00e1bricas, los lugares de administraci\u00f3n p\u00fablica, los hospitales, las escuelas y las universidades. A nivel territorial, las \u201ccomunidades locales\u201d hacen que sean visibles en los barrios y las ciudades las relaciones de fraternidad generadas por el Evangelio.<\/p>\n<p>Por su carisma propio, el de la unidad invocada por Jes\u00fas en su testamento (Jn 17,21), el Movimiento prefiere las formas de testimonio colectivo, como las jornadas o encuentros internacionales, <a href=\"https:\/\/www.focolare.org\/es\/all-opera\/cittadelle\/\"><strong>las Mari\u00e1polis y las Ciudadelas<\/strong><\/a>, donde la ley de los habitantes es el mandamiento nuevo. Se sirve tambi\u00e9n de la prensa, como Ciudad Nueva, y de los nuevos medios de comunicaci\u00f3n y redes sociales.<\/p>\n<p>Un camino privilegiado es el de <a href=\"https:\/\/www.focolare.org\/es\/in-dialogo\/\"><strong>los di\u00e1logos<\/strong><\/a>: ecum\u00e9nico, interreligioso, con quienes no se reconocen en ninguna creencia religiosa y con la cultura contempor\u00e1nea, donde el Movimiento ofrece su contribuci\u00f3n para iluminar con luz cristiana los distintos \u00e1mbitos culturales de la sociedad.<\/p>\n","protected":false},"excerpt":{"rendered":"<p>Intervenci\u00f3n de Mar\u00eda Voce, en el S\u00ednodo de Obispos, el 17 de octubre. Formaci\u00f3n continua, vida del Evangelio, \u2018c\u00e9lulas de ambiente\u2019, \u2018mari\u00e1polis\u2019, di\u00e1logos, sumergirse en la cultura contempor\u00e1nea, son algunos de los caminos recorridos por los Focolares en la v\u00eda de la nueva evangelizaci\u00f3n.<\/p>\n","protected":false},"author":34,"featured_media":0,"comment_status":"open","ping_status":"open","sticky":false,"template":"","format":"standard","meta":{"give_campaign_id":0,"_seopress_robots_primary_cat":"","_seopress_titles_title":"","_seopress_titles_desc":"","_seopress_robots_index":"","_et_pb_use_builder":"","_et_pb_old_content":"","_et_gb_content_width":"","footnotes":""},"categories":[46],"tags":[],"class_list":["post-348894","post","type-post","status-publish","format-standard","hentry","category-sin-categorizar"],"_links":{"self":[{"href":"https:\/\/www.focolare.org\/es\/wp-json\/wp\/v2\/posts\/348894","targetHints":{"allow":["GET"]}}],"collection":[{"href":"https:\/\/www.focolare.org\/es\/wp-json\/wp\/v2\/posts"}],"about":[{"href":"https:\/\/www.focolare.org\/es\/wp-json\/wp\/v2\/types\/post"}],"author":[{"embeddable":true,"href":"https:\/\/www.focolare.org\/es\/wp-json\/wp\/v2\/users\/34"}],"replies":[{"embeddable":true,"href":"https:\/\/www.focolare.org\/es\/wp-json\/wp\/v2\/comments?post=348894"}],"version-history":[{"count":0,"href":"https:\/\/www.focolare.org\/es\/wp-json\/wp\/v2\/posts\/348894\/revisions"}],"wp:attachment":[{"href":"https:\/\/www.focolare.org\/es\/wp-json\/wp\/v2\/media?parent=348894"}],"wp:term":[{"taxonomy":"category","embeddable":true,"href":"https:\/\/www.focolare.org\/es\/wp-json\/wp\/v2\/categories?post=348894"},{"taxonomy":"post_tag","embeddable":true,"href":"https:\/\/www.focolare.org\/es\/wp-json\/wp\/v2\/tags?post=348894"}],"curies":[{"name":"wp","href":"https:\/\/api.w.org\/{rel}","templated":true}]}}