{"id":348910,"date":"2012-10-22T08:30:20","date_gmt":"2012-10-22T06:30:20","guid":{"rendered":"https:\/\/www.focolare.org\/a-50-anos-de-la-primera-mariapolis-en-argentina\/"},"modified":"2024-06-06T12:31:14","modified_gmt":"2024-06-06T10:31:14","slug":"a-50-anos-de-la-primera-mariapolis-en-argentina","status":"publish","type":"post","link":"https:\/\/www.focolare.org\/es\/a-50-anos-de-la-primera-mariapolis-en-argentina\/","title":{"rendered":"A 50 a\u00f1os de la primera Mari\u00e1polis en Argentina"},"content":{"rendered":"<p>Cuando llegaron los primeros focolares a la Argentina, con L\u00eda Brunet y Victorio Sabbione, entre fines de 1961 y principios de 1962, la primer actividad que se propusieron realizar fue una Mari\u00e1polis. Hac\u00eda pocos meses que estaban en Buenos Aires y como ya existia una comunidad en Santa Mar\u00eda, Catamarca, a los pies de la cordillera, en plenos valles calchaqu\u00edes, impregnados de la cultura Inca, decidieron que la misma se har\u00eda all\u00ed. A 1400 km. de la Capital argentina donde hab\u00eda una comunidad animada por el P. Antonio Priori, el cura p\u00e1rroco, quien hab\u00eda conocido el esp\u00edritu de la unidad en Italia. Enseguida se puso al frente para organizar la llegada de los mariapolitas que vendr\u00edan: como no hab\u00eda hoteles todos los participantes ser\u00edan alojados en casas de familia. Una cadena de donaci\u00f3n y fraternidad que inund\u00f3 toda la ciudad. As\u00ed, en Julio de 1962 tuvo lugar la primera Mari\u00e1polis hispanoamericana en Santa Mar\u00eda de Catamarca.<\/p>\n<p><a href=\"https:\/\/www.focolare.org\/wp-content\/uploads\/2012\/10\/sm2.jpg\"><img alt=\"\" alt=\"\" loading=\"lazy\" decoding=\"async\" class=\"alignright size-articolo_1 wp-image-72621\" src=\"https:\/\/www.focolare.org\/wp-content\/uploads\/2012\/10\/sm2-250x122.jpg\" alt=\"\" width=\"250\" height=\"122\" \/><\/a>A 50 a\u00f1os de esa primera semilla del ideal de Chiara Lubich en estas tierras, se dieron cita el primer fin de semana de octubre para lo que llamaron \u201cLa juntada\u201d m\u00e1s de 250 personas que proven\u00edan de ciudades vecinas y de otras provincias.<\/p>\n<p>Todo surgi\u00f3 muy espont\u00e1neamente, sin mucha organizaci\u00f3n. Estaba el deseo de rememorar aquel momento fundacional y expresar un nuevo anuncio de la fraternidad a 360\u00b0. El resultado colm\u00f3 las expectativas.<\/p>\n<p><img alt=\"\" alt=\"\" loading=\"lazy\" decoding=\"async\" class=\"wp-image-72635 alignleft\" style=\"margin-right: 10px;border: 0px none\" src=\"https:\/\/www.focolare.org\/wp-content\/uploads\/2012\/10\/SM17-250x193.jpg\" alt=\"\" width=\"250\" height=\"193\" \/>Hubo momentos de fiesta, con participaci\u00f3n de artistas locales. La misa del domingo fue especialmente solemne, con el recuerdo de L\u00eda, Victorio, el P. Antonio Priori, Rosita S\u00e1nchez (una de las primeras focolarinas argentinas que conoci\u00f3 el Movimiento en aquella primera Mari\u00e1polis), Rubio Moya (voluntario que sostuvo la comunidad hasta sus \u00faltimos d\u00edas).<\/p>\n<p>Lo que no fue espont\u00e1neo, sino que demuestra que en estos 50 a\u00f1os el esp\u00edritu de la unidad se arraig\u00f3 en Santa Mar\u00eda, fue la visita a las obras y el encuentro con las personas que les han dado vida, a su vez transformadas por el Evangelio puesto en pr\u00e1ctica. La Escuela Aurora, que rescata las t\u00e9cnicas artesanales de la cultura de los valles clachaqu\u00edes y e Tinku kamayu (reunidas para trabajar), cooperativa de elaboraci\u00f3n de hilados y confecciones surgido por un grupo de alumnas de la Escuela Aurora. Precisamente el mensaje que lleg\u00f3 para la ocasi\u00f3n de Mar\u00eda Voce (presidente de los Focolares) resalta el camino recorrido: \u201c\u2026Santa Mar\u00eda es para todos nosotros un luminoso ejemplo de lo que nuestro ideal est\u00e1 llamado a obrar en estas tierras: de tal manera que se realice la unidad en la diversidad (\u2026) Espero que el compartir las experiencias realizadas y los proyectos para el futuro, puedan dar a todos la certeza de que el camino que recorremos juntos nos hace ser una \u00fanica familia que vive por un mundo unido\u201d.<\/p>\n<p>En un muro de la ciudad qued\u00f3 plasmado un mural del artista Jes\u00fas Flores, como s\u00edmbolo de este momento, que representa el encuentro de la luz del carisma de la unidad con la cultura Yocavil.<br \/> <img alt=\"\" alt=\"\" loading=\"lazy\" decoding=\"async\" class=\"wp-image-72628 alignright\" style=\"margin-left: 10px;border: 0px none\" src=\"https:\/\/www.focolare.org\/wp-content\/uploads\/2012\/10\/SM10.jpg\" alt=\"\" width=\"288\" height=\"216\" \/><\/p>\n<p>\u201cVeo ese designio de Santa Mar\u00eda, que fue la cuna de la Obra de Mar\u00eda en Argentina, porque es una ciudad &#8216;s\u00edntesis&#8217;, que conjug\u00f3 la tradici\u00f3n ind\u00edgena, la criolla y la tradici\u00f3n cristiana\u201d, expresa un miembro del Movimiento que particip\u00f3 en aquella Mari\u00e1polis.<\/p>\n<p>\u201cUn sentimiento de esperanza se fortalec\u00eda -afirma uno de los organizadores del evento- al ver la presencia y el entusiasmo de los j\u00f3venes que estaban all\u00ed hasta el final,\u00a0ayud\u00e1ndonos a comprender que la continuidad del Ideal\u00a0est\u00e1 en sus manos\u201d.<\/p>\n","protected":false},"excerpt":{"rendered":"<p>Santa Mar\u00eda de Catamarca, ciudad enclavada en los Valles Calchaqu\u00edes, fue el escenario de la primera Mari\u00e1polis en tierras hispanoamericanas, la semilla desde donde se difundi\u00f3 el ideal de los Focolares. El 1\u00b0 y 2 de Octubre \u00abLa Juntada\u00bb, como se defini\u00f3 a ese evento hist\u00f3rico.<\/p>\n","protected":false},"author":1,"featured_media":0,"comment_status":"open","ping_status":"open","sticky":false,"template":"","format":"standard","meta":{"give_campaign_id":0,"_seopress_robots_primary_cat":"","_seopress_titles_title":"","_seopress_titles_desc":"","_seopress_robots_index":"","_et_pb_use_builder":"","_et_pb_old_content":"","_et_gb_content_width":"","footnotes":""},"categories":[904],"tags":[],"class_list":["post-348910","post","type-post","status-publish","format-standard","hentry","category-focolare-worldwide-2-2"],"_links":{"self":[{"href":"https:\/\/www.focolare.org\/es\/wp-json\/wp\/v2\/posts\/348910","targetHints":{"allow":["GET"]}}],"collection":[{"href":"https:\/\/www.focolare.org\/es\/wp-json\/wp\/v2\/posts"}],"about":[{"href":"https:\/\/www.focolare.org\/es\/wp-json\/wp\/v2\/types\/post"}],"author":[{"embeddable":true,"href":"https:\/\/www.focolare.org\/es\/wp-json\/wp\/v2\/users\/1"}],"replies":[{"embeddable":true,"href":"https:\/\/www.focolare.org\/es\/wp-json\/wp\/v2\/comments?post=348910"}],"version-history":[{"count":0,"href":"https:\/\/www.focolare.org\/es\/wp-json\/wp\/v2\/posts\/348910\/revisions"}],"wp:attachment":[{"href":"https:\/\/www.focolare.org\/es\/wp-json\/wp\/v2\/media?parent=348910"}],"wp:term":[{"taxonomy":"category","embeddable":true,"href":"https:\/\/www.focolare.org\/es\/wp-json\/wp\/v2\/categories?post=348910"},{"taxonomy":"post_tag","embeddable":true,"href":"https:\/\/www.focolare.org\/es\/wp-json\/wp\/v2\/tags?post=348910"}],"curies":[{"name":"wp","href":"https:\/\/api.w.org\/{rel}","templated":true}]}}