{"id":348930,"date":"2012-11-01T04:00:17","date_gmt":"2012-11-01T03:00:17","guid":{"rendered":"https:\/\/www.focolare.org\/no-podemos-prescindir-de-vosotros\/"},"modified":"2024-06-06T12:31:17","modified_gmt":"2024-06-06T10:31:17","slug":"no-podemos-prescindir-de-vosotros","status":"publish","type":"post","link":"https:\/\/www.focolare.org\/es\/no-podemos-prescindir-de-vosotros\/","title":{"rendered":"No podemos prescindir de vosotros"},"content":{"rendered":"<p><em>En un estrecho di\u00e1logo con personas de convicciones no religiosas, Chiara Lubich, en 1995, se encontr\u00f3 explic\u00e1ndoles porqu\u00e9, sin los no creyentes, los Focolarinos perder\u00edan su identidad.<\/em><\/p>\n<p>\u00ab\u00a1Esto es absolutamente cierto! Porque nosotros tenemos, como Movimiento, como nueva Obra surgida en la Iglesia, una vocaci\u00f3n universal.<\/p>\n<p>Por eso nuestro lema es: \u201cQue todos sean uno\u201d. <strong>Ahora bien, en el \u2018todos\u2019 est\u00e1is dentro tambi\u00e9n vosotros. No podemos prescindir de vosotros, porque est\u00e1is en el \u2018todos\u2019,<\/strong> de lo contrario dejar\u00edamos fuera a medio mundo o por lo menos a un tercio, y lo excluir\u00edamos, mientras que nosotros decimos: \u201cQue todos sean uno\u201d.<\/p>\n<p>Por supuesto debemos \u201cser uno\u201d como podemos: seremos uno en los valores, seremos uno en otras ideas, seremos uno en algo concreto\u00bb.<\/p>\n<p><em>Chiara Lubich a los amigos de convicciones no religiosas, Loppiano 7 de mayo de 1995<\/em><\/p>\n<p><em>Publicado en DiaLogos 02, CNx, septiembre del 2012<\/em><\/p>\n","protected":false},"excerpt":{"rendered":"<p>La visi\u00f3n de Chiara Lubich de los no creyentes<\/p>\n","protected":false},"author":34,"featured_media":0,"comment_status":"open","ping_status":"open","sticky":false,"template":"","format":"standard","meta":{"give_campaign_id":0,"_seopress_robots_primary_cat":"","_seopress_titles_title":"","_seopress_titles_desc":"","_seopress_robots_index":"","_et_pb_use_builder":"","_et_pb_old_content":"","_et_gb_content_width":"","footnotes":""},"categories":[46],"tags":[],"class_list":["post-348930","post","type-post","status-publish","format-standard","hentry","category-sin-categorizar"],"_links":{"self":[{"href":"https:\/\/www.focolare.org\/es\/wp-json\/wp\/v2\/posts\/348930","targetHints":{"allow":["GET"]}}],"collection":[{"href":"https:\/\/www.focolare.org\/es\/wp-json\/wp\/v2\/posts"}],"about":[{"href":"https:\/\/www.focolare.org\/es\/wp-json\/wp\/v2\/types\/post"}],"author":[{"embeddable":true,"href":"https:\/\/www.focolare.org\/es\/wp-json\/wp\/v2\/users\/34"}],"replies":[{"embeddable":true,"href":"https:\/\/www.focolare.org\/es\/wp-json\/wp\/v2\/comments?post=348930"}],"version-history":[{"count":0,"href":"https:\/\/www.focolare.org\/es\/wp-json\/wp\/v2\/posts\/348930\/revisions"}],"wp:attachment":[{"href":"https:\/\/www.focolare.org\/es\/wp-json\/wp\/v2\/media?parent=348930"}],"wp:term":[{"taxonomy":"category","embeddable":true,"href":"https:\/\/www.focolare.org\/es\/wp-json\/wp\/v2\/categories?post=348930"},{"taxonomy":"post_tag","embeddable":true,"href":"https:\/\/www.focolare.org\/es\/wp-json\/wp\/v2\/tags?post=348930"}],"curies":[{"name":"wp","href":"https:\/\/api.w.org\/{rel}","templated":true}]}}