{"id":348968,"date":"2012-11-17T06:00:23","date_gmt":"2012-11-17T05:00:23","guid":{"rendered":"https:\/\/www.focolare.org\/netone-encuentro-online-bastan-las-buenas-noticias\/"},"modified":"2024-06-06T12:31:24","modified_gmt":"2024-06-06T10:31:24","slug":"netone-encuentro-online-bastan-las-buenas-noticias","status":"publish","type":"post","link":"https:\/\/www.focolare.org\/es\/netone-encuentro-online-bastan-las-buenas-noticias\/","title":{"rendered":"NetOne, encuentro online: \u00bfbastan las buenas noticias?"},"content":{"rendered":"<p><a title=\"NetOne\" href=\"http:\/\/www.net-one.org\" target=\"_blank\" rel=\"noopener\"><img alt=\"\" alt=\"\" loading=\"lazy\" decoding=\"async\" class=\"size-full wp-image-74382 alignright\" style=\"margin-left: 10px;border: 0px none\" src=\"https:\/\/www.focolare.org\/wp-content\/uploads\/2012\/11\/NetOne.jpg\" alt=\"\" width=\"200\" height=\"60\" \/><\/a><em><strong>\u00bfBastan buenas noticias?<\/strong> Esta fue la tem\u00e1tica central del encuentro on line de\u00a0<a href=\"http:\/\/www.net-one.org\/\" target=\"_blank\" rel=\"noopener\"><strong>NetOne<\/strong><\/a> el viernes 9 de noviembre de 2012, en el que se conectaron 301 puntos en varias naciones. Se pod\u00eda tener acceso desde el portal del sitio: <\/em><a href=\"http:\/\/www.net-one.org\/\">http:\/\/www.net-one.org<\/a>.<\/p>\n<p><strong>NetOne re\u00fane los m\u00e1s diversos profesionales del mundo de los medios y de la comunicaci\u00f3n:<\/strong> periodistas, directores, estudiantes, docentes, fot\u00f3grafos, publicistas\u2026 Su car\u00e1cter internacional y su acercamiento a los temas y problemas del sector consideran que el quehacer, el compromiso personal, as\u00ed como la forma de \u2018pensar\u2019 y de \u2018hablar\u2019 son la expresi\u00f3n concreta de la idea de la fraternidad universal de <a href=\"https:\/\/www.focolare.org\/es\/chiara-lubich\/chi-e-chiara\/\"><strong>Chiara Lubich<\/strong><\/a>, en donde NetOne basa su propia misi\u00f3n: <em>medios por un mundo unido.<\/em><\/p>\n<p><img alt=\"\" alt=\"\" loading=\"lazy\" decoding=\"async\" class=\"alignleft size-full wp-image-74381\" style=\"margin-right: 10px;border: 0px none\" src=\"https:\/\/www.focolare.org\/wp-content\/uploads\/2012\/11\/ValterHugoMuniz.jpg\" alt=\"\" width=\"150\" height=\"189\" \/><strong>La conexi\u00f3n en directo tom\u00f3 como punto de partida un interrogante:<\/strong> \u00bf\u201cbastan las buenas noticias\u201d para responder a las apremiantes preguntas de la sociedad? \u00bfC\u00f3mo interpretar o recuperar el trabajo de los comunicadores en una \u00f3ptica que est\u00e9 al servicio del pr\u00f3jimo? Para que el periodismo (y los periodistas) no tengan \u201cfines puramente comerciales\u201d. A partir de all\u00ed se desarroll\u00f3 el an\u00e1lisis de Valter Hugo Muniz, periodista brasile\u00f1o quien puso en evidencia en qu\u00e9 medida es periodismo deber\u00eda ser consciente de que la noticia tiene que estar sobre todo al servicio de la persona y de la comunidad humana.<\/p>\n<p>En la conexi\u00f3n internet intervinieron tambi\u00e9n: <strong>Paolo Aversano, <\/strong>de B\u00e9lgica, experto en Business Modelling &amp; Smart Cities de la universidad VUB de Bruselas; \u00a0<strong>Emanuela Megli Armenio,<\/strong> de Bari, formadora profesional especializada en comunicaci\u00f3n y <strong>Domenica Calabrese,<\/strong> Presidente de la Asociaci\u00f3n local <a href=\"https:\/\/www.focolare.org\/es\/chiara-lubich\/chi-e-chiara\/igino-giordani\/\" target=\"_blank\" rel=\"noopener\"><strong>Igino Giordani<\/strong><\/a>. Se habl\u00f3 de la mezcla de conocimientos, de las nuevas fronteras concedidas por la Web, de oportunidades como la intercultura y el di\u00e1logo.<\/p>\n<p><strong>Entre los invitados estaba Jos\u00e9 Andr\u00e9s Sardina, arquitecto espa\u00f1ol, quien vivi\u00f3 y trabaj\u00f3 por varios a\u00f1os en Cuba,<\/strong> y ofreci\u00f3 un ejemplo de la parcialidad de la informaci\u00f3n haciendo referencia a la devastaci\u00f3n del hurac\u00e1n Sandy. Mostr\u00f3 algunas im\u00e1genes del desastre y report\u00f3 algunos datos de la Cruz Roja relativos a la ciudad de Santiago: 9 fallecidos, 5.000 casas destruidas, 27.000 personas sin vivienda, m\u00e1s de 100.000 casas afectadas con da\u00f1os estimados en 88 millones de d\u00f3lares.<\/p>\n<p>Sigui\u00f3 la cr\u00f3nica de dos eventos de los Focolares desde la voz de quien los vivi\u00f3: <strong>Jessica Valle<\/strong> del <em>Social communication team<\/em> del\u00a0<strong><a href=\"http:\/\/www.genfest.org\/\" target=\"_blank\" rel=\"noopener\"><strong>Genfest 2012<\/strong><\/a> <\/strong>(manifestaci\u00f3n mundial de j\u00f3venes que tuvo lugar en Budapest) y <strong>Michele Zanzucchi,<\/strong> director de la Revista <a href=\"http:\/\/www.cittanuova.it\/\" target=\"_blank\" rel=\"noopener\"><strong>Citt\u00e0 Nuova<\/strong><\/a>, entre los promotores de\u00a0 <a href=\"http:\/\/www.loppianolab.it\/\" target=\"_blank\" rel=\"noopener\"><strong>LoppianoLab<\/strong><\/a>: un taller para reflexionar sobre Italia y sus desaf\u00edos, para idear proyectos que se afrontan concretamente.<\/p>\n<p><strong>Nedo Pozzi,<\/strong> coordinador de la comisi\u00f3n internacional de NetOne, concluy\u00f3 el encuentro on line recordando la intervenci\u00f3n de<strong> Chiara Lubich<\/strong> en la ONU (mayo 1997), en donde subray\u00f3 la importancia de poner en pr\u00e1ctica el Evangelio.<strong> \u00ab\u00a1Hay que vivir! No ense\u00f1ar, hacer.[\u2026] Intentemos ponernos a amar, tambi\u00e9n aqu\u00ed en la ONU, el uno al otro,<\/strong> un embajador al otro, un funcionario al otro. Veremos qu\u00e9 surge. Deber\u00eda surgir la presencia de Cristo en medio de ustedes. \u00bfY qu\u00e9 significa esto? Estar\u00eda garantizada la paz para ustedes y para tantos\u00bb. Es una invitaci\u00f3n que en su contenido puede ser seguramente recogida por todos los que hacen comunicaci\u00f3n.<\/p>\n<p><em>de Maria Rosa Logozzo <\/em><em>(<\/em>Fuente: <a href=\"http:\/\/www.zenit.org\/index.php?l=italian\" target=\"_blank\" rel=\"noopener\">ZENIT.org<\/a>, 14 de noviembre de 2012)<\/p>\n","protected":false},"excerpt":{"rendered":"<p>El 9 de noviembre pasado se realiz\u00f3 el encuentro online de la asociaci\u00f3n que re\u00fane a los profesionales del mundo de los medios y de la comunicaci\u00f3n. Focus: una correcta informaci\u00f3n al servicio de la persona.<\/p>\n","protected":false},"author":34,"featured_media":0,"comment_status":"open","ping_status":"open","sticky":false,"template":"","format":"standard","meta":{"give_campaign_id":0,"_seopress_robots_primary_cat":"","_seopress_titles_title":"","_seopress_titles_desc":"","_seopress_robots_index":"","_et_pb_use_builder":"","_et_pb_old_content":"","_et_gb_content_width":"","footnotes":""},"categories":[46],"tags":[],"class_list":["post-348968","post","type-post","status-publish","format-standard","hentry","category-sin-categorizar"],"_links":{"self":[{"href":"https:\/\/www.focolare.org\/es\/wp-json\/wp\/v2\/posts\/348968","targetHints":{"allow":["GET"]}}],"collection":[{"href":"https:\/\/www.focolare.org\/es\/wp-json\/wp\/v2\/posts"}],"about":[{"href":"https:\/\/www.focolare.org\/es\/wp-json\/wp\/v2\/types\/post"}],"author":[{"embeddable":true,"href":"https:\/\/www.focolare.org\/es\/wp-json\/wp\/v2\/users\/34"}],"replies":[{"embeddable":true,"href":"https:\/\/www.focolare.org\/es\/wp-json\/wp\/v2\/comments?post=348968"}],"version-history":[{"count":0,"href":"https:\/\/www.focolare.org\/es\/wp-json\/wp\/v2\/posts\/348968\/revisions"}],"wp:attachment":[{"href":"https:\/\/www.focolare.org\/es\/wp-json\/wp\/v2\/media?parent=348968"}],"wp:term":[{"taxonomy":"category","embeddable":true,"href":"https:\/\/www.focolare.org\/es\/wp-json\/wp\/v2\/categories?post=348968"},{"taxonomy":"post_tag","embeddable":true,"href":"https:\/\/www.focolare.org\/es\/wp-json\/wp\/v2\/tags?post=348968"}],"curies":[{"name":"wp","href":"https:\/\/api.w.org\/{rel}","templated":true}]}}