{"id":348982,"date":"2012-11-24T04:30:20","date_gmt":"2012-11-24T03:30:20","guid":{"rendered":"https:\/\/www.focolare.org\/congo-desafios-de-la-nueva-evangelizacion\/"},"modified":"2024-06-06T12:31:26","modified_gmt":"2024-06-06T10:31:26","slug":"congo-desafios-de-la-nueva-evangelizacion","status":"publish","type":"post","link":"https:\/\/www.focolare.org\/es\/congo-desafios-de-la-nueva-evangelizacion\/","title":{"rendered":"Congo, desaf\u00edos de la nueva evangelizaci\u00f3n"},"content":{"rendered":"<p><img alt=\"\" alt=\"\" loading=\"lazy\" decoding=\"async\" class=\"alignright  wp-image-74769\" style=\"margin-left: 10px;border: 0pt none\" src=\"https:\/\/www.focolare.org\/wp-content\/uploads\/2012\/11\/20111125-04.jpg\" alt=\"\" width=\"269\" height=\"201\" \/><strong>La contribuci\u00f3n femenina en el reciente S\u00ednodo <\/strong>para la nueva evangelizaci\u00f3n (del 7 al 28 de octubre) se expres\u00f3 tambi\u00e9n a trav\u00e9s de la voz de la profesora Ernestine Sikujua Kinyabuuma <a href=\"https:\/\/www.focolare.org\/es\/focolare-worldwide\/africa\/repubblica-democratica-del-congo\/\"><strong>de Congo<\/strong><\/a>. Perteneciente al\u00a0 Movimiento de los Focolares, la docente africana pone en evidencia la importancia de la nueva evangelizaci\u00f3n en Africa, donde la fe est\u00e1 viva pero a\u00fan es muy joven, necesitada de consolidaci\u00f3n. \u00abEn el mundo africano \u2013explica- el hombre est\u00e1 dividido. En \u00e9l act\u00faan dos fuerzas a menudo irreconciliables: la cultura tradicional y la religi\u00f3n. Otro fen\u00f3meno es la proliferaci\u00f3n de las llamadas \u201ciglesias nuevas\u201d que presentan \u00a0un evangelio de prosperidad que promete \u00e9xito. No se sabe\u00a0 discernir cu\u00e1les son los valores del cristianismo y la influencia del mundo occidental. El hombre africano est\u00e1 en la b\u00fasqueda de la relaci\u00f3n con Dios, pero con insuficiente base catequ\u00edstica que lo lleva a buscar otra fuerza superior que le d\u00e9 protecci\u00f3n, prosperidad\u00bb.<\/p>\n<p><strong>Ernestine<\/strong> es profesora, constantemente en contacto con los estudiantes. En su intervenci\u00f3n en el S\u00ednodo dijo que se daba cuenta que los j\u00f3venes, a pesar de que vivan sumergidos en la cultura de \u201clo f\u00e1cil\u201d, est\u00e1n en b\u00fasqueda de un gran ideal y\u00a0 de una vida radical basada en el Evangelio. Present\u00f3 algunas experiencias de los<a href=\"https:\/\/www.focolare.org\/es\/movimento-dei-focolari\/un-popolo\/giovani-per-un-mondo-unito\/\"><strong> j\u00f3venes de los Focolares<\/strong><\/a> que testimonian la vida cotidiana basada en la <a href=\"https:\/\/www.focolare.org\/es\/chiara-lubich\/spiritualita-dellunita\/la-parola\/\"><strong>Palabra de Dios vivida<\/strong><\/a> Muchos no quedan indiferentes y se vinculan con los valores cristianos.<\/p>\n<p><img alt=\"\" alt=\"\" loading=\"lazy\" decoding=\"async\" class=\" wp-image-74780 alignleft\" style=\"margin-right: 10px;border: 0px none\" src=\"https:\/\/www.focolare.org\/wp-content\/uploads\/2012\/11\/20111125-05.jpg\" alt=\"\" width=\"314\" height=\"211\" \/><\/p>\n<p>\u00abEn medio de los cambios a causa de la globalizaci\u00f3n, Africa atraviesa una crisis en todos los planos: pol\u00edtico, econ\u00f3mico y cultural. Por esto, en la b\u00fasqueda de una salida, las personas reaccionan de forma variada\u00bb -explic\u00f3 en su intervenci\u00f3n contando algunas experiencias realizadas con la comunidad local de los Focolares, que est\u00e1n iluminadas por el deseo de vivir la frase de Jes\u00fas \u201ccualquier cosa hayan hecho a uno de estos hermanos m\u00edos mas peque\u00f1os, a mi me lo hicieron\u201d (Mt 25, 40). Juntos realizaron la <strong>restructuraci\u00f3n de tres bloques de dormitorios en la prisi\u00f3n central de Lubumbashi<\/strong> con la ayuda de una ONG internacional, la construcci\u00f3n de un taller de sastrer\u00eda de forma que los presos aprendan \u00a0un oficio y un negocio donde se venden alimentos y art\u00edculos de primera necesidad a bajo precio para favorecer la supervivencia de muchos presos y para combatir la inflaci\u00f3n.<\/p>\n<p><strong>En una entrevista realizada en la radio italiana<\/strong> <strong><span style=\"text-decoration: underline\"><strong> <a href=\"https:\/\/www.focolare.org\/area-press-focus\/es\/news\/2012\/10\/31\/intervista-a-ernestine-kinyabuuma-uditrice-al-sinodo\/\" target=\"_blank\" rel=\"noopener\">Inblu<\/a><\/strong>, <\/span><\/strong>agregaba: \u00abEl S\u00ednodo fue una experiencia nueva, rica y hermosa, porque me hizo entrar en el coraz\u00f3n de la iglesia\u00bb. Y a la pregunta: \u201c\u00bfPor qu\u00e9 la nueva evangelizaci\u00f3n es un desaf\u00edo que mira tambi\u00e9n a Africa y, en especial, a su Pa\u00eds, la Rep\u00fablica Democr\u00e1tica del Congo?\u201d, Ernestine responde: \u00abEn Europa hubo 2000 a\u00f1os de evangelizaci\u00f3n, en Africa, como m\u00e1ximo, 2 siglos. Por ejemplo en el mundo cient\u00edfico, donde yo trabajo, se siente mucho el hecho de que el hombre ingresa en la iglesia, pero luego\u00a0 sale y va a buscar las \u201cfuerzas sobrenaturales\u201d para tener m\u00e1s \u00e9xito en el trabajo, para ser m\u00e1s inteligente\u2026 Por lo tanto para nosotros el mensaje de la nueva evangelizaci\u00f3n es muy importante para que se comprenda \u00a0que en Jes\u00fas se encuentran todas las respuestas que el hombre espera. Pero existe este dualismo: rezan,\u00a0 buscan una relaci\u00f3n personal con Dios, pero luego Lo van a buscar en otros lados. Nuestro cardenal present\u00f3 la nueva evangelizaci\u00f3n explicando que se precisa la inculturaci\u00f3n del pueblo porque <strong>si nuestras culturas reciben el Evangelio que las ilumina, comprenderemos que all\u00ed est\u00e1n todas las respuestas y que no hay que buscarlas en otros lados\u201d<\/strong><\/p>\n<p><strong>\u00a0<\/strong><\/p>\n<p><strong>\u00a0<\/strong><\/p>\n","protected":false},"excerpt":{"rendered":"<p>Entre las auditoras del reciente S\u00ednodo de obispos, Ernestine Sikujua Kinyabuuma, congolesa, docente del instituto universitario Maria Malkia de Lubumbashi. Perspectivas africanas.<\/p>\n","protected":false},"author":34,"featured_media":0,"comment_status":"open","ping_status":"open","sticky":false,"template":"","format":"standard","meta":{"give_campaign_id":0,"_seopress_robots_primary_cat":"","_seopress_titles_title":"","_seopress_titles_desc":"","_seopress_robots_index":"","_et_pb_use_builder":"","_et_pb_old_content":"","_et_gb_content_width":"","footnotes":""},"categories":[904],"tags":[],"class_list":["post-348982","post","type-post","status-publish","format-standard","hentry","category-focolare-worldwide-2-2"],"_links":{"self":[{"href":"https:\/\/www.focolare.org\/es\/wp-json\/wp\/v2\/posts\/348982","targetHints":{"allow":["GET"]}}],"collection":[{"href":"https:\/\/www.focolare.org\/es\/wp-json\/wp\/v2\/posts"}],"about":[{"href":"https:\/\/www.focolare.org\/es\/wp-json\/wp\/v2\/types\/post"}],"author":[{"embeddable":true,"href":"https:\/\/www.focolare.org\/es\/wp-json\/wp\/v2\/users\/34"}],"replies":[{"embeddable":true,"href":"https:\/\/www.focolare.org\/es\/wp-json\/wp\/v2\/comments?post=348982"}],"version-history":[{"count":0,"href":"https:\/\/www.focolare.org\/es\/wp-json\/wp\/v2\/posts\/348982\/revisions"}],"wp:attachment":[{"href":"https:\/\/www.focolare.org\/es\/wp-json\/wp\/v2\/media?parent=348982"}],"wp:term":[{"taxonomy":"category","embeddable":true,"href":"https:\/\/www.focolare.org\/es\/wp-json\/wp\/v2\/categories?post=348982"},{"taxonomy":"post_tag","embeddable":true,"href":"https:\/\/www.focolare.org\/es\/wp-json\/wp\/v2\/tags?post=348982"}],"curies":[{"name":"wp","href":"https:\/\/api.w.org\/{rel}","templated":true}]}}