{"id":349006,"date":"2012-12-05T06:13:36","date_gmt":"2012-12-05T05:13:36","guid":{"rendered":"https:\/\/www.focolare.org\/estambul-la-iglesia-de-roma-y-de-constantinopla-festejan-juntas\/"},"modified":"2024-06-06T12:31:32","modified_gmt":"2024-06-06T10:31:32","slug":"estambul-la-iglesia-de-roma-y-de-constantinopla-festejan-juntas","status":"publish","type":"post","link":"https:\/\/www.focolare.org\/es\/estambul-la-iglesia-de-roma-y-de-constantinopla-festejan-juntas\/","title":{"rendered":"Estambul, la Iglesia de Roma y de Constantinopla festejan juntas"},"content":{"rendered":"<p><a href=\"https:\/\/www.focolare.org\/wp-content\/uploads\/2012\/12\/20121204-01.jpg\"><img alt=\"\" alt=\"\" loading=\"lazy\" decoding=\"async\" class=\"wp-image-75435 alignleft\" style=\"margin-right: 10px;border: 0px none\" src=\"https:\/\/www.focolare.org\/wp-content\/uploads\/2012\/12\/20121204-01.jpg\" alt=\"\" width=\"358\" height=\"238\" \/><\/a><strong>Fue una jornada de fiesta, la que se vivi\u00f3 el 30 de noviembre en la Bas\u00edlica patriarcal del Fanar, en Estambul,<\/strong> por la celebraci\u00f3n solemne de San Andr\u00e9s ap\u00f3stol, Patr\u00f3n del Patriarcado Ecum\u00e9nico de Constantinopla.<\/p>\n<p><strong>\u00abEl intercambio de Delegaciones entre la Iglesia de Roma y la Iglesia de Constantinopla, [\u2026] testimonia de forma concreta el cercano v\u00ednculo fraterno que nos une<\/strong>. Es una comuni\u00f3n profunda y real, si bien todav\u00eda imperfecta, que se fundamenta no sobre razones humanas de cortes\u00eda y de conveniencia, sino sobre la fe com\u00fan en el Se\u00f1or Jesucristo\u00bb. Es cuanto <strong>escribe en su mensaje el Papa Benedicto XVI a Su Santidad Bartolom\u00e9 I,<\/strong> evidenciando que la plena comuni\u00f3n es un don de Dios y asegura al Patriarca su unidad de oraci\u00f3n y la de todos los fieles cat\u00f3licos.<\/p>\n<p><strong>El Cardenal Kurt Koch,<\/strong> Presidente del Pontificio Consejo para la Promoci\u00f3n de la Unidad de los Cristianos, fue quien gui\u00f3 este a\u00f1o la delegaci\u00f3n de la Santa Sede.<\/p>\n<p>El Patriarca, en su discurso, manifest\u00f3 la importancia de ir adelante como hermanos hacia Cristo, dando los lineamientos para el tipo de camino ecum\u00e9nico hoy.<\/p>\n<p>Su mensaje no es ni simplista ni tampoco optimista, sino que invita a mirar el camino que hay que recorrer en el presente, leyendo con realismo el pasado y encontrando sinceramente los medios para acercarse. En esta empresa indica como camino principal \u201cel di\u00e1logo\u201d que considera el m\u00e9todo por excelencia, para que desaparezcan los temores, las sospechas, los prejuicios y que tiene como fin \u00abla comuni\u00f3n eucar\u00edstica a la que aspiramos todos\u00bb Un di\u00e1logo que facilite la comprensi\u00f3n rec\u00edproca de forma de \u201cacceder a la verdad completa\u201d (Jn 16, 13)<\/p>\n<p>No falta un llamado a ser \u00absamaritanos\u00bb, estando cerca de la humanidad que sufre hoy de varios modos por culpa de muchas \u00abcrisis\u00bb. Estar cercanos, juntos, para llevar unidos el anuncio de la potencia y de la misericordia del Se\u00f1or.<\/p>\n<p>Despu\u00e9s de haber recordado la emoci\u00f3n a\u00fan viva por su asistencia a las celebraciones del 50\u00ba aniversario del Concilio Vaticano II que abri\u00f3 nuevos caminos, y el futuro aniversario de los 1700 a\u00f1os del Edicto de Mil\u00e1n, anunci\u00f3 con alegr\u00eda que las labores de la preparaci\u00f3n del Concilio Panortodoxo est\u00e1n culminando.<\/p>\n<p><a href=\"https:\/\/www.focolare.org\/wp-content\/uploads\/2012\/12\/20121204-02.jpg\"><img alt=\"\" alt=\"\" loading=\"lazy\" decoding=\"async\" class=\"alignright  wp-image-75436\" style=\"margin-left: 10px;border: 0px none\" src=\"https:\/\/www.focolare.org\/wp-content\/uploads\/2012\/12\/20121204-02.jpg\" alt=\"\" width=\"358\" height=\"238\" \/><\/a>El s\u00e1bado de ma\u00f1ana, 1\u00ba de diciembre, el Cardenal Koch, junto con el Metropolita Gennadios de Sassima, se encontraron con algunos representantes de la comunidad cat\u00f3lica local y conversaron amenamente sobre el camino ecum\u00e9nico entre las dos Iglesias hermanas, lanzando desaf\u00edos y perspectivas en el recorrido hacia la plena unidad, a 50 a\u00f1os de distancia del Concilio Vaticano II<\/p>\n<p>En la conversaci\u00f3n que se produjo, el Metropolita Gennadios hizo notar c\u00f3mo las prioridades sociales, consecuencia de la crisis, pusieron en segundo plano la importancia del di\u00e1logo ecum\u00e9nico. Su experiencia de veinte a\u00f1os en la comisi\u00f3n teol\u00f3gica mixta, \u00a0en cambio, le hace entrever un impulso renovado para encontrar juntos soluciones\u00a0 y dar as\u00ed un com\u00fan testimonio de vida.<\/p>\n<p>El Cardenal Koch, record\u00f3 la imagen de un cuadro que representa el abrazo entre Pedro y Andr\u00e9s, que se destaca en la sala del Pontificio Consejo para la Promoci\u00f3n de la Unidad de los Cristianos, subrayando que el abrazo entre ambos es se\u00f1al de Su presencia. Concluy\u00f3 invitando a rezar por la unidad, recordando que Jes\u00fas no la orden\u00f3, sino que se la pidi\u00f3 al Padre como un don.<\/p>\n","protected":false},"excerpt":{"rendered":"<p>Como ya es costumbre, el 29 de junio en Roma (S. Pedro y S. Pablo) y el 30 de noviembre en Estambul (San Andr\u00e9s), se produce un intercambio entre las dos Iglesias hermanas.<\/p>\n","protected":false},"author":34,"featured_media":0,"comment_status":"open","ping_status":"open","sticky":false,"template":"","format":"standard","meta":{"give_campaign_id":0,"_seopress_robots_primary_cat":"","_seopress_titles_title":"","_seopress_titles_desc":"","_seopress_robots_index":"","_et_pb_use_builder":"","_et_pb_old_content":"","_et_gb_content_width":"","footnotes":""},"categories":[904],"tags":[],"class_list":["post-349006","post","type-post","status-publish","format-standard","hentry","category-focolare-worldwide-2-2"],"_links":{"self":[{"href":"https:\/\/www.focolare.org\/es\/wp-json\/wp\/v2\/posts\/349006","targetHints":{"allow":["GET"]}}],"collection":[{"href":"https:\/\/www.focolare.org\/es\/wp-json\/wp\/v2\/posts"}],"about":[{"href":"https:\/\/www.focolare.org\/es\/wp-json\/wp\/v2\/types\/post"}],"author":[{"embeddable":true,"href":"https:\/\/www.focolare.org\/es\/wp-json\/wp\/v2\/users\/34"}],"replies":[{"embeddable":true,"href":"https:\/\/www.focolare.org\/es\/wp-json\/wp\/v2\/comments?post=349006"}],"version-history":[{"count":0,"href":"https:\/\/www.focolare.org\/es\/wp-json\/wp\/v2\/posts\/349006\/revisions"}],"wp:attachment":[{"href":"https:\/\/www.focolare.org\/es\/wp-json\/wp\/v2\/media?parent=349006"}],"wp:term":[{"taxonomy":"category","embeddable":true,"href":"https:\/\/www.focolare.org\/es\/wp-json\/wp\/v2\/categories?post=349006"},{"taxonomy":"post_tag","embeddable":true,"href":"https:\/\/www.focolare.org\/es\/wp-json\/wp\/v2\/tags?post=349006"}],"curies":[{"name":"wp","href":"https:\/\/api.w.org\/{rel}","templated":true}]}}