{"id":349012,"date":"2012-12-08T05:50:22","date_gmt":"2012-12-08T04:50:22","guid":{"rendered":"https:\/\/www.focolare.org\/maria-en-la-experiencia-del-movimiento-de-los-focolares\/"},"modified":"2024-06-06T12:31:33","modified_gmt":"2024-06-06T10:31:33","slug":"maria-en-la-experiencia-del-movimiento-de-los-focolares","status":"publish","type":"post","link":"https:\/\/www.focolare.org\/es\/maria-en-la-experiencia-del-movimiento-de-los-focolares\/","title":{"rendered":"Mar\u00eda en la experiencia del Movimiento de los Focolares"},"content":{"rendered":"<div id=\"attachment_75654\" style=\"width: 261px\" class=\"wp-caption alignleft\"><a href=\"http:\/\/vimeo.com\/55005230\"><img alt=\"\" alt=\"\" loading=\"lazy\" decoding=\"async\" aria-describedby=\"caption-attachment-75654\" class=\"wp-image-75654     \" style=\"margin-right: 10px;border: 0px none\" src=\"https:\/\/www.focolare.org\/wp-content\/uploads\/2012\/12\/20121207-01.jpg\" alt=\"\" width=\"251\" height=\"187\" \/><\/a><p id=\"caption-attachment-75654\" class=\"wp-caption-text\">VIDEO EN ITALIANO: Chiara Lubich &#8211; \u00abMar\u00eda en la experiencia del Movimiento de los Focolares\u00bb.<\/p><\/div>\n<p>Se\u00f1ores Cardenales y Se\u00f1ores Obispos <strong>el punto fundamental de nuestra <a href=\"https:\/\/www.focolare.org\/es\/chiara-lubich\/spiritualita-dellunita\/\">espiritualidad<\/a> <\/strong>que me han invitado a presentar este a\u00f1o <strong>es <a href=\"https:\/\/www.focolare.org\/es\/chiara-lubich\/spiritualita-dellunita\/maria\/\">Mar\u00eda<\/a>.<\/strong><\/p>\n<p>No me dispongo, pues, a hablar de Mar\u00eda como tendr\u00eda que hacerse de la creatura m\u00e1s excelsa del mundo: \u00e9sta es una tarea tan extensa y que exige un empe\u00f1o tal, que s\u00f3lo la Iglesia la puede llevar a cabo a trav\u00e9s de los siglos. Por mi parte, s\u00f3lo <strong>expondr\u00e9 brevemente cuanto,<\/strong> <strong>con el esp\u00edritu del <a href=\"https:\/\/www.focolare.org\/es\/movimento-dei-focolari\/\">Movimiento<\/a>, comprendimos sobre Mar\u00eda,<\/strong> sobre aquellas riquezas suyas que se han puesto m\u00e1s en evidencia durante nuestra historia.<\/p>\n<p>Considerar\u00e9, por lo tanto, el tema: \u00ab<em>Mar\u00eda en la experiencia del Movimiento de los Focolares\u00bb<\/em>.<\/p>\n<p>Mar\u00eda estuvo presente desde los albores del Movimiento e incluso antes de que iniciase a existir oficialmente.<\/p>\n<p>Muchos de ustedes saben que la primera intuici\u00f3n de lo que iba a nacer &#8211; era en el lejano 1939 &#8211; se tuvo en la casa de la Virgen, en Loreto, Italia. Fue all\u00ed donde comprend\u00ed que el Se\u00f1or hab\u00eda preparado un camino nuevo &#8211; que nosotros hemos llamado \u00abcuarto camino\u00bb &#8211; para una nueva familia espiritual en la Iglesia: <a href=\"https:\/\/www.focolare.org\/es\/movimento-dei-focolari\/scelte-e-impegno\/focolarini\/\">los focolarinos<\/a>. Fue en aquel lugar donde intu\u00ed que una multitud de v\u00edrgenes seguir\u00eda este camino.<\/p>\n<p>Si, Mar\u00eda, ya en Loreto, con su silenciosa presencia, estaba esperando a todos aquellos que la seguir\u00edan en su Obra.<\/p>\n<p>(<a href=\"http:\/\/www.centrochiaralubich.org\/es\/documentos\/textos\/147-scritto-es\/1048-maria-en-la-experiencia-del-movimiento-de-los-focolares-primeras-intuiciones.html\" target=\"_blank\" rel=\"noopener\">Texto<\/a>)<\/p>\n","protected":false},"excerpt":{"rendered":"<p>Cuando la Iglesia cat\u00f3lica celebra la fiesta de Mar\u00eda Inmaculada (8 diciembre), proponemos una conversaci\u00f3n que<br \/>\nChiara Lubich realiz\u00f3 en Castel Gandolfo el 16 de febrero de 1987, a un grupo de cardenales y obispos<\/p>\n","protected":false},"author":27,"featured_media":0,"comment_status":"open","ping_status":"open","sticky":false,"template":"","format":"standard","meta":{"give_campaign_id":0,"_seopress_robots_primary_cat":"","_seopress_titles_title":"","_seopress_titles_desc":"","_seopress_robots_index":"","_et_pb_use_builder":"","_et_pb_old_content":"","_et_gb_content_width":"","footnotes":""},"categories":[46],"tags":[],"class_list":["post-349012","post","type-post","status-publish","format-standard","hentry","category-sin-categorizar"],"_links":{"self":[{"href":"https:\/\/www.focolare.org\/es\/wp-json\/wp\/v2\/posts\/349012","targetHints":{"allow":["GET"]}}],"collection":[{"href":"https:\/\/www.focolare.org\/es\/wp-json\/wp\/v2\/posts"}],"about":[{"href":"https:\/\/www.focolare.org\/es\/wp-json\/wp\/v2\/types\/post"}],"author":[{"embeddable":true,"href":"https:\/\/www.focolare.org\/es\/wp-json\/wp\/v2\/users\/27"}],"replies":[{"embeddable":true,"href":"https:\/\/www.focolare.org\/es\/wp-json\/wp\/v2\/comments?post=349012"}],"version-history":[{"count":0,"href":"https:\/\/www.focolare.org\/es\/wp-json\/wp\/v2\/posts\/349012\/revisions"}],"wp:attachment":[{"href":"https:\/\/www.focolare.org\/es\/wp-json\/wp\/v2\/media?parent=349012"}],"wp:term":[{"taxonomy":"category","embeddable":true,"href":"https:\/\/www.focolare.org\/es\/wp-json\/wp\/v2\/categories?post=349012"},{"taxonomy":"post_tag","embeddable":true,"href":"https:\/\/www.focolare.org\/es\/wp-json\/wp\/v2\/tags?post=349012"}],"curies":[{"name":"wp","href":"https:\/\/api.w.org\/{rel}","templated":true}]}}