{"id":349026,"date":"2012-12-13T07:44:24","date_gmt":"2012-12-13T06:44:24","guid":{"rendered":"https:\/\/www.focolare.org\/brasil-el-senado-federal-recuerda-la-fundacion-de-los-focolares\/"},"modified":"2024-06-06T12:31:36","modified_gmt":"2024-06-06T10:31:36","slug":"brasil-el-senado-federal-recuerda-la-fundacion-de-los-focolares","status":"publish","type":"post","link":"https:\/\/www.focolare.org\/es\/brasil-el-senado-federal-recuerda-la-fundacion-de-los-focolares\/","title":{"rendered":"Brasil: el Senado Federal recuerda la fundaci\u00f3n de los Focolares"},"content":{"rendered":"<p><a href=\"https:\/\/www.focolare.org\/wp-content\/uploads\/2012\/12\/20121213-02.jpg\"><img alt=\"\" alt=\"\" loading=\"lazy\" decoding=\"async\" class=\"alignright  wp-image-75975\" style=\"margin-left: 10px;border: 0px\" src=\"https:\/\/www.focolare.org\/wp-content\/uploads\/2012\/12\/20121213-02.jpg\" alt=\"\" width=\"358\" height=\"215\" \/><\/a> El 7 de diciembre de 1943, Chiara Lubich no ten\u00eda en su coraz\u00f3n ninguna intenci\u00f3n de fundar un Movimiento. Simplemente se \u201ccasaba con Dios\u201d, se consagraba a \u00e9l y esto era todo para ella. S\u00f3lo m\u00e1s tarde se le atribuy\u00f3 a esa fecha el inicio simb\u00f3lico del <a href=\"https:\/\/www.focolare.org\/es\/movimento-dei-focolari\/\" target=\"_blank\" rel=\"noopener\">Movimiento de los Focolares.<\/a> En todo caso, como escribe Chiara m\u00e1s tarde, ese d\u00eda \u201cla alegr\u00eda interior era inexplicable, secreta, pero contagiosa\u201d .<\/p>\n<p>En <a href=\"https:\/\/www.focolare.org\/es\/focolare-worldwide\/america-sud\/brasile\/\">Brasilia<\/a>, el 7 de diciembre pasado, el Senado Federal reunido en sesi\u00f3n plenaria, quiso recordar, con <a href=\"http:\/\/www.senado.gov.br\/noticias\/tv\/videos\/cod_midia_211428.flv\">una<\/a><strong><strong><a href=\"http:\/\/www.senado.gov.br\/noticias\/tv\/videos\/cod_midia_211428.flv\"> ceremonia solemne<\/a><\/strong>,<\/strong> esa fecha y a la fundadora de los Focolares <a href=\"https:\/\/www.focolare.org\/es\/chiara-lubich\/\">Chiara Lubich<\/a>. Estaban presentes grandes personalidades de la pol\u00edtica brasile\u00f1a.<\/p>\n<p>Presidida por el senador Wellington Dias, la sesi\u00f3n solemne tuvo lugar en el Aula del Senado, y cont\u00f3 con la participaci\u00f3n de Luiza Erundina ,\u00a0 miembro del Congreso, con el senador Pedro Simon,\u00a0 el diputado por el Estado Amazonas, Jos\u00e9 Ricardo Wendling, el juez federal, Reinaldo Fonseca y el Secretario de Justicia y Derechos Humanos del Estado de Acre, Nilson Mourao. Monse\u00f1or Marcony, p\u00e1rroco de la Catedral de Brasilia trajo su saludo.<\/p>\n<div id=\"attachment_75974\" style=\"width: 324px\" class=\"wp-caption alignleft\"><a href=\"https:\/\/www.focolare.org\/wp-content\/uploads\/2012\/12\/20121213-01.jpg\"><img alt=\"\" alt=\"\" loading=\"lazy\" decoding=\"async\" aria-describedby=\"caption-attachment-75974\" class=\"wp-image-75974 \" style=\"margin-right: 10px;border: 0px\" src=\"https:\/\/www.focolare.org\/wp-content\/uploads\/2012\/12\/20121213-01.jpg\" alt=\"\" width=\"314\" height=\"209\" \/><\/a><p id=\"caption-attachment-75974\" class=\"wp-caption-text\">Diputada Luiza Erundina (PSB-SP)<\/p><\/div>\n<p><strong><a href=\"http:\/\/www.senado.gov.br\/noticias\/tv\/default.asp?IND_ACESSO=S&amp;cod_midia=211328&amp;cod_video=205886\" target=\"_blank\" rel=\"noopener\">Guliana Fonseca<\/a>, a nombre de los Focolares, <\/strong><strong>ley\u00f3 el <strong><a href=\"https:\/\/www.focolare.org\/wp-content\/uploads\/2012\/12\/Parlamento-brasiliano-20121.pdf\">mensaje<\/a><\/strong> de la Presidente del Movimiento<\/strong>, <a href=\"https:\/\/www.focolare.org\/es\/news\/2011\/01\/20\/maria-voce\/\" target=\"_blank\" rel=\"noopener\">Maria Voce<\/a>, donde agradec\u00eda a \u00ab<em>cuantos han promovido, sostenido y concretado la iniciativa\u201d. <\/em>Mencion\u00f3, entre las distintas realizaciones del Movimiento en Brasil, las tres ciudadelas de testimonio y, en modo especial, el proyecto de la Econom\u00eda de Comuni\u00f3n (<a href=\"http:\/\/www.edc-online.org\/\" target=\"_blank\" rel=\"noopener\">EDC<\/a>) \u00ab<em>nacido en 1991, precisamente en el contexto social brasile\u00f1o y que ya se est\u00e1 afirmando en otras partes del mundo<\/em>\u00ab.<\/p>\n<p>Concluy\u00f3 el mensaje diciendo:<em> \u00abAprovecho la ocasi\u00f3n<em> para renovar el compromiso de colaborar con tantos \u2018hombres y mujeres de buena voluntad\u2019, para que la sociedad se oriente hacia fuertes valores \u00e9ticos, como la justicia, la igualdad, la libertad, la solidaridad, el bien com\u00fan, la paz (\u2026) Para la construcci\u00f3n de una civilizaci\u00f3n que apunta a hacer de la humanidad una gran familia, en el pleno respeto de las culturas y tradiciones religiosas\u201d.<\/em><\/em><\/p>\n<p>Tambi\u00e9n tomaron la palabra Sergio Previdi, presidente del Movimiento Pol\u00edtico por la Unidad brasile\u00f1o (<a href=\"https:\/\/www.focolare.org\/it\/in-dialogo\/cultura\/politica\/\">MPPU<\/a>) ,\u00a0 y Andr\u00e9 Rodrigues Pereira, quien a nombre de los j\u00f3venes de los Focolares present\u00f3 el \u201c<a href=\"https:\/\/www.focolare.org\/it\/news\/2012\/10\/27\/united-world-project-2\/\">United World Project<\/a>\u201d lanzado en el <a href=\"http:\/\/www.genfest.org\/\" target=\"_blank\" rel=\"noopener\">Genfest 2012<\/a>.<\/p>\n<p>Fuente \/ galer\u00eda fotogr\u00e1fica: <a href=\"http:\/\/www.focolares.org.br\/\">www.focolares.org.br<\/a><\/p>\n","protected":false},"excerpt":{"rendered":"<p>Ceremonia solemne el 7 de diciembre de 2012, en el Senado reunido en plenaria, con intervenciones de personalidades de la pol\u00edtica del pa\u00eds, para conmemorar el 69\u00b0 del Movimiento.<\/p>\n","protected":false},"author":27,"featured_media":0,"comment_status":"open","ping_status":"open","sticky":false,"template":"","format":"standard","meta":{"give_campaign_id":0,"_seopress_robots_primary_cat":"","_seopress_titles_title":"","_seopress_titles_desc":"","_seopress_robots_index":"","_et_pb_use_builder":"","_et_pb_old_content":"","_et_gb_content_width":"","footnotes":""},"categories":[46],"tags":[],"class_list":["post-349026","post","type-post","status-publish","format-standard","hentry","category-sin-categorizar"],"_links":{"self":[{"href":"https:\/\/www.focolare.org\/es\/wp-json\/wp\/v2\/posts\/349026","targetHints":{"allow":["GET"]}}],"collection":[{"href":"https:\/\/www.focolare.org\/es\/wp-json\/wp\/v2\/posts"}],"about":[{"href":"https:\/\/www.focolare.org\/es\/wp-json\/wp\/v2\/types\/post"}],"author":[{"embeddable":true,"href":"https:\/\/www.focolare.org\/es\/wp-json\/wp\/v2\/users\/27"}],"replies":[{"embeddable":true,"href":"https:\/\/www.focolare.org\/es\/wp-json\/wp\/v2\/comments?post=349026"}],"version-history":[{"count":0,"href":"https:\/\/www.focolare.org\/es\/wp-json\/wp\/v2\/posts\/349026\/revisions"}],"wp:attachment":[{"href":"https:\/\/www.focolare.org\/es\/wp-json\/wp\/v2\/media?parent=349026"}],"wp:term":[{"taxonomy":"category","embeddable":true,"href":"https:\/\/www.focolare.org\/es\/wp-json\/wp\/v2\/categories?post=349026"},{"taxonomy":"post_tag","embeddable":true,"href":"https:\/\/www.focolare.org\/es\/wp-json\/wp\/v2\/tags?post=349026"}],"curies":[{"name":"wp","href":"https:\/\/api.w.org\/{rel}","templated":true}]}}