{"id":349034,"date":"2012-12-18T08:30:04","date_gmt":"2012-12-18T07:30:04","guid":{"rendered":"https:\/\/www.focolare.org\/premio-a-los-jovenes-por-un-mundo-unido-de-hungria\/"},"modified":"2024-06-06T12:31:37","modified_gmt":"2024-06-06T10:31:37","slug":"premio-a-los-jovenes-por-un-mundo-unido-de-hungria","status":"publish","type":"post","link":"https:\/\/www.focolare.org\/es\/premio-a-los-jovenes-por-un-mundo-unido-de-hungria\/","title":{"rendered":"Premio a los J\u00f3venes por un Mundo Unido de Hungr\u00eda"},"content":{"rendered":"<p><a href=\"https:\/\/www.focolare.org\/wp-content\/uploads\/2012\/12\/20121218-02.jpg\"><img alt=\"\" alt=\"\" loading=\"lazy\" decoding=\"async\" class=\"alignleft  wp-image-76194\" style=\"margin-right: 10px;border: 0px none\" src=\"https:\/\/www.focolare.org\/wp-content\/uploads\/2012\/12\/20121218-02.jpg\" alt=\"\" width=\"384\" height=\"253\" \/><\/a>No es algo que ocurra todos los d\u00edas el tener que ingresar a un ministerio para recibir un reconocimiento oficial. As\u00ed le sucedi\u00f3 a los <a href=\"https:\/\/www.focolare.org\/es\/movimento-dei-focolari\/un-popolo\/giovani-per-un-mondo-unito\/\"><strong>J\u00f3venes por un Mundo Unido<\/strong> <\/a>(JMU) de <a href=\"https:\/\/www.focolare.org\/es\/focolare-worldwide\/europa\/ungheria\/\">Hungr\u00eda<\/a>, que durante m\u00e1s de un a\u00f1o trabajaron duro en su Pa\u00eds, para la realizaci\u00f3n del <a href=\"http:\/\/www.genfest.org\/\" target=\"_blank\" rel=\"noopener\">Genfest<\/a>, el gran evento que reuni\u00f3 en la capital h\u00fangara 12.000 j\u00f3venes de todo el planeta, desde el 31 de agosto al 2 de septiembre de 2012. Entre estos, 2.000 eran h\u00fangaros. Rita y Agoston, dos de \u00a0los protagonistas, nos cuentan sobre el premio recibido a fines del mes de noviembre.<\/p>\n<p><strong>\u00bfPor qu\u00e9 este premio? <\/strong>\u00abA principios de octubre el Ministerio de Recursos Humanos h\u00fangaro nos envi\u00f3 un mensaje comunic\u00e1ndonos que, <strong>en reconocimiento a nuestra profesionalidad, <\/strong>demostrada en el Genfest, se le otorgar\u00eda a los J\u00f3venes por un mundo unido de los Focolares un Certificado de m\u00e9rito. Nos quedamos sorprendidos y contentos por esta noticia que se difundi\u00f3 r\u00e1pidamente entre los j\u00f3venes del Movimiento. El ministro, premiaba a la secci\u00f3n juvenil del Movimiento de los Focolares invit\u00e1ndonos a la ceremonia que se desarroll\u00f3 el 20 de noviembre en ocasi\u00f3n de la <a href=\"http:\/\/www.un.org\/es\/events\/childrenday\/\"><strong>D\u00eda\u00a0universal del Ni\u00f1o<\/strong><\/a>\u00bb.<\/p>\n<p><a href=\"https:\/\/www.focolare.org\/wp-content\/uploads\/2012\/12\/20121218-03.jpg\"><img alt=\"\" alt=\"\" loading=\"lazy\" decoding=\"async\" class=\"wp-image-76195 alignright\" style=\"margin-left: 10px;border: 0px none\" src=\"https:\/\/www.focolare.org\/wp-content\/uploads\/2012\/12\/20121218-03.jpg\" alt=\"\" width=\"246\" height=\"165\" \/><\/a>El nombramiento de JMU fue propuesto por una persona del Ministerio, que, junto al subsecretario de Estado para la familia y los j\u00f3venes, <strong>Mikl\u00f3s Solt\u00e9sz<\/strong>, estuvo presente en la apertura del Genfest. \u00abAmbos \u2013 contin\u00faan Rita y Agoston- quedaron impresionados por el dinamismo, el entusiasmo y la experiencia de fraternidad vivida junto a los j\u00f3venes\u00bb.<\/p>\n<p>Es as\u00ed que el 20 de noviembre, una <strong>delegaci\u00f3n formada por 5 j\u00f3venes, <\/strong>en representaci\u00f3n de los Focolares y de los J\u00f3venes por un mundo unido, fueron al Ministerio: \u00abLos premios \u2013 catorce en total- fueron otorgados a organizaciones y a personas que desarrollaron un trabajo especial hacia los ni\u00f1os y hacia los j\u00f3venes. Mikl\u00f3s Solt\u00e9sz, en su discurso subray\u00f3 adem\u00e1s que los premiados son <em>\u201cmodelos\u201d <\/em>\u00a0que, con sus trabajos, poes\u00edas, escritos, formaron y educaron a los ni\u00f1os y, a trav\u00e9s de ellos, hicieron un servicio tambi\u00e9n a los padres, proporcionando apoyo y ayuda en los momentos cr\u00edticos\u00bb<\/p>\n<p><a href=\"https:\/\/www.focolare.org\/wp-content\/uploads\/2012\/12\/20121218-04.jpg\"><img alt=\"\" alt=\"\" loading=\"lazy\" decoding=\"async\" class=\"alignleft  wp-image-76196\" style=\"margin-right: 10px;border: 0px none\" src=\"https:\/\/www.focolare.org\/wp-content\/uploads\/2012\/12\/20121218-04.jpg\" alt=\"\" width=\"384\" height=\"253\" \/><\/a>Seg\u00fan la motivaci\u00f3n oficial, la secci\u00f3n juvenil del Movimiento de los Focolares recibi\u00f3 el premio por haber conducido un evento, como el Genfest, <strong>colectivamente, con eficiencia, profesionalidad y de forma eficaz y ejemplar en el sector de la juventud. <\/strong>Para los JMU, fue una agradable sorpresa: \u00abNos encant\u00f3 \u00a0la palabra \u201ccolectivamente\u201d, porque demuestra que fue comprendida nuestra intenci\u00f3n de construir la fraternidad universal viviendo la <span style=\"text-decoration: underline\">espiritualidad de la unidad<\/span>\u00bb<\/p>\n<p>Son perspectivas que se abren para los j\u00f3venes h\u00fangaros, en el post Genfest, con el <a href=\"http:\/\/www.unitedworldproject.it\/\" target=\"_blank\" rel=\"noopener\">United World Project<\/a>: \u00abDespu\u00e9s de la ceremonia el subsecretario de Estado resalt\u00f3 cu\u00e1n importante era para \u00e9l la experiencia hecha en ese encuentro internacional. Expres\u00f3 tambi\u00e9n <strong>la esperanza de colaborar con nosotros <\/strong>en el futuro para el bien de los j\u00f3venes. Como obsequio, le entregamos un n\u00famero de la Citt\u00e1 Nuova (<a href=\"http:\/\/www.ujvaros.eu\/\" target=\"_blank\" rel=\"noopener\"><strong>\u00daj V\u00e1ros<\/strong><\/a>) que presenta art\u00edculos sobre el Genfest\u00bb<\/p>\n<p>\u00abAhora \u2013 concluyen Rita y Agoston- junto con muchos j\u00f3venes que nos acompa\u00f1aron en estos a\u00f1os en nuestros emprendimientos, continuamos nuestro camino en la construcci\u00f3n de un mundo m\u00e1s unido <strong>\u201cjuntos\u201d<\/strong>, como lo demostr\u00f3 la motivaci\u00f3n oficial del premio\u00bb<\/p>\n","protected":false},"excerpt":{"rendered":"<p>El ministerio de Recursos Humanos de la Rep\u00fablica h\u00fangara reconoce con un Certificado de m\u00e9rito al trabajo desempe\u00f1ado por los j\u00f3venes h\u00fangaros en la realizaci\u00f3n del Genfest en Budapest.<\/p>\n","protected":false},"author":34,"featured_media":0,"comment_status":"open","ping_status":"open","sticky":false,"template":"","format":"standard","meta":{"give_campaign_id":0,"_seopress_robots_primary_cat":"","_seopress_titles_title":"","_seopress_titles_desc":"","_seopress_robots_index":"","_et_pb_use_builder":"","_et_pb_old_content":"","_et_gb_content_width":"","footnotes":""},"categories":[904],"tags":[],"class_list":["post-349034","post","type-post","status-publish","format-standard","hentry","category-focolare-worldwide-2-2"],"_links":{"self":[{"href":"https:\/\/www.focolare.org\/es\/wp-json\/wp\/v2\/posts\/349034","targetHints":{"allow":["GET"]}}],"collection":[{"href":"https:\/\/www.focolare.org\/es\/wp-json\/wp\/v2\/posts"}],"about":[{"href":"https:\/\/www.focolare.org\/es\/wp-json\/wp\/v2\/types\/post"}],"author":[{"embeddable":true,"href":"https:\/\/www.focolare.org\/es\/wp-json\/wp\/v2\/users\/34"}],"replies":[{"embeddable":true,"href":"https:\/\/www.focolare.org\/es\/wp-json\/wp\/v2\/comments?post=349034"}],"version-history":[{"count":0,"href":"https:\/\/www.focolare.org\/es\/wp-json\/wp\/v2\/posts\/349034\/revisions"}],"wp:attachment":[{"href":"https:\/\/www.focolare.org\/es\/wp-json\/wp\/v2\/media?parent=349034"}],"wp:term":[{"taxonomy":"category","embeddable":true,"href":"https:\/\/www.focolare.org\/es\/wp-json\/wp\/v2\/categories?post=349034"},{"taxonomy":"post_tag","embeddable":true,"href":"https:\/\/www.focolare.org\/es\/wp-json\/wp\/v2\/tags?post=349034"}],"curies":[{"name":"wp","href":"https:\/\/api.w.org\/{rel}","templated":true}]}}