{"id":349120,"date":"2013-01-26T07:01:40","date_gmt":"2013-01-26T06:01:40","guid":{"rendered":"https:\/\/www.focolare.org\/maria-voce-en-el-pais-de-los-canguros\/"},"modified":"2024-06-06T12:31:54","modified_gmt":"2024-06-06T10:31:54","slug":"maria-voce-en-el-pais-de-los-canguros","status":"publish","type":"post","link":"https:\/\/www.focolare.org\/es\/maria-voce-en-el-pais-de-los-canguros\/","title":{"rendered":"Maria Voce en el Pa\u00eds de los canguros"},"content":{"rendered":"<p><a href=\"https:\/\/www.focolare.org\/wp-content\/uploads\/2013\/01\/2013-Emmaus-visit-Australia-1-051.jpg\"><img alt=\"\" alt=\"\" loading=\"lazy\" decoding=\"async\" class=\"alignleft  wp-image-78802\" style=\"margin-left: 10px;margin-right: 10px\" src=\"https:\/\/www.focolare.org\/wp-content\/uploads\/2013\/01\/2013-Emmaus-visit-Australia-1-051.jpg\" alt=\"\" width=\"280\" height=\"209\" \/><\/a>Despu\u00e9s de <a href=\"https:\/\/www.focolare.org\/es\/news\/2013\/01\/21\/selamat-datang-benvenuti-2\/\">la visita<\/a> a las comunidades de <a href=\"https:\/\/www.focolare.org\/es\/focolare-worldwide\/asia\/indonesia\/\">Indonesia<\/a>, <a href=\"https:\/\/www.focolare.org\/es\/focolare-worldwide\/asia\/singapore\/\">Singapur <\/a>y <a href=\"https:\/\/www.focolare.org\/es\/focolare-worldwide\/asia\/malesia\/\">Malasia<\/a>, el viaje de Mar\u00eda Voce y Giancarlo Faletti contin\u00faa en Ocean\u00eda.<\/p>\n<p>En la primera etapa que est\u00e1 ya transcurriendo desde el 22 de enero y que se prolongar\u00e1 hasta el 31 de enero, est\u00e1n previstos diversos encuentros en Melbourne: con los focolarinos y las focolarinas que realizan su retiro anual; con todas las personas cercanas a los Focolares de Australia e Islas circundantes, donde existen j\u00f3venes llenos de vida e iniciativas (26\/27 de enero) y tambi\u00e9n \u00a0con un grupo de obispos y sacerdotes australianos (30 de enero)<\/p>\n","protected":false},"excerpt":{"rendered":"<p>El viaje de la presidente de los Focolares a Ocean\u00eda consta de dos etapas: Melbourne (Australia) y Wellington (Nueva Zelanda)<\/p>\n","protected":false},"author":34,"featured_media":0,"comment_status":"open","ping_status":"open","sticky":false,"template":"","format":"standard","meta":{"give_campaign_id":0,"_seopress_robots_primary_cat":"","_seopress_titles_title":"","_seopress_titles_desc":"","_seopress_robots_index":"","_et_pb_use_builder":"","_et_pb_old_content":"","_et_gb_content_width":"","footnotes":""},"categories":[904],"tags":[],"class_list":["post-349120","post","type-post","status-publish","format-standard","hentry","category-focolare-worldwide-2-2"],"_links":{"self":[{"href":"https:\/\/www.focolare.org\/es\/wp-json\/wp\/v2\/posts\/349120","targetHints":{"allow":["GET"]}}],"collection":[{"href":"https:\/\/www.focolare.org\/es\/wp-json\/wp\/v2\/posts"}],"about":[{"href":"https:\/\/www.focolare.org\/es\/wp-json\/wp\/v2\/types\/post"}],"author":[{"embeddable":true,"href":"https:\/\/www.focolare.org\/es\/wp-json\/wp\/v2\/users\/34"}],"replies":[{"embeddable":true,"href":"https:\/\/www.focolare.org\/es\/wp-json\/wp\/v2\/comments?post=349120"}],"version-history":[{"count":0,"href":"https:\/\/www.focolare.org\/es\/wp-json\/wp\/v2\/posts\/349120\/revisions"}],"wp:attachment":[{"href":"https:\/\/www.focolare.org\/es\/wp-json\/wp\/v2\/media?parent=349120"}],"wp:term":[{"taxonomy":"category","embeddable":true,"href":"https:\/\/www.focolare.org\/es\/wp-json\/wp\/v2\/categories?post=349120"},{"taxonomy":"post_tag","embeddable":true,"href":"https:\/\/www.focolare.org\/es\/wp-json\/wp\/v2\/tags?post=349120"}],"curies":[{"name":"wp","href":"https:\/\/api.w.org\/{rel}","templated":true}]}}