{"id":349152,"date":"2013-02-07T06:34:31","date_gmt":"2013-02-07T05:34:31","guid":{"rendered":"https:\/\/www.focolare.org\/sophia-entre-politica-y-teologia\/"},"modified":"2024-06-06T12:32:01","modified_gmt":"2024-06-06T10:32:01","slug":"sophia-entre-politica-y-teologia","status":"publish","type":"post","link":"https:\/\/www.focolare.org\/es\/sophia-entre-politica-y-teologia\/","title":{"rendered":"Sophia: entre pol\u00edtica y teolog\u00eda"},"content":{"rendered":"<p><img alt=\"\" alt=\"\" loading=\"lazy\" decoding=\"async\" class=\"alignright  wp-image-79503\" style=\"margin-left: 10px;margin-right: 10px\" src=\"https:\/\/www.focolare.org\/wp-content\/uploads\/2013\/02\/Gabriel-5.jpg\" alt=\"\" width=\"269\" height=\"172\" \/>Gabriel de Almeida tiene 25 a\u00f1os. <a href=\"https:\/\/www.focolare.org\/it\/focolare-worldwide\/america-sud\/brasile\/\"><strong>Rio de Janeiro<\/strong><\/a>, donde naci\u00f3, es una metr\u00f3polis activa y din\u00e1mica: ser\u00e1 la sede de la pr\u00f3xima\u00a0 <a href=\"http:\/\/www.rio2013.com\/es\" target=\"_blank\" rel=\"noopener\"><strong>Jornada Mundial de la Juventud<\/strong> <\/a> y de la edici\u00f3n 2014 de la Copa mundial de f\u00fatbol. De la gran R\u00edo Gabriel ha tra\u00eddo al\u00a0<strong><a href=\"http:\/\/www.iu-sophia.org\/\" target=\"_blank\" rel=\"noopener\"><strong>Instituto Universitario Sophia<\/strong><\/a> (IUS) <\/strong>la vivacidad y la apertura hacia el futuro de la poblaci\u00f3n carioca. El itinerario de estudio que est\u00e1 concluyendo presenta varios puntos de inter\u00e9s.  <strong>\u00bfPor qu\u00e9 te inscribiste en el IUS? <\/strong><em><\/em>  <em>\u00abHabiendo llevado a casa el t\u00edtulo en Relaciones internacionales, sent\u00eda la necesidad de dar un paso m\u00e1s all\u00e1 de los conflictos de las teor\u00edas pol\u00edticas y explorar el horizonte del humanismo. <\/em><em>Despu\u00e9s de cuatro a\u00f1os y medio de universidad, sent\u00eda dentro una gran sed: buscaba d\u00f3nde y c\u00f3mo responder a mis interrogantes. Las historias de algunos amigos m\u00edos que ya hab\u00edan frecuentado Sophia me hicieron intuir que precisamente el IUS pod\u00eda ser el lugar adecuado.<\/em>  <strong>\u00bfPor qu\u00e9 elegiste la especializaci\u00f3n en \u201cOntolog\u00eda trinitaria\u201d, t\u00fa que ya ten\u00edas a tu haber estudios pol\u00edticos? \u00a1Qu\u00e9 relaci\u00f3n hay entre los dos itinerarios!<\/strong>  <em>\u00abLlegu\u00e9 a Sophia pensando seguir la especializaci\u00f3n en pol\u00edtica; era una elecci\u00f3n m\u00e1s que natural para m\u00ed. Pero despu\u00e9s de algunos meses, vinieron a flote dos nuevas impresiones. La primera de maravilla: la maravilla de conocer qui\u00e9n es Jes\u00fas, quiz\u00e1s por primera vez en una forma tan personal, sobre todo frecuentando el curso sobre el Evangelio de Marco. La segunda: una nueva comprensi\u00f3n de m\u00ed mismo madurada con ocasi\u00f3n de un seminario sobre temas teol\u00f3gicos; me sent\u00ed \u201ccapaz\u201d de acercarme al pensamiento de Jes\u00fas, a lo que Pablo llama el <\/em><em>\u201cno\u00fbs christos\u201d. <\/em><em>No por una ambici\u00f3n de conocer el sentido de todo, de poseer la aut\u00e9ntica l\u00f3gica, sino por el descubrimiento de un lugar plenamente humano desde el cual poder leer el mundo y sus desaf\u00edos, respetando sus lenguajes y sus razones.<\/em>  <em><img alt=\"\" alt=\"\" loading=\"lazy\" decoding=\"async\" class=\"alignleft  wp-image-79504\" style=\"margin-left: 10px;margin-right: 10px\" src=\"https:\/\/www.focolare.org\/wp-content\/uploads\/2013\/02\/Gabriel-1.jpg\" alt=\"\" width=\"250\" height=\"176\" \/><\/em><strong>Est\u00e1s inscrito en el segundo a\u00f1o: \u00bfya empezaste a preparar la tesis?<\/strong>  <em>\u00ab<\/em><em>Si, ya eleg\u00ed el tema, la fenomenolog\u00eda del \u201cextranjero\u201d, si as\u00ed se puede definir, un argumento de gran impacto para la pol\u00edtica, pero mi visi\u00f3n ser\u00e1 distinta, porque tratar\u00e9 los flujos migratorios que caracterizan las sociedades contempor\u00e1neas haciendo emerger nuevas tendencia pol\u00edticas y culturales a partir de un \u201clugar\u201d de conocimiento que inspira las razones del Amor.<\/em>  <strong>Est\u00e1s en el IUS desde hace casi dos a\u00f1os: \u00bfc\u00f3mo definir\u00edas este tiempo que est\u00e1s viviendo?<\/strong>  <em>Quisiera seguir usando la met\u00e1fora del \u201clugar\u201d: Sophia es ante todo un lugar desde donde observar&#8230; <img alt=\"\" alt=\"\" loading=\"lazy\" decoding=\"async\" class=\"alignright  wp-image-79505\" style=\"margin-left: 10px;margin-right: 10px\" src=\"https:\/\/www.focolare.org\/wp-content\/uploads\/2013\/02\/Gabriel-2.jpg\" alt=\"\" width=\"231\" height=\"156\" \/>las miles y variadas realidades humanas a partir de la fraternidad, de una idea profundamente innovadora de sociedad. \u00a0Adem\u00e1s Sophia me est\u00e1 dando los instrumentos, no s\u00f3lo para reflexionar, sino tambi\u00e9n para actuar concretamente teniendo como punto central la persona en toda la riqueza de sus relaciones. S\u00e9 que todav\u00eda me esperan infinitos momentos de \u201cmaravilla\u201d, de esa maravilla filos\u00f3fica que anticipa y revela el conocimiento, y junto a los dem\u00e1s estudiantes y a toda la comunidad del IUS me siento m\u00e1s que nunca en camino.<\/em>  Fuente: <span style=\"text-decoration: underline\"><a href=\"http:\/\/www.iu-sophia.org\/\" target=\"_blank\" rel=\"noopener\"><strong>Instituto Universitario Sophia<\/strong><\/a><\/span><\/p>\n","protected":false},"excerpt":{"rendered":"<p>La historia de un estudiante brasile\u00f1o que \u201cdescubre un lugar plenamente humano desde el cual leer el mundo y sus desaf\u00edos, respetando su lenguaje y sus razones\u201d.<\/p>\n","protected":false},"author":34,"featured_media":0,"comment_status":"open","ping_status":"open","sticky":false,"template":"","format":"standard","meta":{"give_campaign_id":0,"_seopress_robots_primary_cat":"","_seopress_titles_title":"","_seopress_titles_desc":"","_seopress_robots_index":"","_et_pb_use_builder":"","_et_pb_old_content":"","_et_gb_content_width":"","footnotes":""},"categories":[904,905],"tags":[],"class_list":["post-349152","post","type-post","status-publish","format-standard","hentry","category-focolare-worldwide-2-2","category-senza-categoria-2-2"],"_links":{"self":[{"href":"https:\/\/www.focolare.org\/es\/wp-json\/wp\/v2\/posts\/349152","targetHints":{"allow":["GET"]}}],"collection":[{"href":"https:\/\/www.focolare.org\/es\/wp-json\/wp\/v2\/posts"}],"about":[{"href":"https:\/\/www.focolare.org\/es\/wp-json\/wp\/v2\/types\/post"}],"author":[{"embeddable":true,"href":"https:\/\/www.focolare.org\/es\/wp-json\/wp\/v2\/users\/34"}],"replies":[{"embeddable":true,"href":"https:\/\/www.focolare.org\/es\/wp-json\/wp\/v2\/comments?post=349152"}],"version-history":[{"count":0,"href":"https:\/\/www.focolare.org\/es\/wp-json\/wp\/v2\/posts\/349152\/revisions"}],"wp:attachment":[{"href":"https:\/\/www.focolare.org\/es\/wp-json\/wp\/v2\/media?parent=349152"}],"wp:term":[{"taxonomy":"category","embeddable":true,"href":"https:\/\/www.focolare.org\/es\/wp-json\/wp\/v2\/categories?post=349152"},{"taxonomy":"post_tag","embeddable":true,"href":"https:\/\/www.focolare.org\/es\/wp-json\/wp\/v2\/tags?post=349152"}],"curies":[{"name":"wp","href":"https:\/\/api.w.org\/{rel}","templated":true}]}}