{"id":349178,"date":"2013-02-18T08:17:44","date_gmt":"2013-02-18T07:17:44","guid":{"rendered":"https:\/\/www.focolare.org\/argentina-arte-y-luz-para-caminar\/"},"modified":"2024-06-06T12:32:07","modified_gmt":"2024-06-06T10:32:07","slug":"argentina-arte-y-luz-para-caminar","status":"publish","type":"post","link":"https:\/\/www.focolare.org\/es\/argentina-arte-y-luz-para-caminar\/","title":{"rendered":"Argentina: arte y luz para caminar"},"content":{"rendered":"<p><a href=\"https:\/\/www.focolare.org\/wp-content\/uploads\/2013\/02\/Artistas2013-12.jpg\"><img alt=\"\" alt=\"\" loading=\"lazy\" decoding=\"async\" class=\"alignleft size-articolo_1 wp-image-80398\" style=\"margin: 5px\" src=\"https:\/\/www.focolare.org\/wp-content\/uploads\/2013\/02\/Artistas2013-12-250x187.jpg\" alt=\"\" width=\"250\" height=\"187\" \/><\/a>\u201cEn la cosmovisi\u00f3n andina, el pasado se ubica adelante. Es luz para avanzar. \u00a1Me dejaron tanta luz para el camino en estos d\u00edas! Un fuerte abrazo a cada uno y buen viaje\u201d, saludaba Dami Adanto de Rueda (Directora de la Escuela Aurora), en su rol de anfitriona a los 50 participantes del 6\u00b0 Encuentro Latinoamericano de Artistas, organizado por <strong>Clart\u00e9<\/strong>\u00a0 (artistas que se inspiran al carisma de la unidad).<\/p>\n<p>Santa Mar\u00eda de Catamarca es una ciudad al noroeste de Argentina, de 20.000 habitantes, a orillas del r\u00edo del mismo nombre. Fue asiento de culturas milenarias y form\u00f3 parte del Imperio Inca. Un lugar encantador, arqueol\u00f3gicamente rico, con el paisaje de las primeras estribaciones al pi\u00e9 de la Cordillera de los Andes.<\/p>\n<p>Artistas de toda la Argentina, de Colombia, de Espa\u00f1a y con la presencia de Michel Pochet (artista Belga que reside en Roma y animador de Clart\u00e8) se dieron cita, durante la \u00faltima semana de enero, en esta antigua ciudad de Santa Mar\u00eda.<\/p>\n<p>\u201cLas dificultades para llegar y las largas distancias recorridas, s\u00f3lo fueron una raz\u00f3n m\u00e1s para disfrutar del encuentro entre nuestras almas, sin resistencias, sin m\u00e1scaras\u201d, explica Claudio Villarreal. Y Cristina Cr\u00edscola agrega: \u201cCompartimos momentos para conocernos entre nosotros, para acercarnos a la cultura andina, para trabajar en talleres de producci\u00f3n. Todas ocasiones de fiesta, a\u00fan para los que estaban atravesando dolores profundos\u201d.<\/p>\n<p>El tema eje fue: \u201cEn la diversidad: la unidad\u201d. Palabras que se se fueron realizando de a poco entre todos a medida que pasaban los d\u00edas.<a href=\"https:\/\/www.focolare.org\/wp-content\/uploads\/2013\/02\/537329_10200252066884865_1245603823_n.jpg\"><img alt=\"\" alt=\"\" loading=\"lazy\" decoding=\"async\" class=\"alignright  wp-image-80397\" style=\"margin: 5px\" src=\"https:\/\/www.focolare.org\/wp-content\/uploads\/2013\/02\/537329_10200252066884865_1245603823_n-250x333.jpg\" alt=\"\" width=\"175\" height=\"233\" \/><\/a><\/p>\n<p>Pintores que dec\u00edan \u201cNo voy a poder trabajar. No estoy acostumbrado a hacerlo con gente alrededor. No es mi estilo\u201d. Al pasar los d\u00edas, en lugar de buscar aislamiento, optaban por los lugares comunes y compart\u00edan el mate, la charla en los descansos. Enriqueci\u00e9ndose tambi\u00e9n en el contacto con otros artistas.<\/p>\n<p>El pen\u00faltimo d\u00eda los escritores, en una experiencia espont\u00e1nea y novedosa, realizaron un \u201casalto po\u00e9tico\u201d, regalando una experiencia po\u00e9tico teatral de la que todos (m\u00fasicos, pintores, actores) aceptaron participar en peque\u00f1os grupos y que dio lugar a profundas comuniones que ven\u00edan del alma. Alguien dijo: \u201cPocas veces tengo el coraz\u00f3n tan&#8230; que estalla\u201d.<\/p>\n<p>El \u00faltimo d\u00eda se hizo una muestra con los trabajos realizados: pintura, m\u00fasica, teatro y letras, del cual tambi\u00e9n participaron algunas personas de la comunidad de los Focolares de Santa Mar\u00eda.<\/p>\n<p>\u201cSanta Mar\u00eda de Catamarca, nos has cambiado la vida -se expresa Jos\u00e9, otro de los participantes-. Congreso de arte inolvidable, con gente de todas partes de Argentina, Latinoam\u00e9rica, europeos. Yo te siento, Santa Mar\u00eda, el centro del Pa\u00eds, su m\u00e1s profundo ser: con tu cultura milenaria y sabia, tu dignidad sin l\u00edmites. Tus mujeres dulces y valientes. No nos sueltes de la mano que naufragamos en la banalidad y la estupidez. Gracias por hacernos un nido para que volvamos a nacer\u201d.<\/p>\n","protected":false},"excerpt":{"rendered":"<p>50 artistas de Argentina y pa\u00edses latinoamericanos se reunieron por una semana dando vida al 6\u00b0 Encuentro Latinomericano de Artistas que se inspiran al carisma de la unidad.<\/p>\n","protected":false},"author":1,"featured_media":0,"comment_status":"open","ping_status":"open","sticky":false,"template":"","format":"standard","meta":{"give_campaign_id":0,"_seopress_robots_primary_cat":"","_seopress_titles_title":"","_seopress_titles_desc":"","_seopress_robots_index":"","_et_pb_use_builder":"","_et_pb_old_content":"","_et_gb_content_width":"","footnotes":""},"categories":[46],"tags":[],"class_list":["post-349178","post","type-post","status-publish","format-standard","hentry","category-sin-categorizar"],"_links":{"self":[{"href":"https:\/\/www.focolare.org\/es\/wp-json\/wp\/v2\/posts\/349178","targetHints":{"allow":["GET"]}}],"collection":[{"href":"https:\/\/www.focolare.org\/es\/wp-json\/wp\/v2\/posts"}],"about":[{"href":"https:\/\/www.focolare.org\/es\/wp-json\/wp\/v2\/types\/post"}],"author":[{"embeddable":true,"href":"https:\/\/www.focolare.org\/es\/wp-json\/wp\/v2\/users\/1"}],"replies":[{"embeddable":true,"href":"https:\/\/www.focolare.org\/es\/wp-json\/wp\/v2\/comments?post=349178"}],"version-history":[{"count":0,"href":"https:\/\/www.focolare.org\/es\/wp-json\/wp\/v2\/posts\/349178\/revisions"}],"wp:attachment":[{"href":"https:\/\/www.focolare.org\/es\/wp-json\/wp\/v2\/media?parent=349178"}],"wp:term":[{"taxonomy":"category","embeddable":true,"href":"https:\/\/www.focolare.org\/es\/wp-json\/wp\/v2\/categories?post=349178"},{"taxonomy":"post_tag","embeddable":true,"href":"https:\/\/www.focolare.org\/es\/wp-json\/wp\/v2\/tags?post=349178"}],"curies":[{"name":"wp","href":"https:\/\/api.w.org\/{rel}","templated":true}]}}