{"id":349184,"date":"2013-02-19T05:00:07","date_gmt":"2013-02-19T04:00:07","guid":{"rendered":"https:\/\/www.focolare.org\/loppiano-filosofia-ciencia-y-fe\/"},"modified":"2024-06-06T12:32:09","modified_gmt":"2024-06-06T10:32:09","slug":"loppiano-filosofia-ciencia-y-fe","status":"publish","type":"post","link":"https:\/\/www.focolare.org\/es\/loppiano-filosofia-ciencia-y-fe\/","title":{"rendered":"Loppiano: Filosof\u00eda, Ciencia y Fe"},"content":{"rendered":"<p><img alt=\"\" alt=\"\" loading=\"lazy\" decoding=\"async\" class=\" wp-image-80491 alignright\" style=\"margin-left: 10px;border: 0px\" src=\"https:\/\/www.focolare.org\/wp-content\/uploads\/2013\/02\/20130219-01.jpg\" alt=\"\" width=\"358\" height=\"238\" \/><strong>Benedicto XVI <\/strong>con frecuencia afirm\u00f3 en\u00e9rgicamente que una teolog\u00eda para ser aut\u00e9ntica filosof\u00eda debe contar con el est\u00edmulo constante de la b\u00fasqueda filos\u00f3fica y el apremio de la ciencia, de lo contrario no es aut\u00e9ntica teolog\u00eda.<\/p>\n<p><strong>\u00a0<\/strong>Con esta convicci\u00f3n<strong>, la edici\u00f3n 2013 del premio <\/strong><strong>\u201c<\/strong><a href=\"https:\/\/www.focolare.org\/es\/news\/2013\/02\/17\/renata-borlone-voglio-testimoniare-che-la-morte-e-vita\/\"><strong>Renata Borlone<\/strong><\/a><strong>, mujer en di\u00e1logo\u201d, <\/strong>fue otorgado en <a href=\"http:\/\/www.loppiano.it\/\" target=\"_blank\" rel=\"noopener\">Loppiano <\/a>\u00a0al\u00a0 astrof\u00edsico y cosm\u00f3logo <strong>Piero Benvenuti <\/strong>que, el domingo 17 de febrero en el aula magna de la ciudadela, dej\u00f3 apasionado al p\u00fablico presente y al p\u00fablico que se conect\u00f3 \u00a0por Internet, pues ilustr\u00f3 \u00a0la riqueza y la necesidad de esta relaci\u00f3n. La relaci\u00f3n entre Filosof\u00eda, Ciencia y Fe es muy importante si se desea sinceramente conocer el origen del universo. Este fue el objetivo de la mesa redonda de la ma\u00f1ana, cuyo t\u00edtulo fue \u201cEn el principio\u2026.\u201d en el que estuvieron presentes adem\u00e1s del prof. Benvenuti, docentes de Astrof\u00edsica de la Universidad de Padua, el te\u00f3logo Mons. Piero Coda y el fil\u00f3sofo Prof. Sergio Rondinara del Instituto Universitario Sophia. Lo que ha sucedido en el tiempo que precedi\u00f3 al instante \u201c10 menos 43 segundos\u201d, la ciencia no est\u00e1 en grado de explicarlo ni demostrarlo, dijo el cient\u00edfico. Para comprender el \u201cprincipio\u201d, la primera chispa que dio origen al Cosmos, es necesario aventurarse en \u00e1mbitos distintos: teolog\u00eda y filosof\u00eda in primis.<\/p>\n<p><img alt=\"\" alt=\"\" loading=\"lazy\" decoding=\"async\" class=\"alignleft  wp-image-80492\" style=\"margin-right: 10px;border: 0px\" src=\"https:\/\/www.focolare.org\/wp-content\/uploads\/2013\/02\/20130219-02.jpg\" alt=\"\" width=\"238\" height=\"358\" \/>La figura de <strong>Renata Borlone, titular del premio y sierva de Dios, <\/strong>fue el centro de la primera parte de la tarde. \u201cSi la proclamaci\u00f3n de la santidad de alguien sirve para que se conozca el primado de Dios, \u00bfPor qu\u00e9 no?\u201d \u2013 afirm\u00f3 en septiembre pasado <a href=\"https:\/\/www.focolare.org\/es\/news\/2011\/01\/20\/maria-voce\/\"><strong>\u00a0Maria Voce<\/strong><\/a>, presidente de los Focolares, en ocasi\u00f3n del <a href=\"http:\/\/www.pololionellobonfanti.it\/default.asp?s=15&amp;o=978&amp;c=0\" target=\"_blank\" rel=\"noopener\"><strong>LoppianoLab<\/strong><\/a>. Y todos los que han conocido a Renata personalmente, saben\u00a0 que estas palabras la definen. El suyo fue un recorrido de santidad que testimonia \u201crelaci\u00f3n, comunicaci\u00f3n, conciliaci\u00f3n, reciprocidad con quien nos est\u00e1 al lado\u201d, como afirmaba en aqu\u00e9lla oportunidad Mar\u00eda Voce.<\/p>\n<p><strong>\u00a0<\/strong>Luego continu\u00f3 la ceremonia de premiaci\u00f3n del prof. Piero Benvenuti, quien es tambi\u00e9n Consultor del \u201cPontificio Consiglio della Cultura\u201d y director del CISAS (Centro Interdepartamental de Estudios y actividades espaciales). Fue motivo de este reconocimiento \u201cla constante tensi\u00f3n a lo trascendente en su trabajo cient\u00edfico, la obra de difusi\u00f3n y divulgaci\u00f3n de la verdad cient\u00edfica como contribuci\u00f3n verdadera sobre la persona humana y el aporte al di\u00e1logo entre ciencia de la naturaleza y teolog\u00eda cristiana\u201d<\/p>\n<p><strong>Hubo numerosos mensajes de felicitaciones<\/strong>, entre ellos el del <strong>Card. Ravasi, <\/strong>presidente del \u201cPontificio Consiglio della Cultura\u201d: \u201cEl ejemplo de Renata Borlone \u2013 escribi\u00f3 \u2013 con su dedicaci\u00f3n al servicio de los hermanos que se entrelaz\u00f3 profundamente con su pasi\u00f3n por la ciencia, es un testimonio magn\u00edfico de un posible recorrido de crecimiento personal donde la fe y la ciencia est\u00e9n unidas y no en oposici\u00f3n\u201d.<\/p>\n<p>El prof. Piero Benvenuti dio luego <strong>la <em>lectio magistrales <\/em>cuyo t\u00edtulo fue: \u201cLa cosmolog\u00eda, \u00bfes verdaderamente necesaria?, <\/strong>ilustrando los fundamentos de la cosmolog\u00eda como ciencia \u201cal alcance del hombre\u201d, que responde a la natural aspiraci\u00f3n humana hacia el futuro y lo universal, hacia <em>el eschaton. <\/em>Y refiri\u00e9ndose a Renata, concluy\u00f3: \u201cAhora que ella ve la verdad cara a cara, nos ayudar\u00e1 a proseguir en el camino cient\u00edfico en un horizonte que est\u00e1 siempre un poco m\u00e1s all\u00e1 de lo que nuestra b\u00fasqueda racional nos muestra\u201d<\/p>\n<p>Finalizando, algunos artistas ofrecieron un homenaje musical, sublime expresi\u00f3n de la infinita belleza encerrada en el universo.<\/p>\n<p><a title=\"Loppiano - Premio Renata Borlone\" href=\"http:\/\/www.loppiano.it\/dettaglio\/C\/Premio_Renata_Borlone_il_pomeriggio_Tutte_le_foto_della_giornata-1830718LTE1696033084\/\" target=\"_blank\" rel=\"noopener\">Las fotos de la jornada<\/a><\/p>\n","protected":false},"excerpt":{"rendered":"<p>Se le otorg\u00f3 al astrof\u00edsico Benvenuti el premio \u201cRenata Borlone, mujer en di\u00e1logo\u201d. Una jornada de congreso sobre la relaci\u00f3n entre las disciplinas cient\u00edficas y human\u00edsticas.<\/p>\n","protected":false},"author":34,"featured_media":0,"comment_status":"open","ping_status":"open","sticky":false,"template":"","format":"standard","meta":{"give_campaign_id":0,"_seopress_robots_primary_cat":"","_seopress_titles_title":"","_seopress_titles_desc":"","_seopress_robots_index":"","_et_pb_use_builder":"","_et_pb_old_content":"","_et_gb_content_width":"","footnotes":""},"categories":[904],"tags":[],"class_list":["post-349184","post","type-post","status-publish","format-standard","hentry","category-focolare-worldwide-2-2"],"_links":{"self":[{"href":"https:\/\/www.focolare.org\/es\/wp-json\/wp\/v2\/posts\/349184","targetHints":{"allow":["GET"]}}],"collection":[{"href":"https:\/\/www.focolare.org\/es\/wp-json\/wp\/v2\/posts"}],"about":[{"href":"https:\/\/www.focolare.org\/es\/wp-json\/wp\/v2\/types\/post"}],"author":[{"embeddable":true,"href":"https:\/\/www.focolare.org\/es\/wp-json\/wp\/v2\/users\/34"}],"replies":[{"embeddable":true,"href":"https:\/\/www.focolare.org\/es\/wp-json\/wp\/v2\/comments?post=349184"}],"version-history":[{"count":0,"href":"https:\/\/www.focolare.org\/es\/wp-json\/wp\/v2\/posts\/349184\/revisions"}],"wp:attachment":[{"href":"https:\/\/www.focolare.org\/es\/wp-json\/wp\/v2\/media?parent=349184"}],"wp:term":[{"taxonomy":"category","embeddable":true,"href":"https:\/\/www.focolare.org\/es\/wp-json\/wp\/v2\/categories?post=349184"},{"taxonomy":"post_tag","embeddable":true,"href":"https:\/\/www.focolare.org\/es\/wp-json\/wp\/v2\/tags?post=349184"}],"curies":[{"name":"wp","href":"https:\/\/api.w.org\/{rel}","templated":true}]}}