{"id":349236,"date":"2013-03-14T17:05:04","date_gmt":"2013-03-14T16:05:04","guid":{"rendered":"https:\/\/www.focolare.org\/el-papa-francisco-la-frescura-del-espiritu-santo\/"},"modified":"2024-06-06T12:32:19","modified_gmt":"2024-06-06T10:32:19","slug":"el-papa-francisco-la-frescura-del-espiritu-santo","status":"publish","type":"post","link":"https:\/\/www.focolare.org\/es\/el-papa-francisco-la-frescura-del-espiritu-santo\/","title":{"rendered":"El Papa Francisco: la frescura del Esp\u00edritu Santo"},"content":{"rendered":"<p><strong><img alt=\"\" alt=\"\" loading=\"lazy\" decoding=\"async\" class=\"alignleft size-full wp-image-81749\" style=\"margin-right: 10px\" src=\"https:\/\/www.focolare.org\/wp-content\/uploads\/2013\/03\/Papa_FrancescoI_021.jpg\" alt=\"\" width=\"360\" height=\"197\" \/>\u201cJunto a toda la Iglesia verdaderamente estoy feliz en este momento<\/strong>, que nos muestra tanto la vitalidad de la Iglesia como la frescura del Esp\u00edritu Santo que siempre encuentra el modo para sorprendernos.<\/p>\n<p>M\u00e1s all\u00e1 de la sorpresa, porque ciertamente no era uno de los cardenales de los que se hablaba, est\u00e1 la alegr\u00eda de pensar que tambi\u00e9n este es un signo de novedad para el hoy de la Iglesia, que me parece que est\u00e9 viviendo un momento especial que comenz\u00f3 con la renuncia al ministerio del obispo de roma por parte de <strong>Benedicto XVI<\/strong> y seguido por <strong>este nuevo papa, que logr\u00f3 suscitar un eco extraordinario en todo el mundo.<\/strong><\/p>\n<p><strong>Es muy significativa la elecci\u00f3n del nombre de Francisco<\/strong>, porque me parece que expresa el deseo de un retorno a la radicalidad delEvangelio, a una vida sobria, a una gran atenci\u00f3n hacia la humanidad y tambi\u00e9n a todas las religiones.<\/p>\n<p>Adem\u00e1s me parece particularmente digno de destacar que es <strong>un jesuita quien elige el nombre de Francisco<\/strong>: me parece que significa una <strong>apertura a los carismas<\/strong>, a todos los carismas, reconocer lo que hay de bueno en cada uno de ellos y valorizarlo.<\/p>\n<p><strong>Me impresion\u00f3 particularmente su estilo simple, familiar<\/strong>, en la primera salida al balc\u00f3n central de San Pedro: me pareci\u00f3 que sab\u00eda llegar al coraz\u00f3n de los hombres, de las mujeres, de los ni\u00f1os presentes . Considero que en este momento en el que se verifican grandes sufrimientos en la humanidad, hay necesidad de alguien capaz de tocar los corazones y hacer sentir a cada uno la alegr\u00eda de tener un padre y un hermano que nos quiere\u201d.<\/p>\n<p><a href=\"https:\/\/www.focolare.org\/es\/news\/2011\/01\/20\/maria-voce\/\"><strong>Maria Voce<\/strong><\/a>, presidenta del Movimiento de los Focolares<\/p>\n","protected":false},"excerpt":{"rendered":"<p>El mundo recibe al argentino Jorge Mario Bergoglio, el nuevo papa que viene \u201ccasi desde el fin del mundo\u201d. Declaraci\u00f3n de Mar\u00eda Voce, presidente del Movimiento de los Focolares.<\/p>\n","protected":false},"author":34,"featured_media":0,"comment_status":"open","ping_status":"open","sticky":false,"template":"","format":"standard","meta":{"give_campaign_id":0,"_seopress_robots_primary_cat":"","_seopress_titles_title":"","_seopress_titles_desc":"","_seopress_robots_index":"","_et_pb_use_builder":"","_et_pb_old_content":"","_et_gb_content_width":"","footnotes":""},"categories":[46],"tags":[],"class_list":["post-349236","post","type-post","status-publish","format-standard","hentry","category-sin-categorizar"],"_links":{"self":[{"href":"https:\/\/www.focolare.org\/es\/wp-json\/wp\/v2\/posts\/349236","targetHints":{"allow":["GET"]}}],"collection":[{"href":"https:\/\/www.focolare.org\/es\/wp-json\/wp\/v2\/posts"}],"about":[{"href":"https:\/\/www.focolare.org\/es\/wp-json\/wp\/v2\/types\/post"}],"author":[{"embeddable":true,"href":"https:\/\/www.focolare.org\/es\/wp-json\/wp\/v2\/users\/34"}],"replies":[{"embeddable":true,"href":"https:\/\/www.focolare.org\/es\/wp-json\/wp\/v2\/comments?post=349236"}],"version-history":[{"count":0,"href":"https:\/\/www.focolare.org\/es\/wp-json\/wp\/v2\/posts\/349236\/revisions"}],"wp:attachment":[{"href":"https:\/\/www.focolare.org\/es\/wp-json\/wp\/v2\/media?parent=349236"}],"wp:term":[{"taxonomy":"category","embeddable":true,"href":"https:\/\/www.focolare.org\/es\/wp-json\/wp\/v2\/categories?post=349236"},{"taxonomy":"post_tag","embeddable":true,"href":"https:\/\/www.focolare.org\/es\/wp-json\/wp\/v2\/tags?post=349236"}],"curies":[{"name":"wp","href":"https:\/\/api.w.org\/{rel}","templated":true}]}}