{"id":349240,"date":"2013-03-16T05:00:41","date_gmt":"2013-03-16T04:00:41","guid":{"rendered":"https:\/\/www.focolare.org\/chiara-lubich-tengo-un-sueno-para-el-nuevo-milenio\/"},"modified":"2024-06-06T12:32:19","modified_gmt":"2024-06-06T10:32:19","slug":"chiara-lubich-tengo-un-sueno-para-el-nuevo-milenio","status":"publish","type":"post","link":"https:\/\/www.focolare.org\/es\/chiara-lubich-tengo-un-sueno-para-el-nuevo-milenio\/","title":{"rendered":"Chiara Lubich: \u00abTengo un sue\u00f1o para el nuevo milenio\u00bb"},"content":{"rendered":"<p>\u00ab&#8230;Sue\u00f1o, para nuestra Iglesia, un clima m\u00e1s conforme a ella como Esposa de Cristo; una Iglesia que se presente al mundo m\u00e1s bella, m\u00e1s una, m\u00e1s santa, m\u00e1s carism\u00e1tica, m\u00e1s identificada con su modelo, Mar\u00eda, por lo tanto, mariana, m\u00e1s din\u00e1mica, m\u00e1s familiar, m\u00e1s \u00edntima, m\u00e1s configurada con Cristo, su Esposo. La sue\u00f1o como faro para la humanidad. Sue\u00f1o en ella una santidad de pueblo, nunca vista antes.<\/p>\n<p>Sue\u00f1o que el despertar &#8211; que hoy se comprueba &#8211; en la conciencia de millones de personas, de una fraternidad vivida, cada vez m\u00e1s amplia en la tierra, se transforme ma\u00f1ana, con los a\u00f1os del 2000, en una realidad general, universal.<\/p>\n<p>Sue\u00f1o por ello, que desaparecer\u00e1n las guerras, las luchas, el hambre, los miles de males del mundo.<\/p>\n<p>Sue\u00f1o un di\u00e1logo de amor cada vez m\u00e1s intenso entre las Iglesias, que nos permita ver m\u00e1s cercana la composici\u00f3n de la \u00fanica Iglesia.<\/p>\n<p>Sue\u00f1o que se hace m\u00e1s profundo, vivo y activo el di\u00e1logo entre las personas de las m\u00e1s variadas religiones vinculadas entre ellas por el amor, \u00abregla de oro\u00bb presente en todos los libros sagrados.<\/p>\n<p>Sue\u00f1o con un acercamiento y enriquecimiento rec\u00edproco entre las varias culturas en el mundo, que d\u00e9 origen a una cultura mundial que ponga en primer plano los valores que siempre fueron la verdadera riqueza de cada pueblo y que se impongan como sabidur\u00eda global.<\/p>\n<p>Sue\u00f1o que el Esp\u00edritu Santo contin\u00fae invadiendo las Iglesias y potencie las \u00absemillas del Verbo\u00bb m\u00e1s all\u00e1 de sus fronteras, para que el mundo sea invadido por las continuas novedades de luz, de vida, de obras que s\u00f3lo El sabe generar. Para que hombres y mujeres cada vez m\u00e1s numerosos emprendan rectos caminos, converjan a su Creador, predispongan almas y corazones a su servicio.<\/p>\n<p>Sue\u00f1o relaciones evang\u00e9licas no s\u00f3lo interpersonales, sino entre grupos, Movimientos, Asociaciones religiosas y laicas, entre los pueblos, entre los Estados, de modo que sea l\u00f3gico amar la patria de los dem\u00e1s como la propia. Y sea l\u00f3gico tender a una comuni\u00f3n de bienes universal, por lo menos como punto de llegada.<\/p>\n<p>Sue\u00f1o un mundo unido en la variedad de los pueblos&#8230;.<\/p>\n<p>Sue\u00f1o, por lo tanto, un anticipo de Cielos nuevos y una tierra nueva como es posible aqu\u00ed. Sue\u00f1o mucho, pero tenemos un milenio para verlo realizado\u00bb.<\/p>\n<p>(Fuente: <strong><a href=\"https:\/\/www.focolare.org\/it\/chiara-lubich\/\">Chiara Lubich<\/a>, Attualit\u00e0 leggere il proprio tempo<\/strong> (Michele Zanzucchi), <a href=\"http:\/\/www.cittanuova.it\/\" target=\"_blank\" rel=\"noopener\"><strong>Citt\u00e0 Nuova Editrice<\/strong><\/a>, Roma 2013)<\/p>\n","protected":false},"excerpt":{"rendered":"<p>De este pensamiento de Chiara Lubich escrito en dicembre de 1999,  se perfila una visi\u00f3n prof\u00e9tica de la Iglesia tan amada. Su sue\u00f1o de un mundo unido.<\/p>\n","protected":false},"author":34,"featured_media":0,"comment_status":"open","ping_status":"open","sticky":false,"template":"","format":"standard","meta":{"give_campaign_id":0,"_seopress_robots_primary_cat":"","_seopress_titles_title":"","_seopress_titles_desc":"","_seopress_robots_index":"","_et_pb_use_builder":"","_et_pb_old_content":"","_et_gb_content_width":"","footnotes":""},"categories":[46],"tags":[],"class_list":["post-349240","post","type-post","status-publish","format-standard","hentry","category-sin-categorizar"],"_links":{"self":[{"href":"https:\/\/www.focolare.org\/es\/wp-json\/wp\/v2\/posts\/349240","targetHints":{"allow":["GET"]}}],"collection":[{"href":"https:\/\/www.focolare.org\/es\/wp-json\/wp\/v2\/posts"}],"about":[{"href":"https:\/\/www.focolare.org\/es\/wp-json\/wp\/v2\/types\/post"}],"author":[{"embeddable":true,"href":"https:\/\/www.focolare.org\/es\/wp-json\/wp\/v2\/users\/34"}],"replies":[{"embeddable":true,"href":"https:\/\/www.focolare.org\/es\/wp-json\/wp\/v2\/comments?post=349240"}],"version-history":[{"count":0,"href":"https:\/\/www.focolare.org\/es\/wp-json\/wp\/v2\/posts\/349240\/revisions"}],"wp:attachment":[{"href":"https:\/\/www.focolare.org\/es\/wp-json\/wp\/v2\/media?parent=349240"}],"wp:term":[{"taxonomy":"category","embeddable":true,"href":"https:\/\/www.focolare.org\/es\/wp-json\/wp\/v2\/categories?post=349240"},{"taxonomy":"post_tag","embeddable":true,"href":"https:\/\/www.focolare.org\/es\/wp-json\/wp\/v2\/tags?post=349240"}],"curies":[{"name":"wp","href":"https:\/\/api.w.org\/{rel}","templated":true}]}}