{"id":349282,"date":"2013-04-08T07:08:05","date_gmt":"2013-04-08T05:08:05","guid":{"rendered":"https:\/\/www.focolare.org\/argentina-solidaridad-mas-fuerte-que-inundacion\/"},"modified":"2024-06-06T12:32:27","modified_gmt":"2024-06-06T10:32:27","slug":"argentina-solidaridad-mas-fuerte-que-inundacion","status":"publish","type":"post","link":"https:\/\/www.focolare.org\/es\/argentina-solidaridad-mas-fuerte-que-inundacion\/","title":{"rendered":"Argentina: Solidaridad m\u00e1s fuerte que inundaci\u00f3n"},"content":{"rendered":"<p><a href=\"https:\/\/www.focolare.org\/wp-content\/uploads\/2013\/04\/inundaciones-la-plata1-800x469.jpg\"><img alt=\"\" alt=\"\" loading=\"lazy\" decoding=\"async\" class=\"alignright size-articolo_1 wp-image-83016\" style=\"margin: 5px\" src=\"https:\/\/www.focolare.org\/wp-content\/uploads\/2013\/04\/inundaciones-la-plata1-800x469-250x146.jpg\" alt=\"\" width=\"250\" height=\"146\" \/><\/a><a title=\"La Plata\" href=\"http:\/\/www.laplata.gov.ar\/\" target=\"_blank\" rel=\"noopener\">La Plata<\/a> es la capital de la provincia de Buenos Aires, a s\u00f3lo 54 kil\u00f3metros de la Capital Federal. Tiene 750.000 habitantes. Entre el 2 y el 3 de abril pasado cayeron 400 mil\u00edmetros de agua provocando una inundaci\u00f3n masiva y nunca vista. M\u00e1s de la mitad de la ciudad bajo agua. En algunos lugares lleg\u00f3 a superar los 2 metros. Un d\u00eda antes hab\u00eda sucedido algo similar (a\u00fan si de menor proporciones) en la Capital Federal y algunas ciudades aleda\u00f1as. El saldo de 59 muertes (6 en la Capital Federal, 2 en el conurbano y 51 en La Plata) hasta el momento es escalofriante y el panorama desolador. No obstante, la solidaridad una vez m\u00e1s dijo presente ante la imperiosa necesidad de los damnificados.<\/p>\n<p><a href=\"https:\/\/www.focolare.org\/wp-content\/uploads\/2013\/04\/inundacion.jpg_752291509.jpg\"><img alt=\"\" alt=\"\" loading=\"lazy\" decoding=\"async\" class=\"alignleft size-articolo_1 wp-image-83015\" style=\"margin: 5px\" src=\"https:\/\/www.focolare.org\/wp-content\/uploads\/2013\/04\/inundacion.jpg_752291509-250x169.jpg\" alt=\"\" width=\"250\" height=\"169\" \/><\/a>En ese contexto, la voz y el accionar de la gente se ha o\u00eddo y se ha visto como nunca&#8230; o como siempre que ocurren este tipo de tragedias. A trav\u00e9s de <a title=\"Caritas\" href=\"http:\/\/www.caritas.org.ar\/\" target=\"_blank\" rel=\"noopener\">C\u00e1ritas<\/a>, <a title=\"Red Solidaria\" href=\"http:\/\/redsolidaria.org.ar\/\" target=\"_blank\" rel=\"noopener\">Red Solidaria<\/a>, la <a title=\"Cruz Roja\" href=\"http:\/\/www.cruzroja.org.ar\/\" target=\"_blank\" rel=\"noopener\">Cruz Roja<\/a>, diversas ONG, clubes barriales, parroquias, etc., se han armado a gran velocidad m\u00e1s de 500 puntos de recolecci\u00f3n de todo tipo de elementos imprescindibles para este momento: ropa, colchones, agua mineral, lavandina, pa\u00f1ales, comida, frazadas, etc. El s\u00e1bado 6 hab\u00eda m\u00e1s de 400 metros de cola para dejar sus donaciones frente a la Catedral de Buenos Aires desde donde part\u00edan camiones repletos (ese d\u00eda fueron 19) hacia las parroquias de los lugares m\u00e1s afectados.<\/p>\n<p><a href=\"https:\/\/www.focolare.org\/wp-content\/uploads\/2013\/04\/tumblr_mkqxzfgtoB1rf9hn3o1_1280.jpg\"><img alt=\"\" alt=\"\" loading=\"lazy\" decoding=\"async\" class=\"alignright size-articolo_1 wp-image-83017\" style=\"margin: 5px\" src=\"https:\/\/www.focolare.org\/wp-content\/uploads\/2013\/04\/tumblr_mkqxzfgtoB1rf9hn3o1_1280-250x166.jpg\" alt=\"\" width=\"250\" height=\"166\" \/><\/a>A estos hechos masivos y visibles para toda la sociedad, se suma la larga cadena de gestos peque\u00f1os o grandes que se van conociendo y que han acontecido durante y despu\u00e9s de las inundaciones. Personas que han dado la vida (en muchos casos literalmente) para salvar a otras, gente que llama para ofrecer sus manos y su tiempo para colaborar con quien sea y donde sea, todos \u201ca la orden\u201d para lo que se necesite.<\/p>\n<p>Una tragedia que no discrimin\u00f3 entre barrios m\u00e1s acomodados y sectores muy humildes. Los j\u00f3venes, incansables, son quienes est\u00e1n al frente en el trabajo solidario de clasificar las donaciones, distribuirlas, ayudar a limpiar las casas, recolectar las toneladas y toneladas de basura que se van acumulando en las calles.<\/p>\n<p><a href=\"https:\/\/www.focolare.org\/wp-content\/uploads\/2013\/04\/904387_10200982668357093_1859894892_o.jpg\"><img alt=\"\" alt=\"\" loading=\"lazy\" decoding=\"async\" class=\"alignleft size-articolo_1 wp-image-83014\" style=\"margin: 5px\" src=\"https:\/\/www.focolare.org\/wp-content\/uploads\/2013\/04\/904387_10200982668357093_1859894892_o-250x187.jpg\" alt=\"\" width=\"250\" height=\"187\" \/><\/a>Las redes sociales una vez m\u00e1s fueron veh\u00edculo para la comunicaci\u00f3n inmediata. Por ejemplo en Facebook \u201cFocolares La Plata\u201d, desde el primer momento fueron poniendo necesidades, noticias sobre cada uno de los miembros de la comunidad: quien ten\u00eda la casa inundada, quien pon\u00eda su casa a disposici\u00f3n, quien se ofrece a llevar los chicos a la escuela (ya que a muchos se les inund\u00f3 el auto)&#8230; una verdadera corriente de solidaridad y amor rec\u00edproco.<\/p>\n<p>El <a href=\"http:\/\/www.news.va\/\" target=\"_blank\" rel=\"noopener\">Papa Francisco<\/a> se comunic\u00f3 telef\u00f3nicamente con el gobernador provincial y envi\u00f3 enseguida una ayuda de 50 mil d\u00f3lares.<\/p>\n<p><a href=\"https:\/\/www.focolare.org\/wp-content\/uploads\/2013\/04\/885191_10151592476900871_1168651317_o.jpg\"><img alt=\"\" alt=\"\" loading=\"lazy\" decoding=\"async\" class=\"size-articolo_1 wp-image-83013 alignright\" style=\"margin: 5px\" src=\"https:\/\/www.focolare.org\/wp-content\/uploads\/2013\/04\/885191_10151592476900871_1168651317_o-250x187.jpg\" alt=\"\" width=\"250\" height=\"187\" \/><\/a>Son muestras de la solidaridad que corre por las venas cuando se ve sufrir al otro. Esa solidaridad que no se cansa y que a otros descansa, sobre todo cuando ocurren tragedias que parecen haber barrido con todo. Habr\u00e1 que estar atentos a las necesidades de los m\u00e1s pobres cuando pase este momento de fuerte compromiso de toda la poblaci\u00f3n.<\/p>\n<p>M\u00e1s informaci\u00f3n: <a title=\"Revista Cn\" href=\"http:\/\/www.ciudadnueva.org.ar\" target=\"_blank\" rel=\"noopener\">Revista Cn<\/a><\/p>\n<p>de Carlos Mana, desde Argentina<\/p>\n","protected":false},"excerpt":{"rendered":"<p>Una gran inundaci\u00f3n cubri\u00f3 de agua media ciudad de La Plata, algunos barrios de Buenos Aires y varias ciudades aleda\u00f1as. La solidaridad supera todas las expectativas.<\/p>\n","protected":false},"author":1,"featured_media":0,"comment_status":"open","ping_status":"open","sticky":false,"template":"","format":"standard","meta":{"give_campaign_id":0,"_seopress_robots_primary_cat":"","_seopress_titles_title":"","_seopress_titles_desc":"","_seopress_robots_index":"","_et_pb_use_builder":"","_et_pb_old_content":"","_et_gb_content_width":"","footnotes":""},"categories":[904],"tags":[],"class_list":["post-349282","post","type-post","status-publish","format-standard","hentry","category-focolare-worldwide-2-2"],"_links":{"self":[{"href":"https:\/\/www.focolare.org\/es\/wp-json\/wp\/v2\/posts\/349282","targetHints":{"allow":["GET"]}}],"collection":[{"href":"https:\/\/www.focolare.org\/es\/wp-json\/wp\/v2\/posts"}],"about":[{"href":"https:\/\/www.focolare.org\/es\/wp-json\/wp\/v2\/types\/post"}],"author":[{"embeddable":true,"href":"https:\/\/www.focolare.org\/es\/wp-json\/wp\/v2\/users\/1"}],"replies":[{"embeddable":true,"href":"https:\/\/www.focolare.org\/es\/wp-json\/wp\/v2\/comments?post=349282"}],"version-history":[{"count":0,"href":"https:\/\/www.focolare.org\/es\/wp-json\/wp\/v2\/posts\/349282\/revisions"}],"wp:attachment":[{"href":"https:\/\/www.focolare.org\/es\/wp-json\/wp\/v2\/media?parent=349282"}],"wp:term":[{"taxonomy":"category","embeddable":true,"href":"https:\/\/www.focolare.org\/es\/wp-json\/wp\/v2\/categories?post=349282"},{"taxonomy":"post_tag","embeddable":true,"href":"https:\/\/www.focolare.org\/es\/wp-json\/wp\/v2\/tags?post=349282"}],"curies":[{"name":"wp","href":"https:\/\/api.w.org\/{rel}","templated":true}]}}