{"id":349416,"date":"2013-05-23T06:30:46","date_gmt":"2013-05-23T04:30:46","guid":{"rendered":"https:\/\/www.focolare.org\/gen-rosso-en-brasil-se-empieza-en-la-fazenda-da-esperanca\/"},"modified":"2024-06-06T12:32:53","modified_gmt":"2024-06-06T10:32:53","slug":"gen-rosso-en-brasil-se-empieza-en-la-fazenda-da-esperanca","status":"publish","type":"post","link":"https:\/\/www.focolare.org\/es\/gen-rosso-en-brasil-se-empieza-en-la-fazenda-da-esperanca\/","title":{"rendered":"Gen Rosso en Brasil, se empieza en la Fazenda da Esperan\u00e7a"},"content":{"rendered":"<p><img alt=\"\" alt=\"\" loading=\"lazy\" decoding=\"async\" class=\"wp-image-85852 alignleft\" style=\"margin-right: 10px\" src=\"https:\/\/www.focolare.org\/wp-content\/uploads\/2013\/05\/GenRosso_Brazil_03.jpg\" alt=\"\" width=\"320\" height=\"240\" \/>\u00abAntes de comenzar la larga <a href=\"https:\/\/www.focolare.org\/es\/news\/2013\/05\/16\/tournee-del-gen-rosso-brasile\/\">gira<\/a> (16 de mayo-27 de julio) en <span style=\"text-decoration: underline\"><a href=\"https:\/\/www.focolare.org\/es\/focolare-worldwide\/america-sud\/brasile\/\">Brasil<\/a><\/span> \u2013 escriben los amigos del <a href=\"http:\/\/www.genrosso.it\/\">Gen Rosso<\/a> \u2013 estuvo el esperado encuentro con los fundadores de la Fazenda da Esperan\u00e7a, comunidad en la que viven j\u00f3venes en dificultades, fundada con un estilo de vida evang\u00e9lico: nos encontramos con el franciscano alem\u00e1n padre Hans Stapel y el brasile\u00f1o Nelson Giovaneli, en la sede central de Guaratinguet\u00e1, cerca de San Pablo. Ten\u00edamos la percepci\u00f3n de que en este comprometedor viaje era necesario un momento de \u201cintimidad\u201d con Dios y con aquellos, que, junto con nosotros, decidieron comenzar una aventura que tiene sus ra\u00edces en el \u00a0Evangelio\u00bb<\/p>\n<p>La visita a la \u201cFazenda\u201d comienza en la peque\u00f1a capilla donde recordamos a <a href=\"https:\/\/www.focolare.org\/es\/chiara-lubich\/chi-e-chiara\/\">Chiara Lubich<\/a>; su\u00a0<span style=\"text-decoration: underline\"><a href=\"https:\/\/www.focolare.org\/es\/chiara-lubich\/spiritualita-dellunita\/\">espiritualidad<\/a>\u00a0 <\/span>es lo que ha inspirado la vida de la \u201cFazenda da Esperan\u00e7a\u201d desde su nacimiento. Cuando en el 2010 se obtuvo el\u00a0<span style=\"text-decoration: underline\"><a href=\"https:\/\/www.focolare.org\/es\/news\/2010\/06\/04\/%E2%80%9Cfazendas-da-esperanca%E2%80%9D-3\/\">reconoscimiento oficial<\/a> <\/span>por parte del Consejo para los Laicos, Frei Hans y sus compa\u00f1eros fueron a la sede internacional de los Focolares, para \u201cagradecer\u201d a Chiara, salud\u00e1ndola en la capilla donde descansa.<\/p>\n<p><strong>Los amigos del Gen Rosso le preguntan a padre Hans qu\u00e9 es lo que siente en su coraz\u00f3n, <\/strong>queriendo saber qu\u00e9 desea que suceda en estos meses en Brasil: \u00abMiremos los comienzos del Movimiento de los Focolares en Trento \u2013 responde: alrededor de la mesa del primer focolar hab\u00eda una focolarina y un pobre, una focolarina y un pobre\u2026Exist\u00eda una realidad espiritual conjugada con la realidad social. Este es nuestro desaf\u00edo, sobre todo aqu\u00ed en Am\u00e9rica del Sur, pero pienso que es un desaf\u00edo para el mundo entero. Cuando existe la dimensi\u00f3n espiritual sin la encarnaci\u00f3n en lo social, falta algo. Cuando, al rev\u00e9s, existe el compromiso social sin las ra\u00edces en Dios, el esfuerzo es vano. El desaf\u00edo consiste en la unidad de las dos dimensiones\u00bb<\/p>\n<p><img alt=\"\" alt=\"\" loading=\"lazy\" decoding=\"async\" class=\"size-full wp-image-85853 alignright\" style=\"margin-left: 10px\" src=\"https:\/\/www.focolare.org\/wp-content\/uploads\/2013\/05\/GenRosso_Brazil_04.jpg\" alt=\"\" width=\"274\" height=\"206\" \/>De la misma forma est\u00e1 pensada la gira del Gen Rosso, que comenz\u00f3 el 16 de mayo con el Musical <a href=\"http:\/\/www.genrosso.com\/index.php?option=com_content&amp;task=view&amp;id=32&amp;Itemid=49\" target=\"_blank\" rel=\"noopener\">Streetlight<\/a> junto con los 200 j\u00f3venes de la Fazenda da Esperan\u00e7a y terminar\u00e1 con la participaci\u00f3n en la\u00a0<span style=\"text-decoration: underline\"><a href=\"http:\/\/www.laici.va\/content\/laici\/en\/eventi\/gmg\/gmg-rio-2013.html\">Jornada Mundial de la Juventud en Rio de Janeiro<\/a> <\/span>el 27 de julio. Reunieron a 5000 personas en los primeros 3 espect\u00e1culos. \u00abTratamos de sumergir nuestras ra\u00edces en Dios todos los d\u00edas \u2013escribe el Gen Rosso- a trav\u00e9s de la reflexi\u00f3n y la vida de la Palabra y del amor mutuo entre todos, que genera la presencia espiritual de Jes\u00fas en medio nuestro (Mt 18, 20). Con esta fuerza suya trataremos de amar a todos los chicos y chicas con los que llevaremos adelante <a href=\"https:\/\/www.focolare.org\/es\/news\/2013\/03\/12\/gen-rosso-per-un-brasile-forte\/\">el proyecto \u00abFuertes sin violencia\u00bb<\/a>\u00bb Son muchachos que a menudo han sufrido experiencias de abandono y dolores profundos, que encontraron\u00a0 en la droga su refugio: \u00abQuisi\u00e9ramos darles una alegr\u00eda que no pasa \u2013escriben- porque Jes\u00fas abre las puertas a lo Eterno, a\u00fan en medio de muchos dolores nuestros y del mundo\u00bb.<\/p>\n<p>Es m\u00e1s: \u00abEste es el mensaje que quisi\u00e9ramos gritarle a la sociedad de Brasil, a trav\u00e9s de los espect\u00e1culos y los medios de comunicaci\u00f3n:<\/p>\n<p>Existe algo que no pasa, Dios, que nos ama inmensamente. Es El quien nos puede transformar en \u201cfuertes sin violencia\u201d!\u00bb.<\/p>\n<p>\u00abFuerters sin violencia\u00bb &#8211; <a href=\"http:\/\/www.youtube.com\/watch?feature=player_embedded&amp;v=xz6N7Wznj58\">Video en <strong>YouTube<\/strong><\/a><\/p>\n<p>Duraci\u00f3n: 11&#8217;30\u00bb<\/p>\n<p><iframe loading=\"lazy\" title=\"Forte Sem Viol\u00eancia no Brasil\" width=\"1080\" height=\"608\" src=\"https:\/\/www.youtube.com\/embed\/xz6N7Wznj58?feature=oembed\"  allow=\"accelerometer; autoplay; clipboard-write; encrypted-media; gyroscope; picture-in-picture; web-share\" referrerpolicy=\"strict-origin-when-cross-origin\" allowfullscreen><\/iframe><\/p>\n","protected":false},"excerpt":{"rendered":"<p>Dos meses de tourn\u00e9e en el \u201ccontinente\u201d brasile\u00f1o con el proyecto \u201cFuertes sin violencia\u201d. Se empieza de la comuni\u00f3n: un encuentro fraterno con la Fazenda da Esperan\u00e7a. Se concluye con la JMJ de Rio.<\/p>\n","protected":false},"author":34,"featured_media":0,"comment_status":"open","ping_status":"open","sticky":false,"template":"","format":"standard","meta":{"give_campaign_id":0,"_seopress_robots_primary_cat":"","_seopress_titles_title":"","_seopress_titles_desc":"","_seopress_robots_index":"","_et_pb_use_builder":"","_et_pb_old_content":"","_et_gb_content_width":"","footnotes":""},"categories":[904],"tags":[],"class_list":["post-349416","post","type-post","status-publish","format-standard","hentry","category-focolare-worldwide-2-2"],"_links":{"self":[{"href":"https:\/\/www.focolare.org\/es\/wp-json\/wp\/v2\/posts\/349416","targetHints":{"allow":["GET"]}}],"collection":[{"href":"https:\/\/www.focolare.org\/es\/wp-json\/wp\/v2\/posts"}],"about":[{"href":"https:\/\/www.focolare.org\/es\/wp-json\/wp\/v2\/types\/post"}],"author":[{"embeddable":true,"href":"https:\/\/www.focolare.org\/es\/wp-json\/wp\/v2\/users\/34"}],"replies":[{"embeddable":true,"href":"https:\/\/www.focolare.org\/es\/wp-json\/wp\/v2\/comments?post=349416"}],"version-history":[{"count":0,"href":"https:\/\/www.focolare.org\/es\/wp-json\/wp\/v2\/posts\/349416\/revisions"}],"wp:attachment":[{"href":"https:\/\/www.focolare.org\/es\/wp-json\/wp\/v2\/media?parent=349416"}],"wp:term":[{"taxonomy":"category","embeddable":true,"href":"https:\/\/www.focolare.org\/es\/wp-json\/wp\/v2\/categories?post=349416"},{"taxonomy":"post_tag","embeddable":true,"href":"https:\/\/www.focolare.org\/es\/wp-json\/wp\/v2\/tags?post=349416"}],"curies":[{"name":"wp","href":"https:\/\/api.w.org\/{rel}","templated":true}]}}