{"id":349424,"date":"2013-05-26T05:00:12","date_gmt":"2013-05-26T03:00:12","guid":{"rendered":"https:\/\/www.focolare.org\/cristianos-y-musulmanes-unidos-por-el-amor-a-dios-y-al-hombre\/"},"modified":"2024-06-06T12:32:55","modified_gmt":"2024-06-06T10:32:55","slug":"cristianos-y-musulmanes-unidos-por-el-amor-a-dios-y-al-hombre","status":"publish","type":"post","link":"https:\/\/www.focolare.org\/es\/cristianos-y-musulmanes-unidos-por-el-amor-a-dios-y-al-hombre\/","title":{"rendered":"Cristianos y musulmanes unidos por el amor a Dios y al hombre"},"content":{"rendered":"<p><img alt=\"\" alt=\"\" loading=\"lazy\" decoding=\"async\" class=\"alignright size-full wp-image-86086\" src=\"https:\/\/www.focolare.org\/wp-content\/uploads\/2013\/05\/20130526-02.jpg\" alt=\"\" width=\"320\" height=\"240\" \/><strong>El Prof. Mohammad Shomali, muy activo en el campo del<a href=\"https:\/\/www.focolare.org\/es\/in-dialogo\/grandi-religioni\/\">\u00a0<\/a><\/strong><a href=\"https:\/\/www.focolare.org\/es\/in-dialogo\/grandi-religioni\/\"><strong>di\u00e1logo interreligioso<\/strong> <\/a>es Decano de Estudios de Postgrado en la secci\u00f3n internacional de la Jami\u2019at al-Zahra y <strong>Director del Instituto Internacional de Estudios Isl\u00e1micos de Qum, Ir\u00e1n<\/strong>.  Gracias a \u00e9l se organizaron distintos momentos de di\u00e1logo entre musulmanes chi\u00edtas\u00a0 y monjes benedictinos, y tambi\u00e9n entre chi\u00edstas\u00a0 y menonitas.  Fue gu\u00eda de tres delegaciones de estudiantes iran\u00edes que culminaron \u00a0sus estudios con la maestr\u00eda y doctorado visitando Roma a fin de \u00a0realizar contactos espirituales con el mundo cristiano.  Recientemente el <strong>Prof. Shomal\u00ed estuvo nuevamente en Roma con un grupo femenino de estudiantes.<\/strong>  Le hemos dirigido algunas preguntas de las que publicamos dos:  <strong>Usted acaba de guiar una delegaci\u00f3n de mujeres iran\u00edes en visita a Roma. \u00bfCu\u00e1l fue su experiencia y la de ellas?<\/strong>  <strong>\u00a0<\/strong>\u00abEn el mes de mayo de 2013, con mi esposa acompa\u00f1\u00e9 a un grupo de diez mujeres, estudiantes de Mastr\u00eda y Doctorado de Jami\u2019atul Zahra, el seminario teol\u00f3gico m\u00e1s grande para mujeres\u00a0 en Ir\u00e1n (Qum). Era la s\u00e9ptima visita que hac\u00edamos a Italia, pero fue la que tuvo m\u00e1s \u00e9xito (\u2026) porque, con el correr del tiempo se construye la confianza rec\u00edproca, se establece una relaci\u00f3n de amistad y se puede ahondar el nivel de di\u00e1logo y de amistad\u00bb.  <strong>\u00bfCu\u00e1l es su experiencia de di\u00e1logo con los Focolares y cu\u00e1les son las caracter\u00edsticas de este di\u00e1logo? <\/strong>  <img alt=\"\" alt=\"\" loading=\"lazy\" decoding=\"async\" class=\"size-full wp-image-86087 alignleft\" style=\"margin-right: 10px\" src=\"https:\/\/www.focolare.org\/wp-content\/uploads\/2013\/05\/20130526-01.jpg\" alt=\"\" width=\"320\" height=\"240\" \/>\u00ab (&#8230;) Para nosotros este Movimiento ha representado la puerta abierta hacia el cristianismo. Con los amigos del Focolar uno se siente a gusto, gracias a su sentido de compromiso con Dios, del amor profundo a Dios y al hombre, y al mismo tiempo, por la \u00a0actitud de gran apertura (\u2026). Se advierte que ponen lo mejor de s\u00ed mismos para que uno se sienta c\u00f3modo, mientras se aseguran de que juntos podamos construir el bien.  Estoy convencido de que el carisma de\u00a0<a href=\"https:\/\/www.focolare.org\/es\/chiara-lubich\/chi-e-chiara\/\">Chiara Lubich,<\/a> su<a href=\"https:\/\/www.focolare.org\/es\/chiara-lubich\/spiritualita-dellunita\/\"> espiritualidad<\/a> es un don de Dios para el siglo XX y esperemos que pueda dar a\u00fan m\u00e1s fruto en el siglo XXI. Personalmente, aprecio mucho la idea de la unidad en el sentido de actuarla como comunidad. Deber\u00edamos reflexionar juntos, hacer programas comunes, trabajar unidos. Esto es muy semejante, me parece, al punto central del mensaje del <strong>Islam<\/strong>, especialmente de la escuela de Ahlulbayt (corriente del Islam chi\u00edta) que subraya y se concentra mucho en el amor que deber\u00eda existir entre los creyentes.  Por esto, \u00a0encuentro que la<span style=\"color: #000000\"> espiritualidad del Focolar <\/span>es muy interesante. Lo que predican y lo que muestran en su comportamiento confirma que podemos llegar a grandes resultados si tenemos un amor verdadero hacia Dios y hacia el pr\u00f3jimo\u00bb.  <span style=\"text-decoration: underline\"> <\/span><\/p>\n","protected":false},"excerpt":{"rendered":"<p>Publicamos dos respuestas de una entrevista al  Prof. Mohammad Shomali, Director del Instituto internacional para los Estudios isl\u00e1micos dei Qum, Iran, quien visit\u00f3 recientemente Italia.<\/p>\n","protected":false},"author":34,"featured_media":0,"comment_status":"open","ping_status":"open","sticky":false,"template":"","format":"standard","meta":{"give_campaign_id":0,"_seopress_robots_primary_cat":"","_seopress_titles_title":"","_seopress_titles_desc":"","_seopress_robots_index":"","_et_pb_use_builder":"","_et_pb_old_content":"","_et_gb_content_width":"","footnotes":""},"categories":[46],"tags":[],"class_list":["post-349424","post","type-post","status-publish","format-standard","hentry","category-sin-categorizar"],"_links":{"self":[{"href":"https:\/\/www.focolare.org\/es\/wp-json\/wp\/v2\/posts\/349424","targetHints":{"allow":["GET"]}}],"collection":[{"href":"https:\/\/www.focolare.org\/es\/wp-json\/wp\/v2\/posts"}],"about":[{"href":"https:\/\/www.focolare.org\/es\/wp-json\/wp\/v2\/types\/post"}],"author":[{"embeddable":true,"href":"https:\/\/www.focolare.org\/es\/wp-json\/wp\/v2\/users\/34"}],"replies":[{"embeddable":true,"href":"https:\/\/www.focolare.org\/es\/wp-json\/wp\/v2\/comments?post=349424"}],"version-history":[{"count":0,"href":"https:\/\/www.focolare.org\/es\/wp-json\/wp\/v2\/posts\/349424\/revisions"}],"wp:attachment":[{"href":"https:\/\/www.focolare.org\/es\/wp-json\/wp\/v2\/media?parent=349424"}],"wp:term":[{"taxonomy":"category","embeddable":true,"href":"https:\/\/www.focolare.org\/es\/wp-json\/wp\/v2\/categories?post=349424"},{"taxonomy":"post_tag","embeddable":true,"href":"https:\/\/www.focolare.org\/es\/wp-json\/wp\/v2\/tags?post=349424"}],"curies":[{"name":"wp","href":"https:\/\/api.w.org\/{rel}","templated":true}]}}