{"id":349432,"date":"2013-05-29T06:20:27","date_gmt":"2013-05-29T04:20:27","guid":{"rendered":"https:\/\/www.focolare.org\/giordani-en-florencia-las-virtudes-y-la-politica\/"},"modified":"2024-06-06T12:32:57","modified_gmt":"2024-06-06T10:32:57","slug":"giordani-en-florencia-las-virtudes-y-la-politica","status":"publish","type":"post","link":"https:\/\/www.focolare.org\/es\/giordani-en-florencia-las-virtudes-y-la-politica\/","title":{"rendered":"Giordani en Florencia, las virtudes y la pol\u00edtica"},"content":{"rendered":"<p><a href=\"https:\/\/www.focolare.org\/wp-content\/uploads\/2013\/05\/20130529-01_LaPira.jpg\"><img alt=\"\" alt=\"\" loading=\"lazy\" decoding=\"async\" class=\"alignleft  wp-image-86312\" style=\"margin-right: 10px\" src=\"https:\/\/www.focolare.org\/wp-content\/uploads\/2013\/05\/20130529-01_LaPira.jpg\" alt=\"\" width=\"384\" height=\"256\" \/><\/a>El compromiso dentro de la <strong>Asamblea Constituyente <\/strong>que decidi\u00f3 las suertes de Italia en la postguerra, el compromiso a favor de la paz y de los m\u00e1s necesitados, el compromiso a favor del ecumenismo: son algunas de las afinidades entre estas figuras profundamente unidas por la amistad y la sinton\u00eda, <a href=\"https:\/\/www.focolare.org\/es\/chiara-lubich\/chi-e-chiara\/igino-giordani\/\">Giordani <\/a>\u00a0y <a href=\"http:\/\/www.giorgiolapira.org\/\" target=\"_blank\" rel=\"noopener\">La Pira<\/a>. Las mismas se pusieron de relieve en el congreso \u201cIgino Giordani y Giorgio La Pira: las virtudes y la pol\u00edtica\u201d el pasado 25 de mayo en Florencia. Estaban presentes alrededor de 250 personas, entre las cuales algunos familiares de Giordani y numerosos j\u00f3venes estudiantes de distintas naciones del <a href=\"https:\/\/www.focolare.org\/es\/news\/2013\/01\/13\/centro-internazionale-giorgio-la-pira\/\">Centro La Pira<\/a>. El centro est\u00e1 dedicado al alcalde que gobern\u00f3 Florencia de 1951 al 1964, fue fundado por el Card. Benelli. \u00a0Desde entonces est\u00e1 a cargo a los Focolares y se ha convertido en un punto importante para el di\u00e1logo y la fraternidad en la capital toscana.<\/p>\n<p><strong>Giordani ha sido uno de los m\u00e1s importantes pol\u00edticos e intelectuales de la postguerra italiana, <\/strong><strong>pero es tambi\u00e9n co-fundador del Movimiento de los Focolares, dentro del cual es conocido como \u201cFoco\u201d. Se dedic\u00f3 a promover una pol\u00edtica basada en el servicio a la colectividad y en el di\u00e1logo fraterno. <\/strong>\u00abUna iniciativa que hoy sin duda puede parecer audaz\u00bb afirm\u00f3 en su intervenci\u00f3n Alberto Lo Presti, presidente del Centro Igino Giordani. \u00abCiertamente -prosigue- no fue menos intr\u00e9pida durante la experiencia parlamentaria de Giordani, en plena guerra fr\u00eda. Lo que lo empujaba a semejante audacia fue el encuentro con el <a href=\"https:\/\/www.focolare.org\/es\/chiara-lubich\/spiritualita-dellunita\/\">Ideal de la unidad <\/a>\u00a0de <a href=\"https:\/\/www.focolare.org\/es\/chiara-lubich\/chi-e-chiara\/\">Chiara Lubich<\/a> el 17 de septiembre de 1948. El Ideal que Chiara Lubich ha dado al mundo y que Giordani supo transmitir tambi\u00e9n a la pol\u00edtica\u00bb.<\/p>\n<p><a href=\"https:\/\/www.focolare.org\/wp-content\/uploads\/2013\/05\/20130529-02_LaPira.jpg\"><img alt=\"\" alt=\"\" loading=\"lazy\" decoding=\"async\" class=\" wp-image-86307 alignright\" src=\"https:\/\/www.focolare.org\/wp-content\/uploads\/2013\/05\/20130529-02_LaPira.jpg\" alt=\"\" width=\"384\" height=\"256\" \/><\/a><strong>La promoci\u00f3n de la paz y la integraci\u00f3n europea <\/strong><strong>fueron puntos fundamentales en la carrera parlamentaria de Giordani. <\/strong><strong>Ambos fueron analizados por la Profa. <\/strong><strong>Bagnato, docente de historia de las relaciones internacionales en la <\/strong><a href=\"http:\/\/www.unifi.it\" target=\"_blank\" rel=\"noopener\">Universidad de Florencia<\/a>: \u00abLa esencia de su pacifismo \u2013recuerda- radica en su vocaci\u00f3n al di\u00e1logo en el plano internacional, pero tambi\u00e9n a nivel interno o en las relaciones interpersonales\u00bb. Fue una vocaci\u00f3n que llev\u00f3 al diputado Giordani a convertirse en promotor de numerosas iniciativas (como la primera propuesta de ley para la objeci\u00f3n de conciencia y un acuerdo parlamentario para la defensa de la paz), colaborando tanto con miembros de su partido como con los de oposici\u00f3n.<\/p>\n<p>La cita \u2013 auspiciada por el <a href=\"http:\/\/www.quirinale.it\/\" target=\"_blank\" rel=\"noopener\">Presidente de la Rep\u00fablica italiana<\/a> Giorgio Napolitano \u2013 se inaugur\u00f3 con los saludos del Arzobispo de Florencia, el Card. Betori. Intervinieron varios expertos \u2013desde el Prof. \u00a0Luppi, docente de Historia Contempor\u00e1nea en el <a href=\"http:\/\/www.iu-sophia.org\" target=\"_blank\" rel=\"noopener\">Instituto Universitario Sophia<\/a>, al Prof.\u00a0 Monticone, historiador y expresidente de la Acci\u00f3n Cat\u00f3lica- , acogi\u00f3 las notas de la Orquesta del Maggio Musical Florentino.<\/p>\n<p>Como conclusi\u00f3n una de las j\u00f3venes presentes dijo: \u00abSiento totalmente actual y necesario, ahora m\u00e1s que nunca el auspicio que nos hace <em><strong>\u00a1se necesitan santos en el Parlamento!&#8217;<\/strong><\/em>\u00bb.<\/p>\n","protected":false},"excerpt":{"rendered":"<p>Eran 250 en la Sala de las Armas del \u201cPalazzo Vecchio\u201d para participar en la presentaci\u00f3n de Igino Giornadi, paralela a la de Giorgio La Pira, el \u00e9pico alcalde de Florencia: la pol\u00edtica como amor por la ciudad, el anhelo com\u00fan de ambos.<\/p>\n","protected":false},"author":34,"featured_media":0,"comment_status":"open","ping_status":"open","sticky":false,"template":"","format":"standard","meta":{"give_campaign_id":0,"_seopress_robots_primary_cat":"","_seopress_titles_title":"","_seopress_titles_desc":"","_seopress_robots_index":"","_et_pb_use_builder":"","_et_pb_old_content":"","_et_gb_content_width":"","footnotes":""},"categories":[904],"tags":[],"class_list":["post-349432","post","type-post","status-publish","format-standard","hentry","category-focolare-worldwide-2-2"],"_links":{"self":[{"href":"https:\/\/www.focolare.org\/es\/wp-json\/wp\/v2\/posts\/349432","targetHints":{"allow":["GET"]}}],"collection":[{"href":"https:\/\/www.focolare.org\/es\/wp-json\/wp\/v2\/posts"}],"about":[{"href":"https:\/\/www.focolare.org\/es\/wp-json\/wp\/v2\/types\/post"}],"author":[{"embeddable":true,"href":"https:\/\/www.focolare.org\/es\/wp-json\/wp\/v2\/users\/34"}],"replies":[{"embeddable":true,"href":"https:\/\/www.focolare.org\/es\/wp-json\/wp\/v2\/comments?post=349432"}],"version-history":[{"count":0,"href":"https:\/\/www.focolare.org\/es\/wp-json\/wp\/v2\/posts\/349432\/revisions"}],"wp:attachment":[{"href":"https:\/\/www.focolare.org\/es\/wp-json\/wp\/v2\/media?parent=349432"}],"wp:term":[{"taxonomy":"category","embeddable":true,"href":"https:\/\/www.focolare.org\/es\/wp-json\/wp\/v2\/categories?post=349432"},{"taxonomy":"post_tag","embeddable":true,"href":"https:\/\/www.focolare.org\/es\/wp-json\/wp\/v2\/tags?post=349432"}],"curies":[{"name":"wp","href":"https:\/\/api.w.org\/{rel}","templated":true}]}}