{"id":349470,"date":"2013-06-12T05:21:04","date_gmt":"2013-06-12T03:21:04","guid":{"rendered":"https:\/\/www.focolare.org\/congo-un-medico-ante-el-desafio-del-sida\/"},"modified":"2024-06-06T12:33:04","modified_gmt":"2024-06-06T10:33:04","slug":"congo-un-medico-ante-el-desafio-del-sida","status":"publish","type":"post","link":"https:\/\/www.focolare.org\/es\/congo-un-medico-ante-el-desafio-del-sida\/","title":{"rendered":"Congo. Un m\u00e9dico ante el desaf\u00edo del SIDA"},"content":{"rendered":"<p><img alt=\"\" alt=\"\" loading=\"lazy\" decoding=\"async\" class=\"size-full wp-image-87356 alignright\" style=\"margin-left: 10px\" src=\"https:\/\/www.focolare.org\/wp-content\/uploads\/2013\/06\/20130612-01.jpg\" alt=\"\" width=\"314\" height=\"235\" \/>\u00abSoy m\u00e9dico especialista en enfermedades infectivas, y estoy en contacto con pacientes seropositivos y enfermos de SIDA desde hace 23 a\u00f1os. Soy el referente para esta patolog\u00eda en el hospital donde trabajo en Kinshasa, la capital del <a href=\"https:\/\/www.focolare.org\/es\/focolare-worldwide\/africa\/repubblica-democratica-del-congo\/\" target=\"_blank\" rel=\"noopener\">Congo<\/a>.<\/p>\n<p>Aprend\u00ed muy pronto a participar en la transformaci\u00f3n de la sociedad en la que vivo. Crear una sociedad nueva y justa, en la que el hombre est\u00e1 en el centro de las preocupaciones de todos los miembros de la comunidad, ha sido uno de los objetivos de mi vida. Decid\u00ed ser m\u00e9dico para ponerme al servicio de mis hermanos.<\/p>\n<p>Terminados los estudios de medicina, me encontr\u00e9 afrontando un gran desaf\u00edo: las condiciones de trabajo eran cada vez m\u00e1s degradantes, los sueldos insignificantes. Las condiciones materiales del m\u00e9dico no llevaban a una conciencia profesional y a la honestidad. Para sobrevivir bien hac\u00eda falta trabajar en organismos internacionales o en cl\u00ednicas privadas.<\/p>\n<p>Muchos de mis colegas m\u00e9dicos emigraron a Europa o a los Estados Unidos. En un determinado momento yo tambi\u00e9n me sent\u00ed tentado de emigrar. Despu\u00e9s de haberlo meditado con mi mujer, decidimos quedarnos en el pa\u00eds, aceptando la situaci\u00f3n: enfermos pobres, condiciones dif\u00edciles de trabajo, falta de material y a veces acoso por la corrupci\u00f3n.<\/p>\n<p>Al principio est\u00e1bamos asustados por la posibilidad de ser contagiados por el virus: las escasas condiciones higi\u00e9nicas y las estructuras sanitarias carentes no nos daban ninguna garant\u00eda. En aquel per\u00edodo nuestro pa\u00eds estaba en plena crisis socio-econ\u00f3mica y pol\u00edtica. No recib\u00edamos m\u00e1s ayudas de la cooperaci\u00f3n internacional. Despu\u00e9s estall\u00f3 la guerra con la carga de dramas que cada conflicto lleva consigo. Ten\u00edamos grandes dificultades en curar a los enfermos de SIDA, pero hemos continuado y ha sido de veras la ocasi\u00f3n de vivir concretamente el amor.<\/p>\n<p>Nuestra actividad est\u00e1 concentrada en actividades dirigidas al tratamiento y la prevenci\u00f3n del SIDA.<\/p>\n<p>Para el tratamiento de los enfermos, con la ayuda de la <a href=\"http:\/\/www.amu-it.eu\/\" target=\"_blank\" rel=\"noopener\">Asociaci\u00f3n Acci\u00f3n por un Mundo Unido<\/a> (AMU) ha sido posible construir una estructura sanitaria completa de un laboratorio de an\u00e1lisis. Adem\u00e1s hemos encaminado un programa de tratamiento basado en el suministro de f\u00e1rmacos espec\u00edficos, ahora disponibles tambi\u00e9n en \u00c1frica y garantizados a todos, tambi\u00e9n a los m\u00e1s pobres. Todo eso ha sido el fruto de recientes elecciones de parte de la ONU en las estrategias de lucha contra el SIDA.<\/p>\n<p>Para la <strong>prevenci\u00f3n ha <\/strong>sido encaminada de manera sistem\u00e1tica la formaci\u00f3n de educadores y divulgadores con la tarea de intervenir en el aspecto psicol\u00f3gico, sociol\u00f3gico y moral de los j\u00f3venes y las familias, para provocar un cambio de comportamiento en la poblaci\u00f3n. Adem\u00e1s del desarrollo de actividades productivas para mejorar la alimentaci\u00f3n de base, tambi\u00e9n hemos tratado de garantizar un apoyo psico-social a los enfermos y a sus familias.<\/p>\n<p>El contenido principal de los cursos consiste en dar informaciones completas y correctas sobre la transmisi\u00f3n y prevenci\u00f3n de la enfermedad. Algunos piensan en efecto que el virus provenga de manipulaciones de laboratorio, otros ven su origen en Dios, a causa del pecado, como un tipo de castigo. Estas concepciones, a menudo ligadas a la cultura africana, son muy dif\u00edciles de desarraigar. Por eso se trata de profundizar en el origen de la enfermedad, los efectos del virus sobre el sistema inmunitario y los medios de prevenci\u00f3n del SIDA.<\/p>\n<p>Lo que me da coraje es trabajar junto a\u00a0<a href=\"https:\/\/www.focolare.org\/es\/in-dialogo\/cultura\/medicina\/\" target=\"_blank\" rel=\"noopener\">m\u00e9dicos<\/a> del\u00a0 <a href=\"https:\/\/www.focolare.org\/es\/movimento-dei-focolari\/\" target=\"_blank\" rel=\"noopener\">Movimiento de los Focolares<\/a> y a otros que, como yo, quieren poner el enfermo en el primer lugar\u00bb.<\/p>\n<p><strong>\u00a0<\/strong>(M.M. Congo)<\/p>\n","protected":false},"excerpt":{"rendered":"<p>Un m\u00e9dico congol\u00e9s cuenta c\u00f3mo afronta el desaf\u00edo cotidiano de la lucha contra el SIDA, poniendo a los enfermos en el centro. So contribuci\u00f3n a la construcci\u00f3n de una sociedad mejor.<\/p>\n","protected":false},"author":27,"featured_media":0,"comment_status":"open","ping_status":"open","sticky":false,"template":"","format":"standard","meta":{"give_campaign_id":0,"_seopress_robots_primary_cat":"","_seopress_titles_title":"","_seopress_titles_desc":"","_seopress_robots_index":"","_et_pb_use_builder":"","_et_pb_old_content":"","_et_gb_content_width":"","footnotes":""},"categories":[46],"tags":[],"class_list":["post-349470","post","type-post","status-publish","format-standard","hentry","category-sin-categorizar"],"_links":{"self":[{"href":"https:\/\/www.focolare.org\/es\/wp-json\/wp\/v2\/posts\/349470","targetHints":{"allow":["GET"]}}],"collection":[{"href":"https:\/\/www.focolare.org\/es\/wp-json\/wp\/v2\/posts"}],"about":[{"href":"https:\/\/www.focolare.org\/es\/wp-json\/wp\/v2\/types\/post"}],"author":[{"embeddable":true,"href":"https:\/\/www.focolare.org\/es\/wp-json\/wp\/v2\/users\/27"}],"replies":[{"embeddable":true,"href":"https:\/\/www.focolare.org\/es\/wp-json\/wp\/v2\/comments?post=349470"}],"version-history":[{"count":0,"href":"https:\/\/www.focolare.org\/es\/wp-json\/wp\/v2\/posts\/349470\/revisions"}],"wp:attachment":[{"href":"https:\/\/www.focolare.org\/es\/wp-json\/wp\/v2\/media?parent=349470"}],"wp:term":[{"taxonomy":"category","embeddable":true,"href":"https:\/\/www.focolare.org\/es\/wp-json\/wp\/v2\/categories?post=349470"},{"taxonomy":"post_tag","embeddable":true,"href":"https:\/\/www.focolare.org\/es\/wp-json\/wp\/v2\/tags?post=349470"}],"curies":[{"name":"wp","href":"https:\/\/api.w.org\/{rel}","templated":true}]}}