{"id":349536,"date":"2013-07-17T04:00:26","date_gmt":"2013-07-17T02:00:26","guid":{"rendered":"https:\/\/www.focolare.org\/en-eslovaquia-una-oportunidad-para-la-economia-de-comunion\/"},"modified":"2024-06-06T12:33:16","modified_gmt":"2024-06-06T10:33:16","slug":"en-eslovaquia-una-oportunidad-para-la-economia-de-comunion","status":"publish","type":"post","link":"https:\/\/www.focolare.org\/es\/en-eslovaquia-una-oportunidad-para-la-economia-de-comunion\/","title":{"rendered":"En Eslovaquia: una oportunidad para la Econom\u00eda de Comuni\u00f3n"},"content":{"rendered":"<p><a href=\"https:\/\/www.focolare.org\/wp-content\/uploads\/2013\/07\/Utopia_v_pohjbe_rid.jpg\"><img alt=\"\" alt=\"\" loading=\"lazy\" decoding=\"async\" class=\"size-full wp-image-88890 alignright\" style=\"margin-left: 15px;margin-right: 15px\" src=\"https:\/\/www.focolare.org\/wp-content\/uploads\/2013\/07\/Utopia_v_pohjbe_rid.jpg\" alt=\"\" width=\"102\" height=\"150\" \/><\/a><\/p>\n<p>En junio, en dos ciudades eslovacas, se present\u00f3 el libro que cuenta la vida del desaparecido empresario franc\u00e9s de la <a href=\"http:\/\/www.edc-online.org\/es\/\" target=\"_blank\" rel=\"noopener\">Econom\u00eda de Comuni\u00f3n<\/a> (EdC), Fran\u00e7ois Neveux.<\/p>\n<p><strong><a href=\"https:\/\/www.focolare.org\/wp-content\/uploads\/2013\/07\/130612-13_Bratislava_libri_03_rid.jpg\"><img alt=\"\" alt=\"\" loading=\"lazy\" decoding=\"async\" class=\"alignleft size-full wp-image-88889\" style=\"margin-left: 15px;margin-right: 15px\" src=\"https:\/\/www.focolare.org\/wp-content\/uploads\/2013\/07\/130612-13_Bratislava_libri_03_rid.jpg\" alt=\"\" width=\"220\" height=\"165\" \/><\/a>La primera cita tuvo lugar el 12 de junio en <\/strong><strong>Ko\u0161ice<\/strong> en la sala de la librer\u00eda Panta Rhei, que no pudo contener al vasto p\u00fablico: estaban presentes personas provenientes no s\u00f3lo de las ciudades cercanas, sino tambi\u00e9n de Polonia, Ucrania y de la Rep\u00fablica Checa. Adem\u00e1s los participantes ten\u00edan las m\u00e1s variadas experiencias profesionales y de vida; asistieron empresarios y estudiantes, desocupados y empleados p\u00fablicos. Para la ocasi\u00f3n fueron a <a href=\"https:\/\/www.focolare.org\/es\/focolare-worldwide\/europa\/slovacchia\/\" target=\"_blank\" rel=\"noopener\">Eslovaquia<\/a> los coordinadores de la EdC de Francia y su esposa, Fran\u00e7oise. Juntos describieron a Fran\u00e7ois Neveux, como un \u201cempresario de relaciones\u201d.<\/p>\n<p><a href=\"https:\/\/www.focolare.org\/wp-content\/uploads\/2013\/07\/130612-13_Bratislava-Francoise_01_rid.jpg\"><img alt=\"\" alt=\"\" loading=\"lazy\" decoding=\"async\" class=\"alignright size-full wp-image-88891\" style=\"margin-left: 15px;margin-right: 15px\" src=\"https:\/\/www.focolare.org\/wp-content\/uploads\/2013\/07\/130612-13_Bratislava-Francoise_01_rid.jpg\" alt=\"\" width=\"201\" height=\"230\" \/><\/a>Su testimonio, en el que pudieron referir muchos <strong>peque\u00f1os y grandes hechos de su vida, <\/strong>fue particularmente apreciada, porque si bien las \u201cteor\u00edas\u201d pueden estar sujetas a discusi\u00f3n y permiten que emerjan pareceres contrastantes, una vida como la de Fran\u00e7ois no deja cabida a argumentos discordantes. Finalmente Fran\u00e7oise tuvo la posibilidad de firmar el libro y de hacer coloquios personales con los participantes.<\/p>\n<p><strong><a href=\"https:\/\/www.focolare.org\/wp-content\/uploads\/2013\/07\/130612-13_Bratislava_02_rid.jpg\"><img alt=\"\" alt=\"\" loading=\"lazy\" decoding=\"async\" class=\"alignleft size-full wp-image-88892\" style=\"margin-left: 15px;margin-right: 15px\" src=\"https:\/\/www.focolare.org\/wp-content\/uploads\/2013\/07\/130612-13_Bratislava_02_rid.jpg\" alt=\"\" width=\"250\" height=\"148\" \/><\/a><strong>El 13 de junio el evento fue en Bratislava<\/strong>, capital del pa\u00eds. All\u00ed estuvieron presentes tambi\u00e9n varios pol\u00edticos interesados en la EdC. Muy vivo el momento de di\u00e1logo al final de la presentaci\u00f3n. Un pol\u00edtico comentaba: \u201c<em>La filosof\u00eda que tiene como base la EdC nos puede ayudar a escribir leyes innovadoras y realizar pol\u00edticas nuevas. <\/em><em>La Econom\u00eda de comuni\u00f3n es el camino\u201d. <\/em><em>\u00a0El evento fue objeto tambi\u00e9n de un servicio de la televisi\u00f3n cat\u00f3lica eslovaca Lux, que contribuy\u00f3 a difundir el esp\u00edritu que anima el proyecto.<\/em><\/p>\n<p><em><a href=\"https:\/\/www.focolare.org\/wp-content\/uploads\/2013\/07\/130612-13_Bratislava_ln_vivo_16_rid1.jpg\"><img alt=\"\" alt=\"\" loading=\"lazy\" decoding=\"async\" class=\"alignleft size-full wp-image-88895\" style=\"margin-left: 15px;margin-right: 15px\" src=\"https:\/\/www.focolare.org\/wp-content\/uploads\/2013\/07\/130612-13_Bratislava_ln_vivo_16_rid1.jpg\" alt=\"\" width=\"200\" height=\"177\" \/><\/a><strong>En la capital de Eslovaquia est\u00e1 presente tambi\u00e9n la hist\u00f3rica empresa <\/strong><\/em><a href=\"http:\/\/www.invivo.sk\/\">In Vivo<\/a> <em>que adhiri\u00f3 a la EdC. Es una empresa que desde hace a\u00f1os produce y vende cer\u00e1mica, tiene su sede en el centro hist\u00f3rico de Bratislava y es muy apreciada y conocida por su originalidad. <\/em><em>In vivo <\/em><em>naci\u00f3 en 1991, enseguida despu\u00e9s del lanzamiento del proyecto, por inspiraci\u00f3n de <a href=\"https:\/\/www.focolare.org\/es\/chiara-lubich\/chi-e-chiara\/\" target=\"_blank\" rel=\"noopener\">Chiara Lubich<\/a> en Brasil ese mismo a\u00f1o.<\/em><\/p>\n<p><em><strong>\u201cLas relaciones construidas ciertamente no se agotan con la presentaci\u00f3n del libro\u201d <\/strong><\/em>\u2013escribe la eslovaca<em><strong> <\/strong><\/em><em>Maja Calfova \u2013 todo lo contario han nacido nuevas relaciones y se han reforzado las que exist\u00edan\u201d, tanto que la comisi\u00f3n local de la EdC ha tomado nuevas energ\u00edas. Uno de sus miembros lleg\u00f3 a afirmar: \u201cDentro de nosotros sentimos que no podemos estar en paz hasta que la EdC no se encarne en nuestro pa\u00eds y en aquellos cercanos\u201d.<\/em><\/p>\n","protected":false},"excerpt":{"rendered":"<p>Con la presentaci\u00f3n del libro sobre el empresario franc\u00e9s Fran\u00e7ois Neveux, en dos ciudades eslovacas, la propuesta de la EdC ha sido lanzada al gran p\u00fablico.<\/p>\n","protected":false},"author":34,"featured_media":0,"comment_status":"open","ping_status":"open","sticky":false,"template":"","format":"standard","meta":{"give_campaign_id":0,"_seopress_robots_primary_cat":"","_seopress_titles_title":"","_seopress_titles_desc":"","_seopress_robots_index":"","_et_pb_use_builder":"","_et_pb_old_content":"","_et_gb_content_width":"","footnotes":""},"categories":[904],"tags":[],"class_list":["post-349536","post","type-post","status-publish","format-standard","hentry","category-focolare-worldwide-2-2"],"_links":{"self":[{"href":"https:\/\/www.focolare.org\/es\/wp-json\/wp\/v2\/posts\/349536","targetHints":{"allow":["GET"]}}],"collection":[{"href":"https:\/\/www.focolare.org\/es\/wp-json\/wp\/v2\/posts"}],"about":[{"href":"https:\/\/www.focolare.org\/es\/wp-json\/wp\/v2\/types\/post"}],"author":[{"embeddable":true,"href":"https:\/\/www.focolare.org\/es\/wp-json\/wp\/v2\/users\/34"}],"replies":[{"embeddable":true,"href":"https:\/\/www.focolare.org\/es\/wp-json\/wp\/v2\/comments?post=349536"}],"version-history":[{"count":0,"href":"https:\/\/www.focolare.org\/es\/wp-json\/wp\/v2\/posts\/349536\/revisions"}],"wp:attachment":[{"href":"https:\/\/www.focolare.org\/es\/wp-json\/wp\/v2\/media?parent=349536"}],"wp:term":[{"taxonomy":"category","embeddable":true,"href":"https:\/\/www.focolare.org\/es\/wp-json\/wp\/v2\/categories?post=349536"},{"taxonomy":"post_tag","embeddable":true,"href":"https:\/\/www.focolare.org\/es\/wp-json\/wp\/v2\/tags?post=349536"}],"curies":[{"name":"wp","href":"https:\/\/api.w.org\/{rel}","templated":true}]}}