{"id":349546,"date":"2013-07-23T12:39:49","date_gmt":"2013-07-23T10:39:49","guid":{"rendered":"https:\/\/www.focolare.org\/jmj-el-aporte-de-los-jovenes-del-movimiento-de-los-focolares\/"},"modified":"2024-06-06T12:33:19","modified_gmt":"2024-06-06T10:33:19","slug":"jmj-el-aporte-de-los-jovenes-del-movimiento-de-los-focolares","status":"publish","type":"post","link":"https:\/\/www.focolare.org\/es\/jmj-el-aporte-de-los-jovenes-del-movimiento-de-los-focolares\/","title":{"rendered":"JMJ: El aporte de los j\u00f3venes del Movimiento de los Focolares"},"content":{"rendered":"<\/p>\n","protected":false},"excerpt":{"rendered":"<p>Rio de Janeiro recibe a 2 millones de j\u00f3venes para la XXVIII Jornada Mundial de la Juventud. Pero no solo. Acoge tambi\u00e9n al Papa Francisco que, en su primer viaje apost\u00f3lico, se encontrar\u00e1 con los j\u00f3venes en Copacabana para el V\u00eda Crucis y en el Campus Fidei para la Vigilia y la Santa Misa conclusiva.<\/p>\n","protected":false},"author":34,"featured_media":0,"comment_status":"open","ping_status":"open","sticky":false,"template":"","format":"standard","meta":{"give_campaign_id":0,"_seopress_robots_primary_cat":"","_seopress_titles_title":"","_seopress_titles_desc":"","_seopress_robots_index":"","_et_pb_use_builder":"","_et_pb_old_content":"","_et_gb_content_width":"","footnotes":""},"categories":[904],"tags":[],"class_list":["post-349546","post","type-post","status-publish","format-standard","hentry","category-focolare-worldwide-2-2"],"_links":{"self":[{"href":"https:\/\/www.focolare.org\/es\/wp-json\/wp\/v2\/posts\/349546","targetHints":{"allow":["GET"]}}],"collection":[{"href":"https:\/\/www.focolare.org\/es\/wp-json\/wp\/v2\/posts"}],"about":[{"href":"https:\/\/www.focolare.org\/es\/wp-json\/wp\/v2\/types\/post"}],"author":[{"embeddable":true,"href":"https:\/\/www.focolare.org\/es\/wp-json\/wp\/v2\/users\/34"}],"replies":[{"embeddable":true,"href":"https:\/\/www.focolare.org\/es\/wp-json\/wp\/v2\/comments?post=349546"}],"version-history":[{"count":0,"href":"https:\/\/www.focolare.org\/es\/wp-json\/wp\/v2\/posts\/349546\/revisions"}],"wp:attachment":[{"href":"https:\/\/www.focolare.org\/es\/wp-json\/wp\/v2\/media?parent=349546"}],"wp:term":[{"taxonomy":"category","embeddable":true,"href":"https:\/\/www.focolare.org\/es\/wp-json\/wp\/v2\/categories?post=349546"},{"taxonomy":"post_tag","embeddable":true,"href":"https:\/\/www.focolare.org\/es\/wp-json\/wp\/v2\/tags?post=349546"}],"curies":[{"name":"wp","href":"https:\/\/api.w.org\/{rel}","templated":true}]}}