{"id":349560,"date":"2013-07-29T06:56:42","date_gmt":"2013-07-29T04:56:42","guid":{"rendered":"https:\/\/www.focolare.org\/el-papa-francisco-a-los-jovenes-de-rio-vayan-sin-miedo-para-servir\/"},"modified":"2024-06-06T12:33:21","modified_gmt":"2024-06-06T10:33:21","slug":"el-papa-francisco-a-los-jovenes-de-rio-vayan-sin-miedo-para-servir","status":"publish","type":"post","link":"https:\/\/www.focolare.org\/es\/el-papa-francisco-a-los-jovenes-de-rio-vayan-sin-miedo-para-servir\/","title":{"rendered":"El Papa Francisco a los j\u00f3venes de Rio: \u00abVayan, sin miedo, para servir\u00bb"},"content":{"rendered":"<p><strong>\u201cCristo tiene confianza en los j\u00f3venes y conf\u00eda a ellos el futuro de su misi\u00f3n\u201d. <\/strong>Fueron las primeras palabras del Papa Francisco a su llegada a <a href=\"https:\/\/www.focolare.org\/es\/focolare-worldwide\/america-sud\/brasile\/\">Brasil, <\/a>ante las autoridades civiles y religiosas que lo recibieron. \u201c\u00a1Jes\u00fas te llama a ser un disc\u00edpulo en misi\u00f3n!\u201d \u00bfQu\u00e9 nos dice hoy el Se\u00f1or? Tres palabras: Vayan, sin miedo, para servir\u201d. Ese fue el llamado del Papa en la homil\u00eda de la Santa Misa, ante tres millones de personas que llenaron la playa de\u00a0Copacabana durante la conclusi\u00f3n de la <a href=\"http:\/\/www.rio2013.com\/es\" target=\"_blank\" rel=\"noopener\">JMJ.<\/a>  <img alt=\"\" alt=\"\" loading=\"lazy\" decoding=\"async\" class=\" wp-image-89568 alignleft\" style=\"margin-right: 10px\" src=\"https:\/\/www.focolare.org\/wp-content\/uploads\/2013\/07\/WYD_03.jpg\" alt=\"\" width=\"238\" height=\"188\" \/>Palabras sencillas, nuevas y de siempre, atractivas. Como tantas otras palabras dichas, escuchadas y hechas propias a lo largo de la semana apenas transcurrida en Rio de Janeiro. Los j\u00f3venes regresan ahora a sus ciudades y pa\u00edses, a sus propias familias, grupos, asociaciones y congregaciones, con la invitaci\u00f3n del Papa a \u201chacer l\u00edo\u201d, a remover las aguas, a tener en cuenta tanto al coet\u00e1neo como al adulto, a cultivar y vivir la propia fe integralmente. A ellos, la palabra:  <strong>Donna, de <a href=\"https:\/\/www.focolare.org\/es\/focolare-worldwide\/asia\/libano\/\" target=\"_blank\" rel=\"noopener\">L\u00edbano<\/a>, <\/strong><strong>dice que \u201cel Papa habla en forma sencilla y directa, apropiada para nuestros d\u00edas\u201d.<\/strong>  <strong>Para Joaqu\u00edn, argentino<\/strong>, quien sigui\u00f3 la JMJ a distancia, \u201chacer l\u00edo\u201d quiere decir ser la fuerza que empuja la sociedad. \u201cRealmente me sent\u00ed parte de la ecuaci\u00f3n de Francisco: j\u00f3venes-ancianos-adultos. Hoy soy joven y por lo tanto me toca esta parte. Me gusta esta visi\u00f3n m\u00e1s general, que es justa\u201d.  <strong>Daniela, italiana<\/strong>: \u201cEsta reciprocidad entre las generaciones\u201d a la que nos est\u00e1 llamando en forma insistente el Papa, puede ser una fuerza explosiva, una ayuda rec\u00edproca. Lo que me queda en el coraz\u00f3n despu\u00e9s de haber seguido esta JMJ, es el deseo de vivir en forma m\u00e1s radical mi vida e ir hacia afuera para ser todos los d\u00edas, en mi cotidianidad, \u00a1esa ventana que hace entrar el futuro del mundo!\u201d.  <strong>Iggy, neozeland\u00e9s: <\/strong>\u201cEsta JMJ es un impulso a hacer una revoluci\u00f3n, a \u2018conquistar\u2019 a otros j\u00f3venes a una vida como \u00e9sta. Especialmente porque en mi pa\u00eds, Nueva Zelanda, no hay mucha gente que cree en Dios\u201d.  &nbsp;  De los j\u00f3venes de <strong>R\u00edo de Janeiro <\/strong>que participaron en el grupo de <strong><a href=\"https:\/\/www.focolare.org\/es\/in-dialogo\/chiese-cristiane\/\" target=\"_blank\" rel=\"noopener\">di\u00e1logo ecum\u00e9nico<\/a> e <a href=\"https:\/\/www.focolare.org\/es\/in-dialogo\/grandi-religioni\/\" target=\"_blank\" rel=\"noopener\">interreligioso<\/a>:<\/strong>  <strong>Fuminori (cat\u00f3lico)<\/strong>: \u201cLa JMJ es la prueba de lo que ya est\u00e1 sucendiendo en R\u00edo entre cat\u00f3licos, metodistas, bautistas y otros. Personas no cat\u00f3licas ayudaron en esta jornada hospedando a los j\u00f3venes en sus casas con cordialidad fraterna\u201d.  <strong>Carlos (presbiteriano)<\/strong>: \u201cLa JMJ trajo un esp\u00edritu nuevo a la ciudad. Hay m\u00fasica, fiesta y un tono de voz que va m\u00e1s all\u00e1 de las instituciones. Son los j\u00f3venes de\u00a0Cristo, es decir, llevan consigo una identidad religiosa que va m\u00e1s all\u00e1 de las paredes institucionales\u201d.  <strong>Fernando (musulm\u00e1n)<\/strong>: \u201cVeo la JMJ muy positiva, porque permite el encuentro de j\u00f3venes de\u00a0procedencias diversas para hablar de sus valores y principios important\u00edsimos para todos. Se trata tambi\u00e9n de un encuentro con Dios y esto siempre tiene resultados maravillosos para la renovaci\u00f3n de la fe de cada uno\u201d.  <a href=\"https:\/\/www.focolare.org\/wp-content\/uploads\/2013\/07\/WYD_ChiaraLuce.jpg\"><img alt=\"\" alt=\"\" loading=\"lazy\" decoding=\"async\" class=\"alignright  wp-image-89567\" style=\"margin-left: 10px\" src=\"https:\/\/www.focolare.org\/wp-content\/uploads\/2013\/07\/WYD_ChiaraLuce.jpg\" alt=\"\" width=\"358\" height=\"202\" \/><\/a>Entre los j\u00f3venes que realizaron su itinerario de vida respondiendo al llamado de Dios est\u00e1 tambi\u00e9n la beata<a href=\"http:\/\/www.chiaraluce.org\/\" target=\"_blank\" rel=\"noopener\"> Chiara Luce Badano<\/a>. Su mam\u00e1, Mar\u00eda Teresa, ante la pregunta si <strong>ha<\/strong> <strong>verificado cambios en la vida de los j\u00f3venes <\/strong>al entrar en <a href=\"https:\/\/www.focolare.org\/es\/news\/2013\/07\/25\/gmg-di-rio-la-santita-veste-jeans\/\">contacto con la experiencia de su hija<\/a> responde: \u00abIncluso algunos que s\u00f3lo han o\u00eddo hablar\u00a0hablar de ella o la han visto en foto; no se limitan a ver la linda foto, quedan impresionados por lo que ella transmite a trav\u00e9s de su mirada, de su belleza interior, del fuego que lleva dentro. Ayer dec\u00eda: seguramente Dios quiere realizar en cada uno de estos j\u00f3venes el designio que tiene en su\u00a0mente, por lo tanto, se lo confiamos a ella\u00bb.  En estos d\u00edas, <a href=\"https:\/\/www.focolare.org\/es\/news\/2011\/01\/20\/maria-voce\/\" target=\"_blank\" rel=\"noopener\">Mar\u00eda Voce<\/a> dirigi\u00f3 a todos los miembros de los Focolares una carta donde, entre otras cosas, lanza una invitaci\u00f3n: \u201cPeriferia existencial es cualquier punto donde el hombre ya no encuentra su centro porque no encuentra a Dios. Todos nosotros, s\u00f3lo por su gracia, lo hemos encontrado, hemos sido llamados a estar all\u00ed, a sumergirnos en esta humanidad desbandada para devolverla a su centro\u201d. Y recordando un texto de <a href=\"https:\/\/www.focolare.org\/es\/chiara-lubich\/chi-e-chiara\/\" target=\"_blank\" rel=\"noopener\">Chiara Lubich<\/a>, agreg\u00f3: \u201cCreo que la misma Chiara no quiere menos, ya que desde siempre preve\u00eda \u201cel gran atractivo\u201d de \u201cperderse en la multitud para informarla de lo divino <a title=\"\" href=\"https:\/\/www.focolare.org\/_SIF%202012-13\/1307%20GMG%20Rio\/28\/Focus_%20finestra%20giovani.doc#_ftn1\">[1]<\/a>\u201d.  Despu\u00e9s de los d\u00edas vividos en Rio, un camino para recorrer juntos se ha abierto. \u00a1Hasta la vista en Cracovia!  <a title=\"\" href=\"https:\/\/www.focolare.org\/_SIF%202012-13\/1307%20GMG%20Rio\/28\/Focus_%20finestra%20giovani.doc#_ftnref1\">[1]<\/a> C. Lubich,\u00a0 La doctrina espiritual, \u201cEl atractivo del tiempo moderno\u201d, ed. Ciudad Nueva, p\u00e1g. 213.  Fuente: <a href=\"https:\/\/www.focolare.org\/area-press-focus\/es\/news\/2013\/07\/28\/il-chiasso-di-rio-2013\/\" target=\"_blank\" rel=\"noopener\">Area Press<\/a><\/p>\n","protected":false},"excerpt":{"rendered":"<p>Como conclusi\u00f3n del \u201cl\u00edo de R\u00edo\u201d, impresiones y prop\u00f3sitos de algunos j\u00f3venes de los Focolares y de Mar\u00eda Teresa y Ruggero Badano, padres de Chiara Luce, una de las intercesoras de la JMJ.<\/p>\n","protected":false},"author":34,"featured_media":0,"comment_status":"open","ping_status":"open","sticky":false,"template":"","format":"standard","meta":{"give_campaign_id":0,"_seopress_robots_primary_cat":"","_seopress_titles_title":"","_seopress_titles_desc":"","_seopress_robots_index":"","_et_pb_use_builder":"","_et_pb_old_content":"","_et_gb_content_width":"","footnotes":""},"categories":[904],"tags":[],"class_list":["post-349560","post","type-post","status-publish","format-standard","hentry","category-focolare-worldwide-2-2"],"_links":{"self":[{"href":"https:\/\/www.focolare.org\/es\/wp-json\/wp\/v2\/posts\/349560","targetHints":{"allow":["GET"]}}],"collection":[{"href":"https:\/\/www.focolare.org\/es\/wp-json\/wp\/v2\/posts"}],"about":[{"href":"https:\/\/www.focolare.org\/es\/wp-json\/wp\/v2\/types\/post"}],"author":[{"embeddable":true,"href":"https:\/\/www.focolare.org\/es\/wp-json\/wp\/v2\/users\/34"}],"replies":[{"embeddable":true,"href":"https:\/\/www.focolare.org\/es\/wp-json\/wp\/v2\/comments?post=349560"}],"version-history":[{"count":0,"href":"https:\/\/www.focolare.org\/es\/wp-json\/wp\/v2\/posts\/349560\/revisions"}],"wp:attachment":[{"href":"https:\/\/www.focolare.org\/es\/wp-json\/wp\/v2\/media?parent=349560"}],"wp:term":[{"taxonomy":"category","embeddable":true,"href":"https:\/\/www.focolare.org\/es\/wp-json\/wp\/v2\/categories?post=349560"},{"taxonomy":"post_tag","embeddable":true,"href":"https:\/\/www.focolare.org\/es\/wp-json\/wp\/v2\/tags?post=349560"}],"curies":[{"name":"wp","href":"https:\/\/api.w.org\/{rel}","templated":true}]}}