{"id":349564,"date":"2013-07-30T05:56:36","date_gmt":"2013-07-30T03:56:36","guid":{"rendered":"https:\/\/www.focolare.org\/movimiento-politico-por-la-unidad-argentino-jovenes-y-cultura\/"},"modified":"2024-06-06T12:33:23","modified_gmt":"2024-06-06T10:33:23","slug":"movimiento-politico-por-la-unidad-argentino-jovenes-y-cultura","status":"publish","type":"post","link":"https:\/\/www.focolare.org\/es\/movimiento-politico-por-la-unidad-argentino-jovenes-y-cultura\/","title":{"rendered":"Movimiento Pol\u00edtico por la Unidad argentino: j\u00f3venes y cultura"},"content":{"rendered":"<p><a href=\"https:\/\/www.focolare.org\/wp-content\/uploads\/2013\/07\/2013_07_29_a.jpg\"><img alt=\"\" alt=\"\" loading=\"lazy\" decoding=\"async\" class=\"alignleft  wp-image-89344\" style=\"margin-left: 10px;margin-right: 10px\" src=\"https:\/\/www.focolare.org\/wp-content\/uploads\/2013\/07\/2013_07_29_a.jpg\" alt=\"\" width=\"226\" height=\"192\" \/><\/a><\/p>\n<p>Las escuelas se constituyeron en dos puntos de la periferia de Buenos Aires, en Jos\u00e9 C. Paz y en Villa Albertina. En esta iniciativa \u2013desarrollada en el mes de mayo de 2013- se decidi\u00f3 utilizar la metodolog\u00eda de la educaci\u00f3n popular, de modo que cada escuela pudiera responder a las realidades socio-econ\u00f3micas y culturales del lugar donde estaba injertada. La iniciativa es patrocinada por el Ministerio de Desarrollo argentino con el aval de la C\u00e1tedra Libre: Sociedad, Pol\u00edtica y Fraternidad, de la \u201cUniversidad de La Plata\u201d.<\/p>\n<p><a href=\"https:\/\/www.focolare.org\/wp-content\/uploads\/2013\/07\/2013_07_29_c1.jpg\"><img alt=\"\" alt=\"\" loading=\"lazy\" decoding=\"async\" class=\"alignright  wp-image-89357\" src=\"https:\/\/www.focolare.org\/wp-content\/uploads\/2013\/07\/2013_07_29_c1.jpg\" alt=\"\" width=\"280\" height=\"275\" \/><\/a>Fue precisamente tratando de adaptarse a las necesidades educativas de los destinatarios y del lugar en donde se desarrollan, que en la escuela popular de Jos\u00e9 C. Paz naci\u00f3 la iniciativa \u201cReconoci\u00e9ndonos\u201d, destinada espec\u00edficamente a los adolescentes. La nueva ley electoral extiende el derecho de voto a los muchachos de 16 a\u00f1os quienes ser\u00e1n convocados a votar en las pr\u00f3ximas elecciones. Ellos sienten por lo tanto la exigencia de una formaci\u00f3n espec\u00edfica y de un intercambio sobre temas fundamentales. Contando su experiencia, Iv\u00e1n de 18 a\u00f1os, estudiante de Ciencias Pol\u00edticas,\u00a0resalta \u201cque lo que se vive aqu\u00ed es un excelente ejemplo de compromiso social: se ve de qu\u00e9 forma la fraternidad puede dar buenos frutos\u201d. Uno de los docentes, Adri\u00e1n, sintetiza \u00a0la opini\u00f3n de los muchachos: \u201cLa escuela popular es un espacio en el que ellos sienten que lo que piensan se considera importante. Adem\u00e1s, reconocen que a partir de esta experiencia han empezado a escuchar m\u00e1s y a interesarse por las opiniones de los dem\u00e1s\u201d.<\/p>\n<p>En Villa Albertina, en cambio, surgi\u00f3 una iniciativa para compartir experiencias y puntos de vista sobre la fraternidad por parte de los j\u00f3venes que trabajan en varias organizaciones sociales; de hecho aqu\u00ed la Escuela Popular es itinerante, cada lunes los participantes se encuentran en la sede de una organizaci\u00f3n distinta y cada lugar se convierte en un espacio de reflexi\u00f3n y de encuentro para promover la fraternidad.<\/p>\n<p><a href=\"https:\/\/www.focolare.org\/wp-content\/uploads\/2013\/07\/2013_07_29_b1.jpg\"><img alt=\"\" alt=\"\" loading=\"lazy\" decoding=\"async\" class=\"wp-image-89355 alignleft\" style=\"margin-left: 15px;margin-right: 15px\" src=\"https:\/\/www.focolare.org\/wp-content\/uploads\/2013\/07\/2013_07_29_b1.jpg\" alt=\"\" width=\"280\" height=\"239\" \/><\/a>Casi contempor\u00e1neamente, siempre a finales de mayo, Ver\u00f3nica L\u00f3pez, co-presidente del Movimiento Pol\u00edtico por la Unidad argentino, junto a otros j\u00f3venes del MPPU, fue invitada a participar en la C\u00e1tedra Konrad Adenauer, que se realiz\u00f3 en Salta. Durante tres d\u00edas de intenso trabajo, pol\u00edticos y expertos de diferentes ciencias sociales y cientos de j\u00f3venes, trataron distintos temas enfoc\u00e1ndolos desde la \u00f3ptica del Humanismo Cristiano y de la Doctrina Social de la Iglesia. Ver\u00f3nica L\u00f3pez defini\u00f3 estas jornadas como \u201cun encuentro interinstitucional donde se aprenden a construir puentes de fraternidad\u201d, adem\u00e1s puso en evidencia c\u00f3mo la presencia del MPPU en la C\u00e1tedra \u00a0Konrad Adenauer contribuy\u00f3 a \u201cponer en evidencia la b\u00fasqueda que se est\u00e1 haciendo desde distintos espacios pol\u00edticos para cambiar la realidad; el objetivo se sostiene\u00a0gracias a vocaciones pol\u00edticas nutridas por la sensibilidad del amor pol\u00edtico\u201d.<\/p>\n<p><strong>Fuente:<\/strong> <a href=\"http:\/\/mppuargentina.wordpress.com\/\" target=\"_blank\" rel=\"noopener\">Movimiento Pol\u00edtico por la Unidad Argentina online<\/a><\/p>\n","protected":false},"excerpt":{"rendered":"<p>Dos escuelas populares de formaci\u00f3n pol\u00edtica para j\u00f3venes para profundizar la formaci\u00f3n a la fraternidad. Es una propuesta promovida por el Movimiento Pol\u00edtico por la Unidad de Argentina.<\/p>\n","protected":false},"author":34,"featured_media":0,"comment_status":"open","ping_status":"open","sticky":false,"template":"","format":"standard","meta":{"give_campaign_id":0,"_seopress_robots_primary_cat":"","_seopress_titles_title":"","_seopress_titles_desc":"","_seopress_robots_index":"","_et_pb_use_builder":"","_et_pb_old_content":"","_et_gb_content_width":"","footnotes":""},"categories":[904,905],"tags":[],"class_list":["post-349564","post","type-post","status-publish","format-standard","hentry","category-focolare-worldwide-2-2","category-senza-categoria-2-2"],"_links":{"self":[{"href":"https:\/\/www.focolare.org\/es\/wp-json\/wp\/v2\/posts\/349564","targetHints":{"allow":["GET"]}}],"collection":[{"href":"https:\/\/www.focolare.org\/es\/wp-json\/wp\/v2\/posts"}],"about":[{"href":"https:\/\/www.focolare.org\/es\/wp-json\/wp\/v2\/types\/post"}],"author":[{"embeddable":true,"href":"https:\/\/www.focolare.org\/es\/wp-json\/wp\/v2\/users\/34"}],"replies":[{"embeddable":true,"href":"https:\/\/www.focolare.org\/es\/wp-json\/wp\/v2\/comments?post=349564"}],"version-history":[{"count":0,"href":"https:\/\/www.focolare.org\/es\/wp-json\/wp\/v2\/posts\/349564\/revisions"}],"wp:attachment":[{"href":"https:\/\/www.focolare.org\/es\/wp-json\/wp\/v2\/media?parent=349564"}],"wp:term":[{"taxonomy":"category","embeddable":true,"href":"https:\/\/www.focolare.org\/es\/wp-json\/wp\/v2\/categories?post=349564"},{"taxonomy":"post_tag","embeddable":true,"href":"https:\/\/www.focolare.org\/es\/wp-json\/wp\/v2\/tags?post=349564"}],"curies":[{"name":"wp","href":"https:\/\/api.w.org\/{rel}","templated":true}]}}