{"id":349572,"date":"2013-08-02T03:00:35","date_gmt":"2013-08-02T01:00:35","guid":{"rendered":"https:\/\/www.focolare.org\/abiertos-a-los-demas\/"},"modified":"2024-06-06T12:33:24","modified_gmt":"2024-06-06T10:33:24","slug":"abiertos-a-los-demas","status":"publish","type":"post","link":"https:\/\/www.focolare.org\/es\/abiertos-a-los-demas\/","title":{"rendered":"Abiertos a los dem\u00e1s"},"content":{"rendered":"<p><img alt=\"\" alt=\"\" loading=\"lazy\" decoding=\"async\" class=\"alignright size-full wp-image-89555\" style=\"margin-left: 10px\" src=\"https:\/\/www.focolare.org\/wp-content\/uploads\/2013\/08\/106_large.jpg\" alt=\"\" width=\"305\" height=\"215\" \/><\/p>\n<p><strong>Una caricatura<\/strong><\/p>\n<p>Uno de los compa\u00f1eros difundi\u00f3 en toda la escuela una caricatura m\u00eda (tengo un peque\u00f1o defecto f\u00edsico en una oreja y sufro cuando alguien se r\u00ede de m\u00ed). En lugar de pegarle, recordando la invitaci\u00f3n de Jes\u00fas de perdonar, le habl\u00e9 con calma. Despu\u00e9s lo invit\u00e9 a mi casa, le propuse que me ayudara con una tarea y fuimos juntos a un centro comercial a ver una pel\u00edcula. Acept\u00f3 aunque con desconfianza. Cuando me pregunt\u00f3 por qu\u00e9 no le hab\u00eda pegado pude explicarle que trato de ver a Jes\u00fas en cada pr\u00f3jimo, sabiendo que todos podemos equivocarnos. Ahora tambi\u00e9n \u00e9l se comprometi\u00f3 a poner en pr\u00e1ctica el Evangelio.<\/p>\n<p>(Daniel \u2013 Brasil)<\/p>\n<p><img alt=\"\" alt=\"\" loading=\"lazy\" decoding=\"async\" class=\"alignleft  wp-image-89552\" style=\"margin-right: 10px\" src=\"https:\/\/www.focolare.org\/wp-content\/uploads\/2013\/08\/0mother-son_tinturia2_529605565_3.jpg\" alt=\"\" width=\"258\" height=\"173\" \/><\/p>\n<p><strong>El quinto ni\u00f1o<\/strong><\/p>\n<p>Hace unos d\u00edas, K., mi amiga de T\u00fanez, me cont\u00f3 que estaba embarazada pero que quer\u00eda abortar: le daba verg\u00fcenza estar esperando su quito hijo en un pa\u00eds como el nuestro donde tienen uno o dos por familia. Le aseguramos toda la ayuda posible comprometi\u00e9ndonos a mantenerlo nosotros, si decid\u00edan tener al ni\u00f1o. Despu\u00e9s de algunos d\u00edas ella y su marido optaron por la vida del ni\u00f1o. Ese mismo d\u00eda les lleg\u00f3 una buena suma de dinero; a su vez el Centro de ayuda a la vida les asegur\u00f3 un aporte mensual.<\/p>\n<p>(F.T. \u2013 Italia)<\/p>\n<p><strong>En emergencias<\/strong><\/p>\n<p><img alt=\"\" alt=\"\" loading=\"lazy\" decoding=\"async\" class=\"alignright size-full wp-image-89599\" style=\"margin-left: 10px\" src=\"https:\/\/www.focolare.org\/wp-content\/uploads\/2013\/08\/20130802-03.jpg\" alt=\"\" width=\"113\" height=\"168\" \/>Estando de vacaciones en el extranjero, debido a una mala ca\u00edda, tuve que llevar a mi hijo Lion a emergencias. Sufr\u00eda doblemente, primero porque Lion lloraba desesperadamente, despu\u00e9s porque me segu\u00eda repitiendo que ten\u00eda que haber tenido m\u00e1s cuidado.\u00a0Ya en \u00a0el en el hospital, dejando de lado mi ansiedad, hice m\u00eda la preocupaci\u00f3n de una se\u00f1ora alemana que ten\u00eda internado a su hijo cerca del m\u00edo: no hablaba ingl\u00e9s as\u00ed que pude ser su int\u00e9rprete cuando vino el m\u00e9dico y la enfermera. Cuando lleg\u00f3 mi esposo se lo present\u00e9. Ella dijo que estaba agradecida por mi cercan\u00eda en un momento dif\u00edcil para ella.\u00a0Cuando no pierdo tiempo pensando en mis l\u00edmites, estoy en paz y construyo relaciones nuevas.<\/p>\n<p>(B.F. \u2013 Inglaterra)<\/p>\n<p><strong>Fuente:<\/strong> Il Vangelo del giorno (El Evangelio del d\u00eda), Ed. Citt\u00e0 Nuova, agosto 2013.<\/p>\n<p><strong>\u00a0<\/strong><\/p>\n","protected":false},"excerpt":{"rendered":"<p>Algunos breves testimonios sobre la frase del Evangelio que nos proponemos poner en pr\u00e1ctica en el mes de agosto. Amar, estar atentos, tambi\u00e9n a los que no forman parte de nuestro c\u00edrculo.<\/p>\n","protected":false},"author":34,"featured_media":0,"comment_status":"open","ping_status":"open","sticky":false,"template":"","format":"standard","meta":{"give_campaign_id":0,"_seopress_robots_primary_cat":"","_seopress_titles_title":"","_seopress_titles_desc":"","_seopress_robots_index":"","_et_pb_use_builder":"","_et_pb_old_content":"","_et_gb_content_width":"","footnotes":""},"categories":[46],"tags":[],"class_list":["post-349572","post","type-post","status-publish","format-standard","hentry","category-sin-categorizar"],"_links":{"self":[{"href":"https:\/\/www.focolare.org\/es\/wp-json\/wp\/v2\/posts\/349572","targetHints":{"allow":["GET"]}}],"collection":[{"href":"https:\/\/www.focolare.org\/es\/wp-json\/wp\/v2\/posts"}],"about":[{"href":"https:\/\/www.focolare.org\/es\/wp-json\/wp\/v2\/types\/post"}],"author":[{"embeddable":true,"href":"https:\/\/www.focolare.org\/es\/wp-json\/wp\/v2\/users\/34"}],"replies":[{"embeddable":true,"href":"https:\/\/www.focolare.org\/es\/wp-json\/wp\/v2\/comments?post=349572"}],"version-history":[{"count":0,"href":"https:\/\/www.focolare.org\/es\/wp-json\/wp\/v2\/posts\/349572\/revisions"}],"wp:attachment":[{"href":"https:\/\/www.focolare.org\/es\/wp-json\/wp\/v2\/media?parent=349572"}],"wp:term":[{"taxonomy":"category","embeddable":true,"href":"https:\/\/www.focolare.org\/es\/wp-json\/wp\/v2\/categories?post=349572"},{"taxonomy":"post_tag","embeddable":true,"href":"https:\/\/www.focolare.org\/es\/wp-json\/wp\/v2\/tags?post=349572"}],"curies":[{"name":"wp","href":"https:\/\/api.w.org\/{rel}","templated":true}]}}