{"id":349574,"date":"2013-08-04T03:00:56","date_gmt":"2013-08-04T01:00:56","guid":{"rendered":"https:\/\/www.focolare.org\/chiara-luce-en-la-jmj-hasta-la-proxima\/"},"modified":"2024-06-06T12:33:24","modified_gmt":"2024-06-06T10:33:24","slug":"chiara-luce-en-la-jmj-hasta-la-proxima","status":"publish","type":"post","link":"https:\/\/www.focolare.org\/es\/chiara-luce-en-la-jmj-hasta-la-proxima\/","title":{"rendered":"Chiara Luce en la JMJ: \u00ab\u00a1hasta la pr\u00f3xima&#8230;!\u00bb"},"content":{"rendered":"<p><img alt=\"\" alt=\"\" loading=\"lazy\" decoding=\"async\" class=\"alignright  wp-image-89675\" style=\"margin-left: 10px\" src=\"https:\/\/www.focolare.org\/wp-content\/uploads\/2013\/08\/20130804-a.jpg\" alt=\"\" width=\"251\" height=\"157\" \/><strong>Franz, t\u00fa que eres el autor del librio, \u00bfqu\u00e9 fue lo que m\u00e1s te qued\u00f3 de la vida de Chiara Luce?<\/strong><\/p>\n<p>\u00abChiara realmente\u00a0puede ser\u00a0 un modelo para todos, creyentes y no creyentes, porque ella cre\u00edan\u00a0 en lo que creen todos los hombres de buena voluntad: la tendencia al amor, la atenci\u00f3n a quien est\u00e1 al lado, el vivir el momento presente. Y otra cosa importante \u2013y por esto es un modelo eficaz en nuestros tiempos-: es sencilla. Su camino no es f\u00e1cil, pero no es complicado. Para ella esto tiene seguramente un significado, pasar por un t\u00fanel muy doloroso, un carcinoma, un tumor de los m\u00e1s dolorosos. Pero Chiara no se hizo santa s\u00f3lo por eso, sino porque daba\u00a0 un pasito tras otro, aprendiendo a decir s\u00ed a la voluntad de Dios, desde peque\u00f1a: lo que quiz\u00e1s quer\u00eda decir: correr en bicicleta, recoger hongos con su pap\u00e1, o hacer una quimioterapia. La cosa que hizo posible este acontecimiento extraordinario fue sin dura la grandeza y libertad con la que lograba vivir todo esto.<\/p>\n<p>Tambi\u00e9n porque a su alrededor ten\u00eda un peque\u00f1o pueblo \u2013sus pap\u00e1s, los amigos de los Focolares- que compart\u00edan con ella momento por momento alegr\u00edas y dolores. Hab\u00eda un intercambio de \u201calimento\u201d: quien estaba cerca de ella se enriquec\u00eda, pero tambi\u00e9n le comunicaba a Chiara fuerza, energ\u00eda, para seguir adelante\u00bb.<\/p>\n<p><strong>\u00bfC\u00f3mo recibieron los j\u00f3venes la vida de Chiara Luce?<\/strong><\/p>\n<p>\u00abTambi\u00e9n\u00a0los que no la conocen,\u00a0los que no saben nada, o poqu\u00edsimo de ella \u2013no s\u00e9 en cu\u00e1l misterioso modo- se enamoran de este personaje. Nosotros podemos hablar de ella, escribir libros&#8230; pero mi impresi\u00f3n es que Chiara Luce no habla en la TV o en la radio, sino en el coraz\u00f3n de cada persona. En una forma misteriosa se logra crear una relaci\u00f3n personal con ella. Y esto es maravilloso. Esto vale para el pap\u00e1, la mam\u00e1, y tambi\u00e9n para m\u00ed. Hoy tengo una relaci\u00f3n m\u00e1s fuerte con ella que cuando estaba viva\u00bb.<\/p>\n<p><strong>Pregunto a la mam\u00e1 de Chiara, Mar\u00eda Teresa Badano, cu\u00e1l es su impresi\u00f3n despu\u00e9s de haber participado en la Jornada Mundial de la Juventud en Brasil:<\/strong><\/p>\n<p>\u00abTodo fue maravilloso, quiz\u00e1s porque llegamos aqu\u00ed con una actitud sencilla\u00a0esperando comprender las sorpresas que encontrar\u00edamos, todas vividas en el amor pleno y por lo tanto todo era bello. Vivimos m\u00e1s o menos como nos ense\u00f1\u00f3 Chiara Luce: en la normalidad una cosa\u00a0que es anormal para nosotros que nunca hab\u00edamos salido de casa, excepto en estos a\u00f1os. Tratamos de hacer s\u00f3lo la volutad de Dios que se nos ped\u00eda en este estupendo contexto\u00bb.<\/p>\n<p><strong>Pudieron percibir el impacto de Chiara Luce en los j\u00f3venes\u2026<\/strong><\/p>\n<p>\u00abNos dimos cuenta de que tiene una gracia especial para los j\u00f3venes. Su experiencia vale para todos los j\u00f3venes como ella. Ella dio la vida por los j\u00f3venes. Pero es siempre una sorpresa ver esos rostros, sentir esos abrazos que no te sueltan. \u00a1A nosotros que no somos nada! \u00a1Realmente nos arrastran! Es una cosa maravillosa&#8230;<\/p>\n<p>Ves en los j\u00f3venes una gran alegr\u00eda que viene del coraz\u00f3n. Ella transmite un rinc\u00f3n del Para\u00edso y ellos nos lo trasmiten a nosotros\u00bb.<\/p>\n<p><strong>\u00bfT\u00fa has asistido a cambios de vida en estos j\u00f3venes?<\/strong><\/p>\n<p>\u00abS\u00ed, much\u00edsimas veces. Hab\u00eda un chico que estaba indeciso. Parec\u00eda que ten\u00eda la vocaci\u00f3n de consagrarse a Dios, pero no estaba seguro. De repente sinti\u00f3 como si Chiara Luce le dijera: \u201cTu camino es \u00e9ste\u201d. Y \u00e9l se lanz\u00f3. Ahora es un focolarino. Tambi\u00e9n\u00a0pasa con aquellos que s\u00f3lo han o\u00eddo hablar o la han visto por foto. Quedan impresionados por eso que ella transmite a trav\u00e9s de la mirada, por su belleza interior, por el fuego que tiene dentro. Ciertamente Dios quiere realizar\u00a0 en estos j\u00f3venes el designio que tiene en su mente. Como dijo el Cardenal Joao Aviz, salud\u00e1ndonos: \u201cEs s\u00f3lo el inicio de lo que Chiara ha empezado a hacer, porque ser\u00e1 algo enorme, enorme que continuar\u00e1\u201d.<\/p>\n<p>Estamos a la expectativa. Como ella dijo en su \u00faltimo mensaje a los j\u00f3venes: \u201c\u00a1hasta la pr\u00f3xima&#8230;!\u201d\u00bb.<\/p>\n<p><strong><em>de Carla Cotignoli (desde Brasil)<\/em><\/strong><\/p>\n","protected":false},"excerpt":{"rendered":"<p>En el aeropuerto de R\u00edo, poco antes del regreso a Italia, dos entrevistas, una a Franz Coriasco, autor de un libro sobre Chiara Luce Badano del que se distribuyeron 500.000 copias en la JMJ 2013, y otra a la mam\u00e1 de la joven beata, Mar\u00eda Teresa Badano.<\/p>\n","protected":false},"author":34,"featured_media":0,"comment_status":"open","ping_status":"open","sticky":false,"template":"","format":"standard","meta":{"give_campaign_id":0,"_seopress_robots_primary_cat":"","_seopress_titles_title":"","_seopress_titles_desc":"","_seopress_robots_index":"","_et_pb_use_builder":"","_et_pb_old_content":"","_et_gb_content_width":"","footnotes":""},"categories":[904],"tags":[],"class_list":["post-349574","post","type-post","status-publish","format-standard","hentry","category-focolare-worldwide-2-2"],"_links":{"self":[{"href":"https:\/\/www.focolare.org\/es\/wp-json\/wp\/v2\/posts\/349574","targetHints":{"allow":["GET"]}}],"collection":[{"href":"https:\/\/www.focolare.org\/es\/wp-json\/wp\/v2\/posts"}],"about":[{"href":"https:\/\/www.focolare.org\/es\/wp-json\/wp\/v2\/types\/post"}],"author":[{"embeddable":true,"href":"https:\/\/www.focolare.org\/es\/wp-json\/wp\/v2\/users\/34"}],"replies":[{"embeddable":true,"href":"https:\/\/www.focolare.org\/es\/wp-json\/wp\/v2\/comments?post=349574"}],"version-history":[{"count":0,"href":"https:\/\/www.focolare.org\/es\/wp-json\/wp\/v2\/posts\/349574\/revisions"}],"wp:attachment":[{"href":"https:\/\/www.focolare.org\/es\/wp-json\/wp\/v2\/media?parent=349574"}],"wp:term":[{"taxonomy":"category","embeddable":true,"href":"https:\/\/www.focolare.org\/es\/wp-json\/wp\/v2\/categories?post=349574"},{"taxonomy":"post_tag","embeddable":true,"href":"https:\/\/www.focolare.org\/es\/wp-json\/wp\/v2\/tags?post=349574"}],"curies":[{"name":"wp","href":"https:\/\/api.w.org\/{rel}","templated":true}]}}