{"id":349586,"date":"2013-08-09T03:00:39","date_gmt":"2013-08-09T01:00:39","guid":{"rendered":"https:\/\/www.focolare.org\/una-propuesta-clara-para-america-latina-y-el-mundo-2\/"},"modified":"2024-06-06T12:33:27","modified_gmt":"2024-06-06T10:33:27","slug":"una-propuesta-clara-para-america-latina-y-el-mundo-2","status":"publish","type":"post","link":"https:\/\/www.focolare.org\/es\/una-propuesta-clara-para-america-latina-y-el-mundo-2\/","title":{"rendered":"Una propuesta clara para Am\u00e9rica Latina y el mundo\/2"},"content":{"rendered":"<p><img alt=\"\" alt=\"\" loading=\"lazy\" decoding=\"async\" class=\"size-full wp-image-89799 alignleft\" style=\"margin-right: 10px\" src=\"https:\/\/www.focolare.org\/wp-content\/uploads\/2013\/08\/20130808-02.jpg\" alt=\"\" width=\"314\" height=\"216\" \/><\/p>\n<p><strong>Cu\u00e1l es su impresi\u00f3n sobre el encuentro del CELAM con Francisco, el primer Papa de Am\u00e9rica Latina? \u00bfQu\u00e9 nos dir\u00eda de este encuentro?<\/strong><\/p>\n<p>Creo que fue hist\u00f3rico. Adem\u00e1s, era tambi\u00e9n la primera vez que un Papa se encontraba con el grupo completo de la Coordinaci\u00f3n (todos los obispos de este cuatrienio y todos nosotros que trabajamos en la coordinaci\u00f3n). Este encuentro se podr\u00eda definir con dos caracter\u00edsticas: paternal, porque el Papa act\u00faa en nombre de Pedro, como obispo de Roma, y presenta la dimensi\u00f3n paterna de la Iglesia, y, al mismo tiempo era hermano, obispo con los obispos.<\/p>\n<p>Esto es lo que dijo que quer\u00eda hacer e lo hizo. Sus gestos y todo lo que expres\u00f3 fue en esta direcci\u00f3n. Adem\u00e1s, no debemos olvidar que el Papa es hijo del episcopado latinoamericano. El suyo fue un discurso muy fuerte, pero pronunciado con paternidad y fraternidad. Acentu\u00f3 algunas cosas que ya hab\u00eda dicho, en las cuales justamente, puso en guardia sobre algunas tentaciones. Mostr\u00f3 una fotograf\u00eda de las realidades que existen en la iglesia y contempor\u00e1neamente, propuso un perfil, una figura de obispo que sea servidor, padre y madre al mismo tiempo. Dijo que si \u00e9l tuviese que definirla, la pastoral ser\u00eda Mar\u00eda Madre, la Iglesia Madre.<\/p>\n<p>Habl\u00f3 claramente tambi\u00e9n de la importancia de la conducci\u00f3n de la Iglesia: es necesario que los obispos gu\u00eden, pero no \u201cmandoneando\u201d. Exactamente esta palabra utiliz\u00f3. Propuso a los obispos la pobreza como estilo de vida. Destac\u00f3 a su vez,\u00a0 la importancia que en el sentido psicol\u00f3gico tiene la pobreza, para no tener una mentalidad aristocr\u00e1tica. Creo que el mensaje que el Papa dio ayer a los obispos presentes en el CELAM fue el de alguien que conoce muy bien y desde dentro la realidad, y que camina con la Iglesia de Am\u00e9rica Latina sobre sus hombros. Como si dijera: \u201cpuedo decirles esto y \u00a1se los debo decir! Estamos atrasados en algunas cosas, pero vamos adelante, mejoremos, cambiemos, renov\u00e9monos\u201d. Pero tambi\u00e9n el suyo fue un mensaje de mucha esperanza. El Papa habla siempre de conversi\u00f3n. Dice: fij\u00e9monos permanentemente en los procesos de conversi\u00f3n. Yo creo que todo esto es un gran testimonio que Francisco est\u00e1 dando a la humanidad y que ning\u00fan cristianismo puede dar lecciones sin someterse a un proceso de conversi\u00f3n.<\/p>\n<p><strong>\u00bfCu\u00e1les son las perspectivas de recepci\u00f3n del Documento de Aparecida despu\u00e9s de este encuentro con el Papa?<\/strong><\/p>\n<p>Creo que en estos a\u00f1os ya hubo una cierta recepci\u00f3n del Documento; es evidente que toda la Am\u00e9rica Latina se moviliz\u00f3. El Papa sin duda ha despertado una sensibilidad nueva hacia todo lo sucedido en Aparecida. Esperemos que pueda convertirse cada vez m\u00e1s en un \u201citinerario\u201d posible de recorrer por todos nuestros pueblos y que demos los pasos que el episcopado ha estimado y visto. Creo que el paso m\u00e1s importante que Francisco nos est\u00e1 ayudando a dar es justamente el de una profunda dimensi\u00f3n de conversi\u00f3n pastoral, es decir nos pone a todos a seguir a Cristo. Esto quiere decir asumir el Evangelio en las actitudes, en los gestos, en los discursos, en todas nuestras actividades y quiere decir asumir la transformaci\u00f3n de la realidad. Si hay algo que este Papa posee como un don particular es el de ser absolutamente consciente de que el Evangelio nos da una posibilidad \u00fanica no s\u00f3lo de crear en nosotros una conciencia de buenos cristianos, sino tambi\u00e9n de transformar la realidad social, pol\u00edtica y cultural.<\/p>\n<p><strong>\u00bfQuisiera decirnos algo m\u00e1s sobre el Papa en Brasil?<\/strong><\/p>\n<p>Creo que el Papa dio un gran paso con los j\u00f3venes porque les propuso la Eucarist\u00eda y la oraci\u00f3n como caminos para seguir a Cristo y, en tercer lugar, les indic\u00f3 que ayuden al hermano. Yo creo que \u00e9ste es el camino para los j\u00f3venes y para toda la Iglesia: poder trabajar por los dem\u00e1s, por los hermanos, por aqu\u00e9llos que se encuentran en dificultades. Otra cosa bell\u00edsima del Papa fue cuando le dijo al CELAM que Dios est\u00e1 en todos lados. No s\u00f3lo est\u00e1 en la Iglesia, en el templo, en las instituciones religiosas. Esta visi\u00f3n de la presencia de Dios en la historia de la humanidad, me parece fundamental para nosotros cristianos, de lo contrario podr\u00eda suceder como en los tiempos de Jes\u00fas, que no todos lo reconocieron.<\/p>\n<p><strong>* Dra. \u00a0Susana Nuin N\u00fa\u00f1ez<\/strong>, uruguaya, miembro del Movimiento de los \u00a0Focolares, Consultora del Consejo Pontificio para las Comunicaciones Sociales, Secretaria Ejecutiva del Departamento de Comunicaci\u00f3n e Imprenta del \u00a0CELAM.<\/p>\n","protected":false},"excerpt":{"rendered":"<p>Entrevista exclusiva a Susana Nu\u00edn N\u00fa\u00f1ez, Consultora del Consejo Pontificio para las Comunicaciones Sociales, sobre sus impresiones con respecto a las intervenciones del Papa en la JMJ de R\u00edo y en el encuentro posterior del CELAM. Segunda parte.<\/p>\n","protected":false},"author":34,"featured_media":0,"comment_status":"open","ping_status":"open","sticky":false,"template":"","format":"standard","meta":{"give_campaign_id":0,"_seopress_robots_primary_cat":"","_seopress_titles_title":"","_seopress_titles_desc":"","_seopress_robots_index":"","_et_pb_use_builder":"","_et_pb_old_content":"","_et_gb_content_width":"","footnotes":""},"categories":[46],"tags":[],"class_list":["post-349586","post","type-post","status-publish","format-standard","hentry","category-sin-categorizar"],"_links":{"self":[{"href":"https:\/\/www.focolare.org\/es\/wp-json\/wp\/v2\/posts\/349586","targetHints":{"allow":["GET"]}}],"collection":[{"href":"https:\/\/www.focolare.org\/es\/wp-json\/wp\/v2\/posts"}],"about":[{"href":"https:\/\/www.focolare.org\/es\/wp-json\/wp\/v2\/types\/post"}],"author":[{"embeddable":true,"href":"https:\/\/www.focolare.org\/es\/wp-json\/wp\/v2\/users\/34"}],"replies":[{"embeddable":true,"href":"https:\/\/www.focolare.org\/es\/wp-json\/wp\/v2\/comments?post=349586"}],"version-history":[{"count":0,"href":"https:\/\/www.focolare.org\/es\/wp-json\/wp\/v2\/posts\/349586\/revisions"}],"wp:attachment":[{"href":"https:\/\/www.focolare.org\/es\/wp-json\/wp\/v2\/media?parent=349586"}],"wp:term":[{"taxonomy":"category","embeddable":true,"href":"https:\/\/www.focolare.org\/es\/wp-json\/wp\/v2\/categories?post=349586"},{"taxonomy":"post_tag","embeddable":true,"href":"https:\/\/www.focolare.org\/es\/wp-json\/wp\/v2\/tags?post=349586"}],"curies":[{"name":"wp","href":"https:\/\/api.w.org\/{rel}","templated":true}]}}