{"id":349622,"date":"2013-08-25T04:15:57","date_gmt":"2013-08-25T02:15:57","guid":{"rendered":"https:\/\/www.focolare.org\/premio-europeo-s-ulrich-2014-a-juntos-por-europa\/"},"modified":"2024-06-06T12:33:34","modified_gmt":"2024-06-06T10:33:34","slug":"premio-europeo-s-ulrich-2014-a-juntos-por-europa","status":"publish","type":"post","link":"https:\/\/www.focolare.org\/es\/premio-europeo-s-ulrich-2014-a-juntos-por-europa\/","title":{"rendered":"Premio Europeo S. Ulrich 2014 a \u201cJuntos por Europa\u201d"},"content":{"rendered":"<p><a href=\"http:\/\/www.together4europe.org\/about\/premi-co\/\"><img alt=\"\" alt=\"\" loading=\"lazy\" decoding=\"async\" class=\"alignleft wp-image-90544 size-full\" style=\"margin-right: 10px\" src=\"https:\/\/www.focolare.org\/wp-content\/uploads\/2013\/08\/20130825-01.png\" alt=\"\" width=\"240\" height=\"229\" \/><\/a>  <em>\u201cEstamos felices y agradecidos por esta condecoraci\u00f3n\u201d, <\/em>coment\u00f3 Gerhard Pross, portavoz del comit\u00e9 alem\u00e1n del proyecto: <em>\u201cSignifica para nosotros un ulterior impulso para que resplandezca el esp\u00edritu del Juntos,de la comuni\u00f3n y de los valores cristianos en la sociedad y en las Iglesias\u201d.<\/em>En los a\u00f1os pasados fueron premiados, entre otros, el ex canciller alem\u00e1n Helmut Kohl, el arzobispo polaco em\u00e9rito Alfons Nossol y la Comunidad de San Egidio.  <strong><a href=\"http:\/\/www.together4europe.org\" target=\"_blank\" rel=\"noopener\">\u201cJuntos por Europa\u201d<\/a> nace en <a href=\"http:\/\/www.ottmaring.org\/\" target=\"_blank\" rel=\"noopener\">Ottmaring<\/a> (Augsburg, <a href=\"https:\/\/www.focolare.org\/es\/focolare-worldwide\/europa\/germania\/\" target=\"_blank\" rel=\"noopener\">Alemania<\/a>), el 31 de octubre de 1999,<\/strong> despu\u00e9s de haber firmado durante \u00a0la ma\u00f1ana, la hist\u00f3rica \u201cDeclaraci\u00f3n conjunta sobre la Doctrina de la Justificaci\u00f3n\u201d. Esemismo d\u00eda, en el Centro ecum\u00e9nico de Ottmaring, se desarrolla un primer encuentro entre algunos Movimientos y Comunidades cat\u00f3licas y evang\u00e9licas, para vivir juntos el Evangelio. Con el transcurso del tiempo, se delinea la fisonom\u00eda de \u201cJuntos por Europa\u201d, que se presenta como \u201cuna libre convergencia de movimientos cristianos \u2013cat\u00f3licos, evang\u00e9licos, reformados, anglicanos y ortodoxos-, que, manteniendo su propia autonom\u00eda, act\u00faan juntos en determinadas ocasiones a favor de fines que comparten, llevando la contribuci\u00f3n del propio carisma y de la propia espiritualidad\u201d. El objetivo principal es el de trabajar juntos para \u201cincrementar el alma cristiana de Europa\u201d.  <img alt=\"\" alt=\"\" loading=\"lazy\" decoding=\"async\" class=\"alignright wp-image-90543\" style=\"margin-left: 10px\" src=\"https:\/\/www.focolare.org\/wp-content\/uploads\/2013\/08\/St._Ulrich_Preis_b.jpg\" alt=\"\" width=\"175\" height=\"180\" \/><strong>El Premio S. Ulrich fue instituido en 1993 por la <em>Fundaci\u00f3n europea de S. Ulrich, <\/em>en Dillingen,<\/strong> la ciudad natal del Santo, en la conmemoraci\u00f3n de los mil a\u00f1os de su beatificaci\u00f3n. En la ciudad y en la regi\u00f3n, se percibe un fuerte impulso para trabajar por la paz y por la construcci\u00f3n de una Europa fundada en valores cristianos.  <strong>El Premio se otorga cada dos a\u00f1os <\/strong>a personas, iniciativas o instituciones comprometidas con la unidad de Europa en el \u00e1mbito pol\u00edtico, religioso, cultural, cient\u00edfico, econ\u00f3mico y social, seg\u00fan el esp\u00edritu de S. Ulrich. En la motivaci\u00f3n del Premio 2014 se afirma que <em>\u201cla red de \u2018Juntos por Europa\u2019 est\u00e1 comprometida\u00a0 en una cultura de comuni\u00f3n y en una gran comunidad solidaria en Europa, fundada sobre valores cristianos. Se favorece el desarrollo de la libertad y del sentido humanitario, que se ve amenazado por la crisis financiera y econ\u00f3mica de Europa\u201d<\/em>  El Premio, que consiste en diez mil \u00a0Euros, ser\u00e1 entregado en Dillingen, al Comit\u00e9 internacional de Orientaci\u00f3n de \u201cJuntos por Europa\u201d, en el mes de mayo de 2014.<\/p>\n","protected":false},"excerpt":{"rendered":"<p>La ciudad de Dillingen (Baviera, Alemania) comunic\u00f3 que el prestigioso \u201cPremio Europeo S. Ulrich  edici\u00f3n 2014\u201d, ser\u00e1 otorgado a la iniciativa ecum\u00e9nica \u201cJuntos por Europa\u201d.<\/p>\n","protected":false},"author":34,"featured_media":0,"comment_status":"open","ping_status":"open","sticky":false,"template":"","format":"standard","meta":{"give_campaign_id":0,"_seopress_robots_primary_cat":"","_seopress_titles_title":"","_seopress_titles_desc":"","_seopress_robots_index":"","_et_pb_use_builder":"","_et_pb_old_content":"","_et_gb_content_width":"","footnotes":""},"categories":[904,905],"tags":[],"class_list":["post-349622","post","type-post","status-publish","format-standard","hentry","category-focolare-worldwide-2-2","category-senza-categoria-2-2"],"_links":{"self":[{"href":"https:\/\/www.focolare.org\/es\/wp-json\/wp\/v2\/posts\/349622","targetHints":{"allow":["GET"]}}],"collection":[{"href":"https:\/\/www.focolare.org\/es\/wp-json\/wp\/v2\/posts"}],"about":[{"href":"https:\/\/www.focolare.org\/es\/wp-json\/wp\/v2\/types\/post"}],"author":[{"embeddable":true,"href":"https:\/\/www.focolare.org\/es\/wp-json\/wp\/v2\/users\/34"}],"replies":[{"embeddable":true,"href":"https:\/\/www.focolare.org\/es\/wp-json\/wp\/v2\/comments?post=349622"}],"version-history":[{"count":0,"href":"https:\/\/www.focolare.org\/es\/wp-json\/wp\/v2\/posts\/349622\/revisions"}],"wp:attachment":[{"href":"https:\/\/www.focolare.org\/es\/wp-json\/wp\/v2\/media?parent=349622"}],"wp:term":[{"taxonomy":"category","embeddable":true,"href":"https:\/\/www.focolare.org\/es\/wp-json\/wp\/v2\/categories?post=349622"},{"taxonomy":"post_tag","embeddable":true,"href":"https:\/\/www.focolare.org\/es\/wp-json\/wp\/v2\/tags?post=349622"}],"curies":[{"name":"wp","href":"https:\/\/api.w.org\/{rel}","templated":true}]}}