{"id":349630,"date":"2013-08-27T05:30:12","date_gmt":"2013-08-27T03:30:12","guid":{"rendered":"https:\/\/www.focolare.org\/17-anos-de-encuentro-entre-judios-y-cristianos\/"},"modified":"2024-06-06T12:33:36","modified_gmt":"2024-06-06T10:33:36","slug":"17-anos-de-encuentro-entre-judios-y-cristianos","status":"publish","type":"post","link":"https:\/\/www.focolare.org\/es\/17-anos-de-encuentro-entre-judios-y-cristianos\/","title":{"rendered":"17 a\u00f1os de encuentro entre jud\u00edos y cristianos"},"content":{"rendered":"<p><a href=\"https:\/\/www.focolare.org\/wp-content\/uploads\/2013\/08\/20130823-01.jpg\"><img alt=\"\" alt=\"\" loading=\"lazy\" decoding=\"async\" class=\"alignleft  wp-image-90495\" style=\"margin-right: 10px\" src=\"https:\/\/www.focolare.org\/wp-content\/uploads\/2013\/08\/20130823-01.jpg\" alt=\"\" width=\"332\" height=\"210\" \/><\/a>Domingo 18 de agosto, hora 16.30, se da el puntapi\u00e9 inicial a la XVII Jornada de la Paz. Un grupo de 70 jud\u00edos y cristianos se han reunido en la Mari\u00e1polis Lia (<a href=\"https:\/\/www.focolare.org\/es\/focolare-worldwide\/america-sud\/argentina\/\" target=\"_blank\" rel=\"noopener\">Argentina<\/a>) para compartir dos d\u00edas de convivencia. Los momentos iniciales repasan la experiencia de seis jud\u00edos y tres cristianos en Castel Gandolfo, Roma, en la sede del<a href=\"https:\/\/www.focolare.org\/es\/movimento-dei-focolari\/\" target=\"_blank\" rel=\"noopener\"> Movimiento de los Focolares<\/a>, donde se reunieron para un original encuentro de <a href=\"https:\/\/www.focolare.org\/es\/in-dialogo\/grandi-religioni\/\" target=\"_blank\" rel=\"noopener\">di\u00e1logo interreligioso.<\/a> Los testimonios afirman que se dieron importantes pasos en el entendimiento mutuo y recuerdan con emoci\u00f3n el encuentro que tuvieron con el papa Francisco.<\/p>\n<p><a href=\"https:\/\/www.focolare.org\/wp-content\/uploads\/2013\/08\/20130823-02.jpg\"><img alt=\"\" alt=\"\" loading=\"lazy\" decoding=\"async\" class=\"wp-image-90496 alignright\" style=\"margin-left: 10px\" src=\"https:\/\/www.focolare.org\/wp-content\/uploads\/2013\/08\/20130823-02.jpg\" alt=\"\" width=\"332\" height=\"210\" \/><\/a>M\u00e1s tarde, Lidia Erbetta, focolarina te\u00f3loga, y la rabina Silvina Chemen proponen estudiar el texto G\u00e9nesis 4 de la Biblia. Es la famosa historia de Ca\u00edn y Abel y de aquella fat\u00eddica pregunta: \u00bfD\u00f3nde est\u00e1 tu hermano? Erbetta y Chemen proponen una din\u00e1mica de <em>\u201chevruta\u201d<\/em>, el estudio entre dos iguales en la tradici\u00f3n de las escuelas talm\u00fadicas, para el an\u00e1lisis del pasaje b\u00edblico. Una <em>hevruta<\/em> que esta vez no es de dos, sino de seis miembros. Estudio grupal, entonces, puesta en com\u00fan e interesantes reflexiones de las panelistas.<\/p>\n<p>En el d\u00eda siguiente se repetir\u00e1 el esquema, esta vez con el rabino Ernesto Yattah y Francisco Canzani, sobre el texto de Marcos 12, 28-33, el pasaje evang\u00e9lico en donde Jes\u00fas recuerda que lo m\u00e1s importante es amar a Dios y al pr\u00f3jimo.<\/p>\n<p><a href=\"https:\/\/www.focolare.org\/wp-content\/uploads\/2013\/08\/20130823-03.jpg\"><img alt=\"\" alt=\"\" loading=\"lazy\" decoding=\"async\" class=\"alignleft  wp-image-90497\" style=\"margin-right: 10px\" src=\"https:\/\/www.focolare.org\/wp-content\/uploads\/2013\/08\/20130823-03.jpg\" alt=\"\" width=\"332\" height=\"210\" \/><\/a>La Jornada se concluir\u00e1 con la bendici\u00f3n entorno a un olivo tra\u00eddo de Nazaret hace ya 15 a\u00f1os por un amigo jud\u00edo, Ignacio Salzberg, \u00e1rbol que se ha vuelto s\u00edmbolo del di\u00e1logo judeo-cristiano en el contexto de la Mari\u00e1polis Lia.<\/p>\n<p>\u00bfCu\u00e1l es el secreto de la continuidad de las jornadas de la paz?<\/p>\n<p>Acaso habr\u00eda que buscarlo en este espacio de intercambio sincero, donde el respeto y el cari\u00f1o mutuos reinan y donde todos se sienten en confianza, seguros de la escucha y la acogida de los dem\u00e1s. Un espacio que se repite a\u00f1o tras a\u00f1o para luego ser recreado en el contexto social donde cada uno act\u00faa cotidianamente.<\/p>\n<p><strong>Fonte:<\/strong> <a href=\"http:\/\/www.mariapolis.org.ar\/2013\/08\/22\/17-anos-de-encuentro-entre-judios-y-cristianos\/\" target=\"_blank\" rel=\"noopener\">Mari\u00e1polis Lia online<\/a><\/p>\n","protected":false},"excerpt":{"rendered":"<p>Jud\u00edos y cristianos se encuentran en la XVII Jornada de la Paz en la Mari\u00e1polis Lia, ciudadela argentina de los Focolares. \u00bfCu\u00e1l es el secreto de su \u00e9xito y continuidad?<\/p>\n","protected":false},"author":34,"featured_media":0,"comment_status":"open","ping_status":"open","sticky":false,"template":"","format":"standard","meta":{"give_campaign_id":0,"_seopress_robots_primary_cat":"","_seopress_titles_title":"","_seopress_titles_desc":"","_seopress_robots_index":"","_et_pb_use_builder":"","_et_pb_old_content":"","_et_gb_content_width":"","footnotes":""},"categories":[904],"tags":[],"class_list":["post-349630","post","type-post","status-publish","format-standard","hentry","category-focolare-worldwide-2-2"],"_links":{"self":[{"href":"https:\/\/www.focolare.org\/es\/wp-json\/wp\/v2\/posts\/349630","targetHints":{"allow":["GET"]}}],"collection":[{"href":"https:\/\/www.focolare.org\/es\/wp-json\/wp\/v2\/posts"}],"about":[{"href":"https:\/\/www.focolare.org\/es\/wp-json\/wp\/v2\/types\/post"}],"author":[{"embeddable":true,"href":"https:\/\/www.focolare.org\/es\/wp-json\/wp\/v2\/users\/34"}],"replies":[{"embeddable":true,"href":"https:\/\/www.focolare.org\/es\/wp-json\/wp\/v2\/comments?post=349630"}],"version-history":[{"count":0,"href":"https:\/\/www.focolare.org\/es\/wp-json\/wp\/v2\/posts\/349630\/revisions"}],"wp:attachment":[{"href":"https:\/\/www.focolare.org\/es\/wp-json\/wp\/v2\/media?parent=349630"}],"wp:term":[{"taxonomy":"category","embeddable":true,"href":"https:\/\/www.focolare.org\/es\/wp-json\/wp\/v2\/categories?post=349630"},{"taxonomy":"post_tag","embeddable":true,"href":"https:\/\/www.focolare.org\/es\/wp-json\/wp\/v2\/tags?post=349630"}],"curies":[{"name":"wp","href":"https:\/\/api.w.org\/{rel}","templated":true}]}}