{"id":349656,"date":"2013-09-04T12:47:14","date_gmt":"2013-09-04T10:47:14","guid":{"rendered":"https:\/\/www.focolare.org\/maria-voce-y-giancarlo-faletti-fueron-recibidos-por-el-rey-abdullah-de-jordania\/"},"modified":"2024-06-06T12:33:40","modified_gmt":"2024-06-06T10:33:40","slug":"maria-voce-y-giancarlo-faletti-fueron-recibidos-por-el-rey-abdullah-de-jordania","status":"publish","type":"post","link":"https:\/\/www.focolare.org\/es\/maria-voce-y-giancarlo-faletti-fueron-recibidos-por-el-rey-abdullah-de-jordania\/","title":{"rendered":"Mar\u00eda Voce y Giancarlo Faletti fueron recibidos por el Rey Abdullah de Jordania"},"content":{"rendered":"<p><a href=\"https:\/\/www.focolare.org\/wp-content\/uploads\/2013\/09\/0130905-02.jpg\"><img alt=\"\" alt=\"\" loading=\"lazy\" decoding=\"async\" class=\"alignright  wp-image-91327\" style=\"margin-left: 10px\" src=\"https:\/\/www.focolare.org\/wp-content\/uploads\/2013\/09\/0130905-02.jpg\" alt=\"\" width=\"358\" height=\"238\" \/><\/a><\/p>\n<p>La noticia, casi inesperada, que confirmaba la audiencia, lleg\u00f3 al final de la tarde de ayer y llen\u00f3 de satisfacci\u00f3n a los miembros de los Focolares que estaban regresando despu\u00e9s de <a href=\"https:\/\/www.focolare.org\/es\/news\/2013\/09\/02\/in-medio-oriente-al-servizio-della-pace\/\">varios eventos<\/a> en los que participaron en los d\u00edas pasados.<\/p>\n<p>He aqu\u00ed la primeras impresiones de Mar\u00eda Voce, recogidas al finalizar el encuentro.<\/p>\n<p><strong><em>Mar\u00eda Voce, un primer\u00edsimo comentario&#8230;<\/em><\/strong><\/p>\n<p>\u00abSu Majestad nos recibi\u00f3 muy calurosamente, dici\u00e9ndose honrado por la visita, y quiso saber c\u00f3mo hab\u00eda ido nuestro trabajo en Jordania. Entonces le agradec\u00ed por la acogida que el pa\u00eds me hab\u00eda preparado, subrayando que el motivo de mi visita era precisamente traerle mi agradecimiento y el de todos los miembros del Movimiento. Despu\u00e9s le pude informar que \u00e9ramos de varios pa\u00edses, cristianos y musulmanes, todos unidos por este esp\u00edritu de fraternidad universal. Me pareci\u00f3 importante poner en evidencia tambi\u00e9n que una serie de encuentros de este tipo han podido realizarse precisamente en Jordania gracias al esp\u00edritu de apertura y tolerancia que caracterizan al pa\u00eds\u00bb.<\/p>\n<p><strong><em>\u00bfCu\u00e1l fue la reacci\u00f3n del rey Abdullah II?<\/em><\/strong><\/p>\n<p>\u00abMe pregunt\u00f3 \u2018<em>\u00bfY nosotros qu\u00e9 podemos hacer para proseguir este trabajo?<\/em>\u2019. Expres\u00f3 su preocupaci\u00f3n por la situaci\u00f3n en la regi\u00f3n, por los grandes desaf\u00edos y no escondi\u00f3 su preocupaci\u00f3n por las comunidades cristianas. Pero sobre todo me dijo que tenemos que afrontar juntos esta crisis y esta incertidumbre\u00bb.<\/p>\n<p><a href=\"https:\/\/www.focolare.org\/wp-content\/uploads\/2013\/09\/0130905-01.jpg\"><img alt=\"\" alt=\"\" loading=\"lazy\" decoding=\"async\" class=\"wp-image-91326 alignleft\" style=\"margin-right: 10px\" src=\"https:\/\/www.focolare.org\/wp-content\/uploads\/2013\/09\/0130905-01.jpg\" alt=\"\" width=\"358\" height=\"240\" \/><\/a><strong><em>\u00bfSe hizo referencia a su reciente <a href=\"http:\/\/www.zenit.org\/es\/articles\/el-papa-recibe-al-rey-de-jordania-negociacion-para-poner-fin-al-conflicto-en-siria\" target=\"_blank\" rel=\"noopener\">visita <\/a>al Papa Francisco?<\/em><\/strong><\/p>\n<p>\u00abLe comuniqu\u00e9 al rey nuestra alegr\u00eda al ver su foto con el Papa en los peri\u00f3dicos y en la prensa. \u00c9l enseguida subray\u00f3 que fue una de las visitas m\u00e1s bellas que ha realizado en estos a\u00f1os. Y refiri\u00e9ndose al Papa me dijo: \u2018<em>Sentimos que somos hermanos<\/em>\u2019\u00bb.<\/p>\n<p><strong><em>\u00bfAlguna conclusi\u00f3n despu\u00e9s de la visita?<\/em><\/strong><em><\/em><\/p>\n<p>\u00abPor mi parte le agradec\u00ed porque el hecho de haberme recibido pues ha dado visibilidad a nuestra presencia aqu\u00ed. Por su parte, me dijo que en cualquier momento y por cualquier motivo podemos dirigirnos a \u00e9l. <em>\u2018Pidan cualquier cosa que estamos a vuestra disposici\u00f3n. Soy vuestro hermano y me pongo a vuestra disposici\u00f3n<\/em>\u2019\u00bb.<\/p>\n<p>Del enviado Roberto Catalano<\/p>\n<p>Fuente: <a href=\"http:\/\/cittanuova.it\/c\/431053\/Re_Abdullah_di_Giordania_riceve_la_presidente_dei_Focolari.html\" target=\"_blank\" rel=\"noopener\">Citt\u00e0 Nuova online<\/a><\/p>\n","protected":false},"excerpt":{"rendered":"<p>La presidente y el co-presidente de los Focolares tuvieron hoy una audiencia con S. A. el Rey  Abdullah II de Jordania. Las primeras impresiones de Mar\u00eda Voce.<\/p>\n","protected":false},"author":34,"featured_media":0,"comment_status":"open","ping_status":"open","sticky":false,"template":"","format":"standard","meta":{"give_campaign_id":0,"_seopress_robots_primary_cat":"","_seopress_titles_title":"","_seopress_titles_desc":"","_seopress_robots_index":"","_et_pb_use_builder":"","_et_pb_old_content":"","_et_gb_content_width":"","footnotes":""},"categories":[904],"tags":[],"class_list":["post-349656","post","type-post","status-publish","format-standard","hentry","category-focolare-worldwide-2-2"],"_links":{"self":[{"href":"https:\/\/www.focolare.org\/es\/wp-json\/wp\/v2\/posts\/349656","targetHints":{"allow":["GET"]}}],"collection":[{"href":"https:\/\/www.focolare.org\/es\/wp-json\/wp\/v2\/posts"}],"about":[{"href":"https:\/\/www.focolare.org\/es\/wp-json\/wp\/v2\/types\/post"}],"author":[{"embeddable":true,"href":"https:\/\/www.focolare.org\/es\/wp-json\/wp\/v2\/users\/34"}],"replies":[{"embeddable":true,"href":"https:\/\/www.focolare.org\/es\/wp-json\/wp\/v2\/comments?post=349656"}],"version-history":[{"count":0,"href":"https:\/\/www.focolare.org\/es\/wp-json\/wp\/v2\/posts\/349656\/revisions"}],"wp:attachment":[{"href":"https:\/\/www.focolare.org\/es\/wp-json\/wp\/v2\/media?parent=349656"}],"wp:term":[{"taxonomy":"category","embeddable":true,"href":"https:\/\/www.focolare.org\/es\/wp-json\/wp\/v2\/categories?post=349656"},{"taxonomy":"post_tag","embeddable":true,"href":"https:\/\/www.focolare.org\/es\/wp-json\/wp\/v2\/tags?post=349656"}],"curies":[{"name":"wp","href":"https:\/\/api.w.org\/{rel}","templated":true}]}}