{"id":349684,"date":"2013-09-12T03:00:01","date_gmt":"2013-09-12T01:00:01","guid":{"rendered":"https:\/\/www.focolare.org\/panama-una-aventura-sin-igual\/"},"modified":"2024-06-06T12:33:47","modified_gmt":"2024-06-06T10:33:47","slug":"panama-una-aventura-sin-igual","status":"publish","type":"post","link":"https:\/\/www.focolare.org\/es\/panama-una-aventura-sin-igual\/","title":{"rendered":"Panam\u00e1: una aventura sin igual"},"content":{"rendered":"<p><img alt=\"\" alt=\"\" loading=\"lazy\" decoding=\"async\" class=\"alignleft size-full wp-image-91892\" style=\"margin-right: 10px\" src=\"https:\/\/www.focolare.org\/wp-content\/uploads\/2013\/09\/20130912-01.jpg\" alt=\"\" width=\"314\" height=\"207\" \/><\/p>\n<p>Ba\u00f1ada por los dos oc\u00e9anos, el Pac\u00edfico y el Atl\u00e1ntico, la Rep\u00fablica de <a href=\"https:\/\/www.focolare.org\/es\/focolare-worldwide\/america-nord-e-centrale\/panama\/\">Panam\u00e1<\/a> se encuentra en el extremo sureste de Am\u00e9rica Central y es conocida por el canal interoce\u00e1nico. Este peque\u00f1o pa\u00eds de 75.517 km2, con una poblaci\u00f3n de casi 3,5 millones de habitantes, es hospitalario, con una rica cultura multi\u00e9tnica y con profundas ra\u00edces cristianas (este a\u00f1o se recuerdan los 500 a\u00f1os de la creaci\u00f3n de Santa Mar\u00eda La Antigua -1513- primera di\u00f3cesis del continente americano). Panam\u00e1 es el punto de encuentro y el puerto de entrada y salida de las \u201cLas Am\u00e9ricas\u201d.<\/p>\n<p>El 31 de julio pasado, con la llegada de tres <a href=\"https:\/\/www.focolare.org\/es\/movimento-dei-focolari\/scelte-e-impegno\/focolarini\/\">focolarinos<\/a>, tuvo inicio el \u201cfocolar temporal\u201d, que, como dice su nombre, es un focolar que se constituye all\u00ed donde existe una comunidad del Movimiento por un per\u00edodo determinado, aprovechando la disponibilidad de tiempo de algunos focolarinos. Esta experiencia llega al s\u00e9ptimo a\u00f1o consecutivo, esta vez el focolar temporal estuvo formado por tres focolarinos llegados de Alemania, Paraguay y Venezuela.<\/p>\n<p>Fue un per\u00edodo bello e intenso, en el cual se estrecharon muchas relaciones y se profundiz\u00f3 en la <a href=\"https:\/\/www.focolare.org\/es\/chiara-lubich\/spiritualita-dellunita\/\">espiritualidad de la unidad<\/a>, seg\u00fan el estilo de vida evang\u00e9lico de los Focolares. Reuniones con ni\u00f1os, adolescentes, j\u00f3venes y familias, visitas a las comunidades en la periferia de las ciudades, como en los casos de Pacora y Chorrera a 60 km. de la capital. Adem\u00e1s, aprovechando la presencia de Emanuele, focolarino sacerdote, se celebr\u00f3 la Eucarist\u00eda y se bendijeron varias casas en \u00a0comunidades en donde el sacerdote llega una vez al mes.<\/p>\n<p><img alt=\"\" alt=\"\" loading=\"lazy\" decoding=\"async\" class=\"alignright size-full wp-image-91896\" src=\"https:\/\/www.focolare.org\/wp-content\/uploads\/2013\/09\/20130912-03.jpg\" alt=\"\" width=\"213\" height=\"159\" \/><\/p>\n<p>Jornadas sencillas y alegres, donde muchos han podido profundizar el Ideal de la unidad. P. dec\u00eda: \u201centre los mejores momentos de mi vida est\u00e1n estas conversaciones con las personas del focolar\u201d; y P.M., p\u00e1rroco que lleva adelante su misi\u00f3n pastoral en Arco Seco, en la pen\u00ednsula de Azuero, a 250 km de la capital, agradeci\u00f3 porque fueron hasta all\u00e1 s\u00f3lo para saludarlo. De ese saludo naci\u00f3, despu\u00e9s la posibilidad de organizar un encuentro sucesivo con m\u00e1s personas.<\/p>\n<p><img alt=\"\" alt=\"\" loading=\"lazy\" decoding=\"async\" class=\"size-full wp-image-91893 alignleft\" style=\"margin-right: 10px\" src=\"https:\/\/www.focolare.org\/wp-content\/uploads\/2013\/09\/20130912-02.jpg\" alt=\"\" width=\"213\" height=\"159\" \/>Fue relevante tambi\u00e9n la presencia de familias enteras en distintas actividades que se organizaron durante el mes, incluyendo algunas que est\u00e1n pasando momentos dif\u00edciles y que en esos d\u00edas encontraron un \u201cb\u00e1lsamo\u201d para seguir adelante. Finalmente, hay que subrayar tambi\u00e9n la presencia generosa de algunos miembros de la comunidad del Movimiento de Costa Rica.<\/p>\n<p>En agradecimiento a Nuccio Santoro, Michael Wegmann y Emanuele Colombo, la comunidad paname\u00f1a organiz\u00f3 una espl\u00e9ndida barbacoa, espont\u00e1nea y familiar. Hab\u00eda 80 personas, muchas de las cuales entraron por primera vez en contacto con el Focolar. Fue una noche animada por el ritmo t\u00edpico de los tambores y canciones del folclor local.<\/p>\n<p>Ahora que los focolarinos se fueron, en el alma de cada uno permanece un sabor de familia, de gratitud y un impulso renovado a ser constructores \u201cen primera fila\u201d de una sociedad m\u00e1s cercana al hombre, fraterna y unida, para llegar a las \u201cperiferias existenciales\u201d de la humanidad.<\/p>\n<p><em>De Panam\u00e1, Javier Lombardo T.<\/em><\/p>\n","protected":false},"excerpt":{"rendered":"<p>S\u00e9ptima edici\u00f3n del \u201cfocolar temporal\u201d del pa\u00eds centroamericano. Un mes lleno de encuentros y relaciones profundas, inmersos en la espiritualidad.<\/p>\n","protected":false},"author":27,"featured_media":0,"comment_status":"open","ping_status":"open","sticky":false,"template":"","format":"standard","meta":{"give_campaign_id":0,"_seopress_robots_primary_cat":"","_seopress_titles_title":"","_seopress_titles_desc":"","_seopress_robots_index":"","_et_pb_use_builder":"","_et_pb_old_content":"","_et_gb_content_width":"","footnotes":""},"categories":[905],"tags":[],"class_list":["post-349684","post","type-post","status-publish","format-standard","hentry","category-senza-categoria-2-2"],"_links":{"self":[{"href":"https:\/\/www.focolare.org\/es\/wp-json\/wp\/v2\/posts\/349684","targetHints":{"allow":["GET"]}}],"collection":[{"href":"https:\/\/www.focolare.org\/es\/wp-json\/wp\/v2\/posts"}],"about":[{"href":"https:\/\/www.focolare.org\/es\/wp-json\/wp\/v2\/types\/post"}],"author":[{"embeddable":true,"href":"https:\/\/www.focolare.org\/es\/wp-json\/wp\/v2\/users\/27"}],"replies":[{"embeddable":true,"href":"https:\/\/www.focolare.org\/es\/wp-json\/wp\/v2\/comments?post=349684"}],"version-history":[{"count":0,"href":"https:\/\/www.focolare.org\/es\/wp-json\/wp\/v2\/posts\/349684\/revisions"}],"wp:attachment":[{"href":"https:\/\/www.focolare.org\/es\/wp-json\/wp\/v2\/media?parent=349684"}],"wp:term":[{"taxonomy":"category","embeddable":true,"href":"https:\/\/www.focolare.org\/es\/wp-json\/wp\/v2\/categories?post=349684"},{"taxonomy":"post_tag","embeddable":true,"href":"https:\/\/www.focolare.org\/es\/wp-json\/wp\/v2\/tags?post=349684"}],"curies":[{"name":"wp","href":"https:\/\/api.w.org\/{rel}","templated":true}]}}