{"id":349692,"date":"2013-09-13T12:40:41","date_gmt":"2013-09-13T10:40:41","guid":{"rendered":"https:\/\/www.focolare.org\/el-papa-francisco-recibe-en-audiencia-a-maria-voce-y-a-giancarlo-faletti\/"},"modified":"2024-06-06T12:33:48","modified_gmt":"2024-06-06T10:33:48","slug":"el-papa-francisco-recibe-en-audiencia-a-maria-voce-y-a-giancarlo-faletti","status":"publish","type":"post","link":"https:\/\/www.focolare.org\/es\/el-papa-francisco-recibe-en-audiencia-a-maria-voce-y-a-giancarlo-faletti\/","title":{"rendered":"El Papa Francisco recibe en audiencia a Mar\u00eda Voce y a Giancarlo Faletti"},"content":{"rendered":"<p><div id=\"attachment_92029\" style=\"width: 317px\" class=\"wp-caption alignleft\"><a href=\"https:\/\/www.focolare.org\/wp-content\/uploads\/2013\/09\/20130913VocePapaFrancesco-02.jpg\"><img alt=\"\" alt=\"\" loading=\"lazy\" decoding=\"async\" aria-describedby=\"caption-attachment-92029\" class=\"wp-image-92029  \" style=\"margin: 10px 0px;border: 0px\" src=\"https:\/\/www.focolare.org\/wp-content\/uploads\/2013\/09\/20130913VocePapaFrancesco-02.jpg\" alt=\"\" width=\"307\" height=\"205\" \/><\/a><p id=\"caption-attachment-92029\" class=\"wp-caption-text\">(C) Osservatore Romano &#8211; Mar\u00eda Voce y Giancarlo Faletti en audiencia con el Papa Francisco<\/p><\/div>  <strong>\u201cFue un coloquio familiar\u201d &#8211; dice <a href=\"https:\/\/www.focolare.org\/es\/news\/2011\/01\/20\/maria-voce\/\" target=\"_blank\" rel=\"noopener\">Mar\u00eda Voce<\/a><\/strong> al concluir la audiencia. \u201cNos expres\u00f3 el inmenso valor que tiene para \u00e9l \u00a0un cristianismo comprometido y de comuni\u00f3n\u201d  <strong>\u201cEl Papa Francisco siente especialmente en su coraz\u00f3n la vida del Evangelio<\/strong>&#8211; contin\u00faa la presidente. Nos dijo que vayamos adelante con audacia y con alegr\u00eda, porque un cristiano sin alegr\u00eda no consigue nada. Por lo tanto, el cristianismo debe ser comprometido, de comuni\u00f3n y alegre\u201d  En el encuentro pudimos contarle al Papa sobre la presencia y las iniciativas del Movimiento de los Focolares, se\u00f1alando el aporte espec\u00edfico que brinda\u00a0<a href=\"https:\/\/www.focolare.org\/es\/focolare-worldwide\/\" target=\"_blank\" rel=\"noopener\">en las distintas regiones<\/a>. \u201cEl Papa Francisco nos agradeci\u00f3 por el trabajo que el Movimiento hace en todo el mundo\u201d, contin\u00faa Mar\u00eda Voce.  Pudieron relatarle del compromiso de los Focolares en los diversos aspectos: desde su acci\u00f3n capilar, material y espiritual, a favor de las familias y de los j\u00f3venes en muchas localidades de <a href=\"https:\/\/www.focolare.org\/es\/?s=siria&amp;x=-1214&amp;y=-42\" target=\"_blank\" rel=\"noopener\">Siria<\/a>, a las iniciativas culturales promovidas en China; del <a href=\"https:\/\/www.focolare.org\/es\/in-dialogo\/grandi-religioni\/\" target=\"_blank\" rel=\"noopener\">di\u00e1logo interreligioso<\/a> con exponentes budistas, musulmanes y jud\u00edos. Se lleg\u00f3 incluso a comentar las implicancias del <a href=\"https:\/\/www.focolare.org\/es\/news\/2012\/02\/19\/progetto-amazzonia\/\" target=\"_blank\" rel=\"noopener\">proyecto \u201cAmazonia\u201d<\/a> lanzado por la Conferencia Episcopal de Brasil para la evangelizaci\u00f3n de esa inmensa superficie. Le\u00a0mencionaron los\u00a0testimonios de perd\u00f3n y reconciliaci\u00f3n en distintos pa\u00edses de \u00c1frica heridos por la guerra y de relaciones de fraternidad y reciprocidad revitalizadas en los barrios an\u00f3nimos de distintas metr\u00f3polis de Occidente al emprender iniciativas en la esfera social, como por ejemplo,\u00a0la <a href=\"http:\/\/www.edc-online.org\" target=\"_blank\" rel=\"noopener\">Econom\u00eda de Comuni\u00f3n<\/a>.  <div id=\"attachment_92010\" style=\"width: 310px\" class=\"wp-caption alignright\"><a href=\"https:\/\/www.focolare.org\/wp-content\/uploads\/2013\/09\/20130913VocePapaFrancesco-01.jpg\"><img alt=\"\" alt=\"\" loading=\"lazy\" decoding=\"async\" aria-describedby=\"caption-attachment-92010\" class=\"wp-image-92010 \" style=\"margin-left: 10px\" src=\"https:\/\/www.focolare.org\/wp-content\/uploads\/2013\/09\/20130913VocePapaFrancesco-01.jpg\" alt=\"\" width=\"300\" height=\"200\" \/><\/a><p id=\"caption-attachment-92010\" class=\"wp-caption-text\">(C) &#8211; El Papa FRancisco recibe en audiencia a Mar\u00eda Voce<\/p><\/div>  Con respecto al viaje a <a href=\"https:\/\/www.focolare.org\/es\/?s=Giordania&amp;x=-1214&amp;y=-42\" target=\"_blank\" rel=\"noopener\">Jordania<\/a>, recientemente concluido, pa\u00eds donde convergieron para el encuentro, las comunidades de los Focolares del Medio Oriente y del Norte de <a href=\"https:\/\/www.focolare.org\/es\/focolare-worldwide\/africa\/\" target=\"_blank\" rel=\"noopener\">\u00c1frica<\/a>, Mar\u00eda Voce pudo comunicarle al Papa la experiencia de esos d\u00edas de tensi\u00f3n e incertidumbre. <a href=\"https:\/\/www.focolare.org\/es\/news\/2013\/09\/04\/gesti-di-pace-2\/\" target=\"_blank\" rel=\"noopener\">Tambi\u00e9n all\u00ed<\/a> vivieron la jornada de ayuno y oraci\u00f3n por la paz del 7 de septiembre pasado, con las personas del Movimiento presentes en Amm\u00e1n, que pertenecen a varias iglesias y religiones. <strong>\u201cSe sent\u00eda la gran apertura del Papa a toda la humanidad<\/strong> y su deseo de abrazarla con esta oraci\u00f3n\u201d, contin\u00faa Mar\u00eda Voce. \u201cY c\u00f3mo el Medio Oriente entraba en este abrazo\u201d.  \u201cA trav\u00e9s de lo que nos dijo \u2013 concluye Mar\u00eda Voce- se advierte cu\u00e1nto el Papa aprecia la pertenencia a los movimientos. Hablando de una u otra situaci\u00f3n, dec\u00eda qu\u00e9 importante que es que existan los movimientos sosteniendo estas situaciones. Se siente que el Papa reconoce en ellos la capacidad de<strong> colocar en el primer plano la radicalidad de la vida evang\u00e9lica\u201d.<\/strong>  <a href=\"https:\/\/www.focolare.org\/area-press-focus\/files\/2013\/09\/20130913_CS_udienzaPapaFrancesco.pdf\" target=\"_blank\" rel=\"noopener\">Nota de Prensa<\/a>  <a href=\"https:\/\/www.focolare.org\/it\/news\/2013\/09\/13\/maria-voce-in-udienza-da-papa-francesco\/\" target=\"_blank\" rel=\"noopener\">Entrevista a Radio Vaticana.<\/a>  <a href=\"http:\/\/www.youtube.com\/watch?v=qWHXnuR6OAc&amp;feature=em-share_video_user\" target=\"_blank\" rel=\"noopener\">Ver el video<\/a><\/p>\n","protected":false},"excerpt":{"rendered":"<p>El 13 de septiembre de ma\u00f1ana, el Papa Francisco recibi\u00f3 en audiencia privada a la presidente de los Focolares, Mar\u00eda Voce, quien fue acompa\u00f1ada por el copresidente Giancarlo Faletti.<\/p>\n","protected":false},"author":34,"featured_media":0,"comment_status":"open","ping_status":"open","sticky":false,"template":"","format":"standard","meta":{"give_campaign_id":0,"_seopress_robots_primary_cat":"","_seopress_titles_title":"","_seopress_titles_desc":"","_seopress_robots_index":"","_et_pb_use_builder":"","_et_pb_old_content":"","_et_gb_content_width":"","footnotes":""},"categories":[46],"tags":[],"class_list":["post-349692","post","type-post","status-publish","format-standard","hentry","category-sin-categorizar"],"_links":{"self":[{"href":"https:\/\/www.focolare.org\/es\/wp-json\/wp\/v2\/posts\/349692","targetHints":{"allow":["GET"]}}],"collection":[{"href":"https:\/\/www.focolare.org\/es\/wp-json\/wp\/v2\/posts"}],"about":[{"href":"https:\/\/www.focolare.org\/es\/wp-json\/wp\/v2\/types\/post"}],"author":[{"embeddable":true,"href":"https:\/\/www.focolare.org\/es\/wp-json\/wp\/v2\/users\/34"}],"replies":[{"embeddable":true,"href":"https:\/\/www.focolare.org\/es\/wp-json\/wp\/v2\/comments?post=349692"}],"version-history":[{"count":0,"href":"https:\/\/www.focolare.org\/es\/wp-json\/wp\/v2\/posts\/349692\/revisions"}],"wp:attachment":[{"href":"https:\/\/www.focolare.org\/es\/wp-json\/wp\/v2\/media?parent=349692"}],"wp:term":[{"taxonomy":"category","embeddable":true,"href":"https:\/\/www.focolare.org\/es\/wp-json\/wp\/v2\/categories?post=349692"},{"taxonomy":"post_tag","embeddable":true,"href":"https:\/\/www.focolare.org\/es\/wp-json\/wp\/v2\/tags?post=349692"}],"curies":[{"name":"wp","href":"https:\/\/api.w.org\/{rel}","templated":true}]}}