{"id":349744,"date":"2013-09-27T03:02:56","date_gmt":"2013-09-27T01:02:56","guid":{"rendered":"https:\/\/www.focolare.org\/arias-nobel-por-la-paz-adhiere-al-uwp-proyecto-mundo-unido\/"},"modified":"2024-06-06T12:33:58","modified_gmt":"2024-06-06T10:33:58","slug":"arias-nobel-por-la-paz-adhiere-al-uwp-proyecto-mundo-unido","status":"publish","type":"post","link":"https:\/\/www.focolare.org\/es\/arias-nobel-por-la-paz-adhiere-al-uwp-proyecto-mundo-unido\/","title":{"rendered":"Arias, N\u00f3bel por la Paz, adhiere al UWP (Proyecto Mundo Unido)"},"content":{"rendered":"<p><em><strong><a href=\"https:\/\/www.focolare.org\/wp-content\/uploads\/2013\/09\/20130924-041.jpg\"><img alt=\"\" alt=\"\" loading=\"lazy\" decoding=\"async\" class=\"alignleft wp-image-92740\" style=\"margin-right: 10px\" src=\"https:\/\/www.focolare.org\/wp-content\/uploads\/2013\/09\/20130924-041.jpg\" alt=\"\" width=\"448\" height=\"309\" \/><\/a><\/strong><\/em><strong><\/strong><\/p>\n<p><strong>El compromiso com\u00fan por la paz.<\/strong> He aqu\u00ed el v\u00ednculo inmediato entre la delegaci\u00f3n de los <a href=\"www.focolare.org\/es\/movimento-dei-focolari\/un-popolo\/giovani-per-un-mondo-unito\/\" target=\"_blank\" rel=\"noopener\">J\u00f3venes por un Mundo Unido<\/a> (JMU) y el N\u00f3bel por la Paz 1987,<strong> \u00d3scar Arias S\u00e1nchez,<\/strong> presidente de Costa Rica en aquel a\u00f1o. Arias se encontraba en Roma con motivo de una conferencia a la comunidad de San Egidio sobre el Tratado Internacional del comercio de armas, aprobado por la Asamblea General de las Naciones Unidas. Tambi\u00e9n ten\u00eda una <a href=\"http:\/\/www.zenit.org\/it\/articles\/il-dialogo-genera-miracoli-sostiene-oscar-arias-dopo-aver-incontrato-papa-francesco\" target=\"_blank\" rel=\"noopener\">audiencia con el Papa Francisco.<\/a><\/p>\n<p><strong>El objetivo del encuentro era encontrar formas de colaboraci\u00f3n <\/strong>con la <a href=\"http:\/\/arias.or.cr\/\" target=\"_blank\" rel=\"noopener\">\u201cFundaci\u00f3n Arias por la paz y desarrollo humano<\/a>\u201d , dado que tambi\u00e9n los JMU trabajan por la paz y la fraternidad. Los j\u00f3venes presentes, de varias nacionalidades, <strong>desplegaron la historia <\/strong>de su trabajo por la paz. Partieron de la recolecci\u00f3n de las 350 mil firmas recogidas en Ginebra (noviembre de 1985) durante la guerra fr\u00eda entre las Embajadas de la URSS y Estados Unidos. Luego recordaron el lanzamiento del <a href=\"https:\/\/www.focolare.org\/es\/news\/2012\/12\/28\/riparte-il-time-out-per-la-pace\/\" target=\"_blank\" rel=\"noopener\">Time-Out<\/a> de Chiara Lubich (septiembre de 1990) durante la crisis del Golfo P\u00e9rsico, el Premio Unesco para la Educaci\u00f3n para la paz que recibi\u00f3 Chiara Lubich (<a href=\"https:\/\/www.focolare.org\/es\/chiara-lubich\/chi-e-chiara\/riconoscimenti\/\" target=\"_blank\" rel=\"noopener\">mes de diciembre de 1996<\/a>), el encuentro anual de la Semana por un Mundo Unido, el <a href=\"http:\/\/www.genfest.org\/historyfest\" target=\"_blank\" rel=\"noopener\">Genfest <\/a>de Budapest de 2012 en el cual se lanz\u00f3 el <a href=\"http:\/\/www.unitedworldproject.org\/it\/\" target=\"_blank\" rel=\"noopener\">United World Projec<\/a>t (Proyecto Mundo Unido) y el reciente <a href=\"https:\/\/www.focolare.org\/es\/news\/2013\/09\/11\/ultima-serata-ad-amman\/\" target=\"_blank\" rel=\"noopener\">encuentro de Mar\u00eda Voce en Am\u00e1n, Jordania,<\/a> con las comunidades de los Focolares en Medio Oriente, \u00a0con el posterior concierto por la paz celebrado por los JMU de los pa\u00edses en conflicto.<\/p>\n<p><strong><\/strong>El premio N\u00f3bel present\u00f3 a los j\u00f3venes lo que la <em>\u201cFundaci\u00f3n Arias para la Paz y el Progreso entre los hombres\u201d<\/em> viene realizando desde su nacimiento. Les comunic\u00f3 sus actuales dificultades y sus sue\u00f1os. Por ejemplo, construir un \u201cMuseo de la Paz\u201d, dado que ya existen muchos museos de guerra. Adem\u00e1s, les propuso\u00a0 \u00a0apoyar su iniciativa del \u201cTratado sobre el Comercio de Armas\u201d (Arms Trade Treaty), aprobado este a\u00f1o por las Naciones Unidas (ONU) para frenar el comercio de armas peque\u00f1as y livianas, seg\u00fan \u00e9l, las que causan mayor cantidad de v\u00edctimas a nivel mundial.<\/p>\n<p>Sostenido <a href=\"https:\/\/www.focolare.org\/wp-content\/uploads\/2013\/09\/20130924-06.jpg\"><img alt=\"\" alt=\"\" loading=\"lazy\" decoding=\"async\" class=\" wp-image-92734 alignright\" style=\"margin-left: 10px\" src=\"https:\/\/www.focolare.org\/wp-content\/uploads\/2013\/09\/20130924-06.jpg\" alt=\"\" width=\"314\" height=\"222\" \/><\/a>por su experiencia como Presidente de <strong>una naci\u00f3n que por Constituci\u00f3n no tiene un ej\u00e9rcito militar, <\/strong>Arias<strong> <\/strong>afirm\u00f3 que la disminuci\u00f3n de la carrera armamentista permitir\u00eda a muchos pa\u00edses el poder compartir recursos econ\u00f3micos que se destinen a solucionar cuestiones sociales como por ejemplo, el acceso a la educaci\u00f3n, a la salud, a la protecci\u00f3n del ambiente y en primer lugar, a resolver el drama de la pobreza en el mundo. Concluyendo, subray\u00f3 la necesidad de que los j\u00f3venes\u00a0 \u00a0estudien y se preparen para construir una cultura de paz y fraternidad, porque: \u201c<em>en un mundo donde parece prevalecer el ego\u00edsmo y la avaricia \u2013<\/em>agreg\u00f3-<em> los j\u00f3venes son los primeros \u00a0llamados a \u00a0introducir nuevos valores en la sociedad, como la solidaridad, el compartir sufrimientos, la generosidad y el amor\u201d<\/em><\/p>\n<p><em>\u201c<\/em>Antes de saludarnos, en una atm\u00f3sfera muy cordial \u2013 <strong>cuenta Olga de Costa Rica<\/strong> \u2013 quiso adherir personalmente a nuestro proyecto (Proyecto Mundo Unido), <a href=\"http:\/\/www.unitedworldproject.org\/it\/petizione\/firma-online.html\" target=\"_blank\" rel=\"noopener\">firmando <\/a>el compromiso de vivir la cultura de la fraternidad, uni\u00e9ndose as\u00ed a los 62.000 firmantes de todo el mundo que pertenecen a este proyecto\u201d. No sucede todos los d\u00edas que uno se pueda encontrar con una personalidad de este nivel \u2013 <strong>agrega Iggy de Nueva Zelanda:<\/strong> una persona culta, sabia, concreta, pero sobre todo, muy sencilla. Con \u00e9l me sent\u00ed de verdad, en familia\u201d. La conversaci\u00f3n se prolong\u00f3 durante una hora en la cual se pudieron compartir objetivos e iniciativas.<\/p>\n<p>La pr\u00f3xima cita importante para los J\u00f3venes por un Mundo Unido ser\u00e1 el\u00a0 pr\u00f3ximo mes de octubre en el <a href=\"http:\/\/www.unesco.org\/new\/en\/youth-forum-2013\/\" target=\"_blank\" rel=\"noopener\">forum de los j\u00f3venes en la Unesco<\/a>. \u201cSer\u00e1 una oportunidad \u2013 concluyen los j\u00f3venes que participar\u00e1n en nombre de JMU, secci\u00f3n juvenil de New Humanity- de \u00a0poder contar sobre nuestro ideal de fraternidad.<\/p>\n","protected":false},"excerpt":{"rendered":"<p>El 21 de septiembre pasado, los J\u00f3venes por un Mundo Unido, se encontraron con \u00d3scar Arias S\u00e1nchez, Premio N\u00f3bel por la Paz 1987, y ex presidente de Costa Rica. Su adhesi\u00f3n al Proyecto Mundo Unido.<\/p>\n","protected":false},"author":34,"featured_media":0,"comment_status":"open","ping_status":"open","sticky":false,"template":"","format":"standard","meta":{"give_campaign_id":0,"_seopress_robots_primary_cat":"","_seopress_titles_title":"","_seopress_titles_desc":"","_seopress_robots_index":"","_et_pb_use_builder":"","_et_pb_old_content":"","_et_gb_content_width":"","footnotes":""},"categories":[904],"tags":[],"class_list":["post-349744","post","type-post","status-publish","format-standard","hentry","category-focolare-worldwide-2-2"],"_links":{"self":[{"href":"https:\/\/www.focolare.org\/es\/wp-json\/wp\/v2\/posts\/349744","targetHints":{"allow":["GET"]}}],"collection":[{"href":"https:\/\/www.focolare.org\/es\/wp-json\/wp\/v2\/posts"}],"about":[{"href":"https:\/\/www.focolare.org\/es\/wp-json\/wp\/v2\/types\/post"}],"author":[{"embeddable":true,"href":"https:\/\/www.focolare.org\/es\/wp-json\/wp\/v2\/users\/34"}],"replies":[{"embeddable":true,"href":"https:\/\/www.focolare.org\/es\/wp-json\/wp\/v2\/comments?post=349744"}],"version-history":[{"count":0,"href":"https:\/\/www.focolare.org\/es\/wp-json\/wp\/v2\/posts\/349744\/revisions"}],"wp:attachment":[{"href":"https:\/\/www.focolare.org\/es\/wp-json\/wp\/v2\/media?parent=349744"}],"wp:term":[{"taxonomy":"category","embeddable":true,"href":"https:\/\/www.focolare.org\/es\/wp-json\/wp\/v2\/categories?post=349744"},{"taxonomy":"post_tag","embeddable":true,"href":"https:\/\/www.focolare.org\/es\/wp-json\/wp\/v2\/tags?post=349744"}],"curies":[{"name":"wp","href":"https:\/\/api.w.org\/{rel}","templated":true}]}}