{"id":349782,"date":"2013-10-10T04:12:07","date_gmt":"2013-10-10T02:12:07","guid":{"rendered":"https:\/\/www.focolare.org\/jovenes-medio-oriente-y-un-grito-por-la-paz\/"},"modified":"2024-06-06T12:34:05","modified_gmt":"2024-06-06T10:34:05","slug":"jovenes-medio-oriente-y-un-grito-por-la-paz","status":"publish","type":"post","link":"https:\/\/www.focolare.org\/es\/jovenes-medio-oriente-y-un-grito-por-la-paz\/","title":{"rendered":"J\u00f3venes, Medio Oriente y un grito por la paz."},"content":{"rendered":"<p><a href=\"https:\/\/www.focolare.org\/wp-content\/uploads\/2013\/10\/20131010-05.jpg\"><img alt=\"\" alt=\"\" loading=\"lazy\" decoding=\"async\" class=\"wp-image-93982 alignleft\" style=\"margin-right: 15px\" src=\"https:\/\/www.focolare.org\/wp-content\/uploads\/2013\/10\/20131010-05.jpg\" alt=\"\" width=\"202\" height=\"269\" \/><\/a><\/p>\n<p>La idea de \u2018A Shout for peace\u2019 nace de los j\u00f3venes de Jordania: una semana por la paz, a partir del 7 de septiembre y, concluyendo, una velada a la cual pueden invitar a todos sus amigos. La idea pronto fue compartida con los J\u00f3venes por un Mundo Unido de todo Medio Oriente. Algunos de ellos se encontraban en Jordania asistiendo a un encuentro con la presidente y el copresidente de los Focolares, Mar\u00eda Voce y Giancarlo Faletti. Se decidi\u00f3 hacer algo por la paz, en el mismo d\u00eda, cada uno en su propio pa\u00eds; y luego re-encontrarse, a trav\u00e9s de una conferencia telef\u00f3nica, y rezar todos juntos por la PAZ.<\/p>\n<p>Aqu\u00ed est\u00e1 el panorama de lo que ocurri\u00f3 simult\u00e1neamente en los distintos Pa\u00edses:<\/p>\n<p><strong>Jordania<\/strong> &#8211; 35 j\u00f3venes musulmanes y cristianos mantienen \u00a0una conexi\u00f3n telef\u00f3nica con los j\u00f3venes de Fortaleza, Brasil: \u201cNos aseguraron \u2013 explican- que rezan por la paz junto con nosotros, y tambi\u00e9n junto con muchos j\u00f3venes de otros movimientos cat\u00f3licos\u201d. En l\u00ednea est\u00e1 tambi\u00e9n Iraq: \u201cUna ocasi\u00f3n especial para asegurarnos mutuamente que estamos siempre unidos y que trabajamos por el mismo fin\u201d. Luego realizan meditaciones de los respectivos textos sagrados, la Biblia y el Cor\u00e1n, y sobre pensamientos espirituales de Chiara Lubich, Igino Giordani, Madre Teresa y otros. La velada se termina con una oraci\u00f3n por Siria y por todo Medio Oriente, a trav\u00e9s de una conferencia telef\u00f3nica con el L\u00edbano, \u00a0Tierra Santa y Argelia. \u201c\u00a1Qu\u00e9 momento tan especial! La clara demostraci\u00f3n de que la unidad crece a pesar de la guerra en nuestros pa\u00edses\u201d<\/p>\n<p><strong>Tierra Santa<\/strong> \u2013 \u201cMostrar a nuestros amigos que no estamos solos en el ansia de \u00a0vivir por la paz\u201d, este es el sentido de la velada en Tierra Santa, con la conexi\u00f3n telef\u00f3nica en vivo y en directo. La ma\u00f1ana siguiente: profundizamos sobre el significado de \u201cponer a Dios en el primer lugar\u201d y realizamos un paseo distendido.<\/p>\n<p><a href=\"https:\/\/www.focolare.org\/wp-content\/uploads\/2013\/10\/20131010-06.jpg\"><img alt=\"\" alt=\"\" loading=\"lazy\" decoding=\"async\" class=\"alignright  wp-image-93983\" style=\"margin-left: 10px\" src=\"https:\/\/www.focolare.org\/wp-content\/uploads\/2013\/10\/20131010-06.jpg\" alt=\"\" width=\"384\" height=\"256\" \/><\/a><strong>Egipto<\/strong> \u2013 El toque de queda impide que los j\u00f3venes se encuentren de \u00a0noche para la conexi\u00f3n. Pero el sentimiento de estar unidos con los dem\u00e1s no falta. Sally, lo expresa de este modo, apenas volvi\u00f3 de Jordania: \u201cVolv\u00ed a Egipto trayendo conmigo aquella unidad. Siento que entre nosotros, a pesar de las distancias que nos separan, existe esta fuerte unidad que me ayuda a tener la paz en los acontecimientos de cada d\u00eda; y tambi\u00e9n me ayuda a difundirla por todas partes\u201d<\/p>\n<p><strong>Iraq<\/strong> \u2013 Gran emoci\u00f3n en la conexi\u00f3n telef\u00f3nica con Jordania. Anmar, de Siria, cuenta: \u201cEstaba de verdad conmovida por la fuerza y la eficacia de la oraci\u00f3n. En estas \u00faltimas semanas recibimos muchas malas \u00a0noticias sobre mi pa\u00eds y nos parec\u00eda que nos iban a atacar de un momento a otro. Pero luego, gracias tambi\u00e9n a la fuerza de nuestras oraciones, not\u00e9 que los pol\u00edticos comenzaron las negociaciones\u2026 es de verdad un milagro. \u00a1Seguimos rezando!\u201d<\/p>\n<p><strong>Argelia<\/strong> \u2013 Es la primera vez que los J\u00f3venes argelinos\u00a0 por un Mundo Unido \u00a0se conectan con los j\u00f3venes de los dem\u00e1s pa\u00edses \u00e1rabes. Est\u00e1n felices. \u201cSentimos realmente la atm\u00f3sfera de la presencia de Dios entre nosotros\u201d<\/p>\n<p><strong>L\u00edbano<\/strong> \u2013 Son 40 los <a href=\"https:\/\/www.focolare.org\/es\/movimento-dei-focolari\/un-popolo\/giovani-per-un-mondo-unito\/\">JMU<\/a> del L\u00edbano y de Siria (algunos j\u00f3venes sirios viven en L\u00edbano) que se re\u00fanen en una iglesia en Beirut: \u201cLa paz es nuestro fin, pero a veces sentimos que es muy dif\u00edcil mantenerla.<\/p>\n<p>Ver estos j\u00f3venes de todo Medio Oriente, reunidos rezando por la paz, nos da la seguridad y la fuerza para seguir construy\u00e9ndola en medio nuestro\u201d<\/p>\n<p>El compromiso por el <strong><a href=\"https:\/\/www.focolare.org\/es\/news\/2012\/12\/28\/riparte-il-time-out-per-la-pace\/\">Time Out<\/a>,<\/strong> \u00a0a las 12 horas, es com\u00fan en todos. Se trata de un momento de silencio o de oraci\u00f3n por la paz.<\/p>\n<hr \/>\n<p><a title=\"A Shout for Peace\" href=\"https:\/\/www.facebook.com\/media\/set\/?set=a.731407293543496.1073741852.443214932362735&amp;type=3\" target=\"_blank\" rel=\"noopener\">Album foto &#8211; Facebook<\/a><\/p>\n<p><a href=\"https:\/\/www.facebook.com\/media\/set\/?set=a.731407293543496.1073741852.443214932362735&amp;type=3\"><img loading=\"lazy\" decoding=\"async\" src=\"https:\/\/www.focolare.org\/wp-content\/uploads\/2013\/10\/20131010-07.jpg\" alt=\"\" width=\"480\" height=\"118\" \/><\/a><\/p>\n","protected":false},"excerpt":{"rendered":"<p>\u2018A shout for peace\u2019 (Un grito por la paz)  es el t\u00edtulo de la iniciativa promovida por los J\u00f3venes por un Mundo Unido de varios Pa\u00edses de Medio Oriente respondiendo al llamado del Papa por la paz.<\/p>\n","protected":false},"author":34,"featured_media":0,"comment_status":"open","ping_status":"open","sticky":false,"template":"","format":"standard","meta":{"give_campaign_id":0,"_seopress_robots_primary_cat":"","_seopress_titles_title":"","_seopress_titles_desc":"","_seopress_robots_index":"","_et_pb_use_builder":"","_et_pb_old_content":"","_et_gb_content_width":"","footnotes":""},"categories":[46],"tags":[],"class_list":["post-349782","post","type-post","status-publish","format-standard","hentry","category-sin-categorizar"],"_links":{"self":[{"href":"https:\/\/www.focolare.org\/es\/wp-json\/wp\/v2\/posts\/349782","targetHints":{"allow":["GET"]}}],"collection":[{"href":"https:\/\/www.focolare.org\/es\/wp-json\/wp\/v2\/posts"}],"about":[{"href":"https:\/\/www.focolare.org\/es\/wp-json\/wp\/v2\/types\/post"}],"author":[{"embeddable":true,"href":"https:\/\/www.focolare.org\/es\/wp-json\/wp\/v2\/users\/34"}],"replies":[{"embeddable":true,"href":"https:\/\/www.focolare.org\/es\/wp-json\/wp\/v2\/comments?post=349782"}],"version-history":[{"count":0,"href":"https:\/\/www.focolare.org\/es\/wp-json\/wp\/v2\/posts\/349782\/revisions"}],"wp:attachment":[{"href":"https:\/\/www.focolare.org\/es\/wp-json\/wp\/v2\/media?parent=349782"}],"wp:term":[{"taxonomy":"category","embeddable":true,"href":"https:\/\/www.focolare.org\/es\/wp-json\/wp\/v2\/categories?post=349782"},{"taxonomy":"post_tag","embeddable":true,"href":"https:\/\/www.focolare.org\/es\/wp-json\/wp\/v2\/tags?post=349782"}],"curies":[{"name":"wp","href":"https:\/\/api.w.org\/{rel}","templated":true}]}}