{"id":349798,"date":"2013-10-16T03:00:40","date_gmt":"2013-10-16T01:00:40","guid":{"rendered":"https:\/\/www.focolare.org\/el-mundo-literario-premia-new-city-de-las-filipinas-y-living-city\/"},"modified":"2024-06-06T12:34:08","modified_gmt":"2024-06-06T10:34:08","slug":"el-mundo-literario-premia-new-city-de-las-filipinas-y-living-city","status":"publish","type":"post","link":"https:\/\/www.focolare.org\/es\/el-mundo-literario-premia-new-city-de-las-filipinas-y-living-city\/","title":{"rendered":"El mundo literario premia \u201cNew City\u201d de las Filipinas y \u201cLiving City\u201d"},"content":{"rendered":"<p><a href=\"https:\/\/www.focolare.org\/wp-content\/uploads\/2013\/10\/CPA-Award-2013.jpg\"><img alt=\"\" alt=\"\" loading=\"lazy\" decoding=\"async\" class=\"alignright  wp-image-94451\" style=\"margin-left: 10px\" src=\"https:\/\/www.focolare.org\/wp-content\/uploads\/2013\/10\/CPA-Award-2013.jpg\" alt=\"\" width=\"319\" height=\"245\" \/><\/a><\/p>\n<p>El 2013 se recordar\u00e1 como un a\u00f1o positivo para las <a href=\"https:\/\/www.focolare.org\/es\/all-opera\/media\/riviste-ed-editrici\/\" target=\"_blank\" rel=\"noopener\">editoriales <\/a>inglesas de los Focolares. La Organizaci\u00f3n Internacional Cristiana de los Medios (<a href=\"http:\/\/www.icomworld.info\/eng\/index.htm\" target=\"_blank\" rel=\"noopener\">ICOM<\/a>), con sede en Ginebra, Suiza, otorg\u00f3 a la Revista <a href=\"http:\/\/newcityph.com\/\" target=\"_blank\" rel=\"noopener\">New City de Filipinas<\/a> la menci\u00f3n especial \u201c<em>por <a href=\"https:\/\/www.focolare.org\/es\/in-dialogo\/grandi-religioni\/\" target=\"_blank\" rel=\"noopener\">el di\u00e1logo interreligioso<\/a>\u201d. <\/em>Asimismo fue reconocida con menci\u00f3n de honor en la categor\u00eda de \u201c<em>mejor cobertura sobre las Vocaciones al sacerdocio, a la vida consagrada y al Diaconado\u201d, (<\/em>a cargo de Sarah Mundell)<em>, \u00a0<\/em>la Revista norte americana <a href=\"http:\/\/www.livingcitymagazine.com\/\" target=\"_blank\" rel=\"noopener\">Living City<\/a>. Este premio fue otorgado por la Asociaci\u00f3n de la prensa cat\u00f3lica (<a href=\"http:\/\/www.catholicpress.org\/\" target=\"_blank\" rel=\"noopener\">CPA<\/a>) de Canad\u00e1 y Norte Am\u00e9rica.<\/p>\n<p><strong>Desde las vocaciones de la Iglesia cat\u00f3lica hasta la gran frontera del di\u00e1logo interreligioso. <\/strong>Es\u00a0 un art\u00edculo y dos n\u00fameros de la revista los que han alcanzado mayor \u00e9xito. En la edici\u00f3n americana se trata del art\u00edculo de Sarah Mundell cuyo t\u00edtulo es <strong>\u201cUn seminarista con los zapatos de tip tap\u201d <\/strong>(<a href=\"http:\/\/www.livingcitymagazine.com\/Man_of_the_cloth\" target=\"_blank\" rel=\"noopener\">ver\u00a0 art\u00edculo\u00a0 original en ingl\u00e9s<\/a>) \u00a0\u201cUna gran expresividad y una historia inusual y fascinante sostienen la narraci\u00f3n\u201d, declar\u00f3 la CPA en la presentaci\u00f3n del premio.<\/p>\n<p>En la edici\u00f3n filipina se trata el tema del <strong>fr\u00e1gil proceso de paz en el sur de las Filipinas en Mindanao (<\/strong><strong><a href=\"http:\/\/newcityph.com\/archive\/1301\/issues.asp\">N. 1\/2013<\/a><\/strong><strong>) y de la educaci\u00f3n hacia una cultura del di\u00e1logo (<a href=\"http:\/\/newcityph.com\/archive\/1206\/issues.asp\">N. 6\/2012<\/a><\/strong><strong>). <\/strong>El premio \u2013otorgado en ocasi\u00f3n del congreso mundial del ICOM en la\u00a0 Ciudad de Panam\u00e1 desde el 28 de septiembre al 5 de octubre- reconoce a New City de Filipinas, el compromiso en calmar\u00a0 las tensiones que nacen de conflictos culturales y religiosos relatando hechos de vida en que se respira reciprocidad, respeto, solidaridad.<\/p>\n<p><a href=\"https:\/\/www.focolare.org\/wp-content\/uploads\/2013\/10\/20131016-04.jpg\"><img alt=\"\" alt=\"\" loading=\"lazy\" decoding=\"async\" class=\" wp-image-94453     alignleft\" style=\"margin-right: 10px\" src=\"https:\/\/www.focolare.org\/wp-content\/uploads\/2013\/10\/20131016-04.jpg\" alt=\"\" width=\"346\" height=\"228\" \/><\/a>El evento de Panam\u00e1 reuni\u00f3 periodistas y productores literarios de varias partes del mundo, que tuvieron la posibilidad de sumergirse en la problem\u00e1tica del continente americano. En este contexto se desarroll\u00f3 la entrega de los \u201c<strong>International Journalism Awards\u201d (Premios Internacionales del Periodismo), <\/strong>el 4 de octubre en la sede de la Universidad.<\/p>\n<p><strong>Jos\u00e9 Aranas, jefe de redacci\u00f3n<\/strong> del peri\u00f3dico filipino vinculado al <a href=\"https:\/\/www.focolare.org\/es\/movimento-dei-focolari\/\" target=\"_blank\" rel=\"noopener\">Movimiento de los Focolare<\/a>s, al recibir el premio, remarc\u00f3 \u00a0el contexto religioso y cultural de su pa\u00eds, \u00fanica naci\u00f3n de Asia con mayor\u00eda cristiana. Dej\u00f3 constancia de que los art\u00edculos que permitieron ganar\u00a0 este premio son principalmente experiencias vividas por miembros de los Focolares, pertenecientes a varias religiones, en quienes se resalta el esfuerzo en vivir la conocida regla de oro del Evangelio, presente tambi\u00e9n en los textos sagrados: \u201c<em>Todo lo que quieran que los hombres hagan a ustedes, h\u00e1ganlo tambi\u00e9n ustedes a ellos<\/em>\u201d (Mt 7, 12)<\/p>\n","protected":false},"excerpt":{"rendered":"<p>En los meses pasados, dos de las revistas nacidas de la espiritualidad de los Focolares recibieron importantes reconocimientos: la revista filipina en el \u00e1mbito del di\u00e1logo interreligioso y la revista norte americana por su cobertura informativa sobre las vocaciones.<\/p>\n","protected":false},"author":34,"featured_media":0,"comment_status":"open","ping_status":"open","sticky":false,"template":"","format":"standard","meta":{"give_campaign_id":0,"_seopress_robots_primary_cat":"","_seopress_titles_title":"","_seopress_titles_desc":"","_seopress_robots_index":"","_et_pb_use_builder":"","_et_pb_old_content":"","_et_gb_content_width":"","footnotes":""},"categories":[46],"tags":[],"class_list":["post-349798","post","type-post","status-publish","format-standard","hentry","category-sin-categorizar"],"_links":{"self":[{"href":"https:\/\/www.focolare.org\/es\/wp-json\/wp\/v2\/posts\/349798","targetHints":{"allow":["GET"]}}],"collection":[{"href":"https:\/\/www.focolare.org\/es\/wp-json\/wp\/v2\/posts"}],"about":[{"href":"https:\/\/www.focolare.org\/es\/wp-json\/wp\/v2\/types\/post"}],"author":[{"embeddable":true,"href":"https:\/\/www.focolare.org\/es\/wp-json\/wp\/v2\/users\/34"}],"replies":[{"embeddable":true,"href":"https:\/\/www.focolare.org\/es\/wp-json\/wp\/v2\/comments?post=349798"}],"version-history":[{"count":0,"href":"https:\/\/www.focolare.org\/es\/wp-json\/wp\/v2\/posts\/349798\/revisions"}],"wp:attachment":[{"href":"https:\/\/www.focolare.org\/es\/wp-json\/wp\/v2\/media?parent=349798"}],"wp:term":[{"taxonomy":"category","embeddable":true,"href":"https:\/\/www.focolare.org\/es\/wp-json\/wp\/v2\/categories?post=349798"},{"taxonomy":"post_tag","embeddable":true,"href":"https:\/\/www.focolare.org\/es\/wp-json\/wp\/v2\/tags?post=349798"}],"curies":[{"name":"wp","href":"https:\/\/api.w.org\/{rel}","templated":true}]}}