{"id":349850,"date":"2013-11-04T05:00:29","date_gmt":"2013-11-04T04:00:29","guid":{"rendered":"https:\/\/www.focolare.org\/la-humanidad-una-sola-familia\/"},"modified":"2024-06-06T12:34:19","modified_gmt":"2024-06-06T10:34:19","slug":"la-humanidad-una-sola-familia","status":"publish","type":"post","link":"https:\/\/www.focolare.org\/es\/la-humanidad-una-sola-familia\/","title":{"rendered":"La humanidad una sola familia"},"content":{"rendered":"<p><img alt=\"\" alt=\"\" loading=\"lazy\" decoding=\"async\" class=\"size-full wp-image-95571 alignleft\" style=\"margin-right: 10px\" src=\"https:\/\/www.focolare.org\/wp-content\/uploads\/2013\/11\/20131104-01.jpg\" alt=\"\" width=\"225\" height=\"224\" \/><\/p>\n<p><strong>Despu\u00e9s de haber agradecido el haber otorgado tal prestigioso premio al Movimiento de los Focolares<\/strong> \u201cun instrumento para fomentar en esta \u00e9poca \u2013 junto a muchas otras benem\u00e9ritas y valiosas organizaciones, iniciativas, obras- la unidad y la paz en nuestro planeta\u201d, <a href=\"https:\/\/www.focolare.org\/es\/chiara-lubich\/\">Chiara Lubich<\/a> delinea la Espiritualidad de la unidad:<\/p>\n<p><strong>Consiste en una nueva l\u00ednea de vida<\/strong>, en un estilo nuevo adoptado por millones y millones de personas que, inspir\u00e1ndose fundamentalmente en principios cristianos &#8211; sin abandonar, m\u00e1s a\u00fan, evidenciando valores paralelos presentes en otros credos y culturas diferentes &#8211; ha dado a este mundo, necesitado de reencontrar y de consolidar la paz, paz justamente, y unidad.<\/p>\n<p>Se trata de una nueva espiritualidad actual y moderna<strong>: la espiritualidad de la unidad.<\/strong><\/p>\n<p><strong>Ahonda sus ra\u00edces en algunas palabras del Evangelio,<\/strong> que se engarzan la una en la otra. Cito aqu\u00ed solamente algunas.<\/p>\n<p>En primer lugar presupone, para los que la viven, una profunda consideraci\u00f3n de Dios por aquello que \u00c9l es: Amor, <strong>Padre.<\/strong><\/p>\n<p>\u00bfC\u00f3mo se podr\u00eda pensar en la paz y en la unidad en el mundo sin la visi\u00f3n de toda la humanidad como una \u00fanica familia? \u00bfY c\u00f3mo verla de \u00e9sta manera sin la presencia de un Padre de todos?<\/p>\n<p>Requiere, pues, que abramos el coraz\u00f3n a Dios Padre, que no abandona a sus hijos a su propio destino, sino que los acompa\u00f1a, los protege, los ayuda; que, conociendo al ser humano en lo m\u00e1s \u00edntimo se ocupa de cada uno, en todos los detalles; cuenta hasta los cabellos de su cabeza&#8230; que no pone sobre sus espaldas cargas demasiado pesadas, sino que es el primero en llevarlas.<\/p>\n<p><img alt=\"\" alt=\"\" loading=\"lazy\" decoding=\"async\" class=\"size-full wp-image-95581 alignleft\" style=\"margin-right: 10px\" src=\"https:\/\/www.focolare.org\/wp-content\/uploads\/2013\/11\/20131104-02.jpg\" alt=\"\" width=\"314\" height=\"210\" \/>No deja \u00fanicamente en manos de los hombres la renovaci\u00f3n de la sociedad, sino que \u00c9l mismo se ocupa.<\/p>\n<p>Creer en su amor es el imperativo de esta nueva espiritualidad; creer que somos amados por \u00c9l personalmente e inmensamente.<\/p>\n<p><strong>Creer.<\/strong><\/p>\n<p>Y entre las mil posibilidades que la existencia ofrece, elegirlo a \u00c9l como Ideal de la vida. Ponerse inteligentemente en aquella actitud que cada ser humano asumir\u00e1 en el futuro, cuando alcance el destino al que ha sido llamado: la Eternidad.<\/p>\n<p>Pero es obvio, no basta creer en el amor de Dios, no basta haber hecho la gran opci\u00f3n de \u00c9l como Ideal. La presencia y los cuidados de un Padre para con todos, llama a cada uno a ser hijo, a amar a su vez al Padre, a realizar cada d\u00eda aquel especial proyecto de amor que el Padre piensa para cada uno, es decir, ahacer, su voluntad.<\/p>\n<p>Y sabemos que la primera voluntad de un padre es que los hijos se traten como hermanos, que se quieran, que se amen. Que conozcan y practiquen lo que se puede definir el arte de amar.<\/p>\n<p>Su voluntad es que amemos a todos como a nosotros mismos, porque \u00abT\u00fa y yo -dec\u00eda Gandhi- no somos sino una sola cosa. No puedo hacerte da\u00f1o, sin herirme\u00bb.<\/p>\n<p>Quiere que seamos los primeros en amar, sin esperar a que los otros nos amen.<\/p>\n<p>Significa, \u00ab<strong>hacerse uno\u00bb<\/strong> con los otros, asumir sus pesos, sus pensamientos, sus sufrimientos, sus alegr\u00edas.<\/p>\n<p>Pero, si este amor al otro, es vivido por m\u00e1s personas, se vuelve rec\u00edproco.<\/p>\n<p>Y Cristo, el \u00abHijo\u00bb por excelencia del Padre, el Hermano de cada ser humano, dej\u00f3 como norma para la humanidad precisamente el amor mutuo. \u00c9l sab\u00eda que era necesaria,<strong> para que exista la paz y la unidad en el mundo, para que todos formen una \u00fanica familia.<\/strong><\/p>\n<p>Cierto que, para cualquiera que intente hoy mover las monta\u00f1as del odio y de la violencia, la tarea es enorme, ardua. Pero lo que es imposible para millones de seres humanos aislados y divididos, parece que se vuelve posible para personas que han hecho del amor rec\u00edproco, de la comprensi\u00f3n rec\u00edproca, de la unidad el motivo esencial de la propia vida.<\/p>\n<p>Leer m\u00e1s: <a href=\"http:\/\/www.centrochiaralubich.org\/es\/documentos\/textos\/147-scritto-es\/1343-discurso-en-ocasion-de-la-asignacion-del-premio-unesco-para-la-educacion-a-la-paz.html\" target=\"_blank\" rel=\"noopener\">Centro Chiara Lubich<\/a><\/p>\n","protected":false},"excerpt":{"rendered":"<p>El 17 de diciembre de 1996, en Par\u00eds, a Chiara Lubich le fue conferido el UNESCO  por la Educaci\u00f3n a la Paz.  Proponemos el discurso que hizo en esa ocasi\u00f3n.<\/p>\n","protected":false},"author":27,"featured_media":0,"comment_status":"open","ping_status":"open","sticky":false,"template":"","format":"standard","meta":{"give_campaign_id":0,"_seopress_robots_primary_cat":"","_seopress_titles_title":"","_seopress_titles_desc":"","_seopress_robots_index":"","_et_pb_use_builder":"","_et_pb_old_content":"","_et_gb_content_width":"","footnotes":""},"categories":[46],"tags":[],"class_list":["post-349850","post","type-post","status-publish","format-standard","hentry","category-sin-categorizar"],"_links":{"self":[{"href":"https:\/\/www.focolare.org\/es\/wp-json\/wp\/v2\/posts\/349850","targetHints":{"allow":["GET"]}}],"collection":[{"href":"https:\/\/www.focolare.org\/es\/wp-json\/wp\/v2\/posts"}],"about":[{"href":"https:\/\/www.focolare.org\/es\/wp-json\/wp\/v2\/types\/post"}],"author":[{"embeddable":true,"href":"https:\/\/www.focolare.org\/es\/wp-json\/wp\/v2\/users\/27"}],"replies":[{"embeddable":true,"href":"https:\/\/www.focolare.org\/es\/wp-json\/wp\/v2\/comments?post=349850"}],"version-history":[{"count":0,"href":"https:\/\/www.focolare.org\/es\/wp-json\/wp\/v2\/posts\/349850\/revisions"}],"wp:attachment":[{"href":"https:\/\/www.focolare.org\/es\/wp-json\/wp\/v2\/media?parent=349850"}],"wp:term":[{"taxonomy":"category","embeddable":true,"href":"https:\/\/www.focolare.org\/es\/wp-json\/wp\/v2\/categories?post=349850"},{"taxonomy":"post_tag","embeddable":true,"href":"https:\/\/www.focolare.org\/es\/wp-json\/wp\/v2\/tags?post=349850"}],"curies":[{"name":"wp","href":"https:\/\/api.w.org\/{rel}","templated":true}]}}