{"id":349888,"date":"2013-11-19T04:00:06","date_gmt":"2013-11-19T03:00:06","guid":{"rendered":"https:\/\/www.focolare.org\/rod-gorton-amarse-reciprocamente-apice-de-la-caridad\/"},"modified":"2024-06-06T12:34:27","modified_gmt":"2024-06-06T10:34:27","slug":"rod-gorton-amarse-reciprocamente-apice-de-la-caridad","status":"publish","type":"post","link":"https:\/\/www.focolare.org\/es\/rod-gorton-amarse-reciprocamente-apice-de-la-caridad\/","title":{"rendered":"Rod Gorton: amarse rec\u00edprocamente, \u00e1pice de la caridad"},"content":{"rendered":"<p><img alt=\"\" alt=\"\" loading=\"lazy\" decoding=\"async\" class=\"wp-image-96343 alignleft\" style=\"margin-right: 10px\" src=\"https:\/\/www.focolare.org\/wp-content\/uploads\/2013\/11\/RodGorton_2.jpg\" alt=\"\" width=\"369\" height=\"217\" \/><strong>Rod Gorton, <a href=\"https:\/\/www.focolare.org\/es\/movimento-dei-focolari\/scelte-e-impegno\/focolarini\/\" target=\"_blank\" rel=\"noopener\">focolarino casado<\/a>, nos dej\u00f3<\/strong> el 14 de noviembre 2013 despu\u00e9s de un accidente, mientras hac\u00eda un acto de amor.  Nacido en Boston (<a href=\"https:\/\/www.focolare.org\/es\/focolare-worldwide\/america-nord-e-centrale\/stati-uniti\/\" target=\"_blank\" rel=\"noopener\">USA<\/a>) en 1933, conoci\u00f3 el <a href=\"https:\/\/www.focolare.org\/es\/chiara-lubich\/spiritualita-dellunita\/\" target=\"_blank\" rel=\"noopener\">Ideal de la unidad<\/a> en los a\u00f1os \u201960.  <strong>Su infancia se vio marcada por la separaci\u00f3n de sus padres:<\/strong> <em>\u201cCon seis a\u00f1os, me encontr\u00e9 sin pap\u00e1 y, debido al ambiente familiar, sin Dios\u201d. <\/em>En ese per\u00edodo lo ayuda la pasi\u00f3n por la m\u00fasica.  <strong>Con 20 a\u00f1os entra en la Academia Naval<\/strong> para convertirse en Oficial de la Marina de los Estados Unidos. El reglamento prev\u00e9 la obligaci\u00f3n de participar de las celebraciones dominicales en la iglesia de preferencia y es as\u00ed que Rod escucha hablar por primera vez de Dios. Nacen los primeros interrogantes y se pregunta: <em>\u201c\u00bfTodos est\u00e1n locos? \u00bfO estoy loco yo?\u201d.<\/em>  Despu\u00e9s de una b\u00fasqueda llena de dudas, se da cuenta de que dentro de s\u00ed algo ha cambiado: <em>\u201c\u00a1Cree!\u201d. <\/em>Pero descubre las contradicciones de la nueva vida porque no encuentra personas que tomen en serio el Evangelio.  <strong>Al convertirse en oficial de la Marina empieza a viajar por el mundo.<\/strong> Se siente atra\u00eddo por los misioneros que encuentra en varios pa\u00edses y, despu\u00e9s de 4 a\u00f1os, entra en un seminario para hacerse sacerdote misionero. Pero est\u00e1 todav\u00eda en b\u00fasqueda\u2026  <div id=\"attachment_96344\" style=\"width: 366px\" class=\"wp-caption alignright\"><a href=\"https:\/\/www.focolare.org\/wp-content\/uploads\/2013\/11\/20131119-03.jpg\"><img alt=\"\" alt=\"\" loading=\"lazy\" decoding=\"async\" aria-describedby=\"caption-attachment-96344\" class=\"wp-image-96344    \" style=\"margin-left: 10px\" src=\"https:\/\/www.focolare.org\/wp-content\/uploads\/2013\/11\/20131119-03.jpg\" alt=\"\" width=\"356\" height=\"238\" \/><\/a><p id=\"caption-attachment-96344\" class=\"wp-caption-text\">Rod con Chiara Lubich durante su visita a <br \/>Loppiano en 1971<\/p><\/div>  <strong>En la Revista <a href=\"http:\/\/www.livingcitymagazine.com\/\" target=\"_blank\" rel=\"noopener\">Living City<\/a>, que encuentra de casualidad, lee un art\u00edculo de <a href=\"https:\/\/www.focolare.org\/es\/chiara-lubich\/chi-e-chiara\/\" target=\"_blank\" rel=\"noopener\">Chiara Lubich<\/a>:<\/strong> <em>\u201cSi quieres conquistar una ciudad al amor de Cristo&#8230; Toma un grupo de amigos que tengan tus mismos sentimientos, \u00fanete a ellos en nombre de Cristo\u2026 prom\u00e9tanse amor perpetuo y constante\u2026\u201d. <\/em>Aqu\u00ed est\u00e1 lo que hab\u00eda buscado toda su vida. Tambi\u00e9n encuentra la invitaci\u00f3n a una Mari\u00e1polis y all\u00ed queda fuertemente impresionado por la realidad de familia que experimenta entre todos:<em> <em>\u201cBlancos, negros, amarillos, j\u00f3venes, ancianos, ricos, pobres\u2026 Para todos ellos, \u00a0el Evangelio era la base de todo\u201d.<\/em><\/em>  <strong>En noviembre de 1966 parte para la ciudadela de <a href=\"http:\/\/www.loppiano.it\/\" target=\"_blank\" rel=\"noopener\">Loppiano<\/a>,<\/strong> donde forma parte durante 6 a\u00f1os del conjunto musica<a href=\"http:\/\/www.genrosso.com\/index.php?lang=it\" target=\"_blank\" rel=\"noopener\">l Gen Rosso<\/a>. Es muy bueno tocando la guitarra ac\u00fastica, la trompeta y la arm\u00f3nica. Aludiendo a las promesas evang\u00e9licas, escribe: <em>\u201cAqu\u00ed he encontrado el c\u00e9ntuplo en padres, <\/em><em>hermanos, casas y adem\u00e1s, he conocido a mi Dios: <a href=\"https:\/\/www.focolare.org\/es\/chiara-lubich\/spiritualita-dellunita\/gesu-abbandonato\/\" target=\"_blank\" rel=\"noopener\">Jes\u00fas en su abandono<\/a>. \u00c9l <\/em>(que ha transformado el dolor en amor) <em>ha iluminado todo por qu\u00e9 de mi vida y en \u00c9l he encontrado la \u2018clave\u2019 para formar una familia\u201d. <\/em>Con simplicidad y franqueza Rod est\u00e1 siempre en actitud de donaci\u00f3n, muy atento a las necesidades de cada uno, caracter\u00edstica que mantuvo durante toda la vida.  <div id=\"attachment_96341\" style=\"width: 374px\" class=\"wp-caption alignleft\"><a href=\"https:\/\/www.focolare.org\/wp-content\/uploads\/2013\/11\/20131119-05.jpg\"><img alt=\"\" alt=\"\" loading=\"lazy\" decoding=\"async\" aria-describedby=\"caption-attachment-96341\" class=\"wp-image-96341 \" style=\"margin-right: 10px\" src=\"https:\/\/www.focolare.org\/wp-content\/uploads\/2013\/11\/20131119-05.jpg\" alt=\"\" width=\"364\" height=\"243\" \/><\/a><p id=\"caption-attachment-96341\" class=\"wp-caption-text\">La familia Gorton<\/p><\/div>  <strong>Un d\u00eda encuentra a Marzia, de<a href=\"https:\/\/www.focolare.org\/es\/focolare-worldwide\/europa\/austria\/\" target=\"_blank\" rel=\"noopener\"> Austria<\/a>:<\/strong> <em>\u201cCon pocas palabras nos entendimos; ambos ten\u00edamos la misma llamita en el coraz\u00f3n: formar una familia para Dios\u201d. <\/em>Escribe a <a href=\"https:\/\/www.focolare.org\/es\/chiara-lubich\/chi-e-chiara\/\" target=\"_blank\" rel=\"noopener\">Chiara Lubich<\/a>: <em>\u201cPorque he dicho s\u00ed primero a Dios, puedo decir s\u00ed a Marzia\u201d.<\/em>  <strong>Rod y Mazia se casan en enero de 1972<\/strong> en el Centro del Movimiento, en Rocca di Papa, en un encuentro de focolarinos casados.<strong> Entre los testigos de la boda est\u00e1n <a href=\"http:\/\/www.iginogiordani.info\/it\/\" target=\"_blank\" rel=\"noopener\">Igino Giordani<\/a>, <a href=\"https:\/\/www.focolare.org\/es\/news\/2011\/11\/23\/spartaco-lucarini-%E2%80%9Ccoraggio%E2%80%9D\/\">Spartaco Lucarini<\/a> y Chiara,<\/strong> que da a la nueva familia una<a href=\"https:\/\/www.focolare.org\/es\/chiara-lubich\/spiritualita-dellunita\/la-parola\/\"> Palabra de Vida<\/a>: \u201c<em>\u00c1mense como yo los he amado<\/em>\u201d (Jn. 13,34)<em>.<\/em>  <strong>De su matrimonio nacen Cielo, Clarence, Sara, Peter, Giovanna y Pina.<\/strong> Siempre disponibles y generosos, donan sin medida su vida en muchas iniciativas de la ciudadela de Loppiano, donde residen. Sobre todo se comprometen a acompa\u00f1ar a los cientos de familias que por all\u00ed pasan. Muchas \u00a0personas quedan impresionadas por su amor y por su testimonio.  \u201cAhora pensamos en Rod en la alegr\u00eda sin fin \u2013escribe <a href=\"https:\/\/www.focolare.org\/es\/news\/2011\/01\/20\/maria-voce\/\">Mar\u00eda Voce<\/a> \u2013 \u00a0seguros de que desde all\u00e1 arriba seguir\u00e1 acompa\u00f1ando a Marzia y a sus hijos que tanto ha amado\u201d. As\u00ed como pensamos que nos acompa\u00f1ar\u00e1 a todos nosotros que estamos en camino trabajando, como hizo \u00e9l, por la fraternidad universal.<\/p>\n","protected":false},"excerpt":{"rendered":"<p>Oficial de la Marina de los Estados Unidos, m\u00fasico, padre de seis hijos, entre las primeras columnas, junto con Marzia, de la escuela de las familias en la ciudadela de Loppiano, Rod nos dej\u00f3 el 14 de noviembre pasado.<\/p>\n","protected":false},"author":34,"featured_media":0,"comment_status":"open","ping_status":"open","sticky":false,"template":"","format":"standard","meta":{"give_campaign_id":0,"_seopress_robots_primary_cat":"","_seopress_titles_title":"","_seopress_titles_desc":"","_seopress_robots_index":"","_et_pb_use_builder":"","_et_pb_old_content":"","_et_gb_content_width":"","footnotes":""},"categories":[904],"tags":[],"class_list":["post-349888","post","type-post","status-publish","format-standard","hentry","category-focolare-worldwide-2-2"],"_links":{"self":[{"href":"https:\/\/www.focolare.org\/es\/wp-json\/wp\/v2\/posts\/349888","targetHints":{"allow":["GET"]}}],"collection":[{"href":"https:\/\/www.focolare.org\/es\/wp-json\/wp\/v2\/posts"}],"about":[{"href":"https:\/\/www.focolare.org\/es\/wp-json\/wp\/v2\/types\/post"}],"author":[{"embeddable":true,"href":"https:\/\/www.focolare.org\/es\/wp-json\/wp\/v2\/users\/34"}],"replies":[{"embeddable":true,"href":"https:\/\/www.focolare.org\/es\/wp-json\/wp\/v2\/comments?post=349888"}],"version-history":[{"count":0,"href":"https:\/\/www.focolare.org\/es\/wp-json\/wp\/v2\/posts\/349888\/revisions"}],"wp:attachment":[{"href":"https:\/\/www.focolare.org\/es\/wp-json\/wp\/v2\/media?parent=349888"}],"wp:term":[{"taxonomy":"category","embeddable":true,"href":"https:\/\/www.focolare.org\/es\/wp-json\/wp\/v2\/categories?post=349888"},{"taxonomy":"post_tag","embeddable":true,"href":"https:\/\/www.focolare.org\/es\/wp-json\/wp\/v2\/tags?post=349888"}],"curies":[{"name":"wp","href":"https:\/\/api.w.org\/{rel}","templated":true}]}}