{"id":349908,"date":"2013-11-26T04:30:44","date_gmt":"2013-11-26T03:30:44","guid":{"rendered":"https:\/\/www.focolare.org\/dialogo-y-legalidad-maria-voce-en-italia-del-sur\/"},"modified":"2024-06-06T12:34:31","modified_gmt":"2024-06-06T10:34:31","slug":"dialogo-y-legalidad-maria-voce-en-italia-del-sur","status":"publish","type":"post","link":"https:\/\/www.focolare.org\/es\/dialogo-y-legalidad-maria-voce-en-italia-del-sur\/","title":{"rendered":"Di\u00e1logo y legalidad: Mar\u00eda Voce en Italia del Sur"},"content":{"rendered":"<p><img alt=\"\" alt=\"\" loading=\"lazy\" decoding=\"async\" class=\"wp-image-96821 alignnone\" style=\"margin-right: 10px\" src=\"https:\/\/www.focolare.org\/wp-content\/uploads\/2013\/11\/20131126-02.jpg\" alt=\"\" width=\"550\" height=\"193\" \/><strong><\/strong><\/p>\n<p><strong>\u00abEs emblem\u00e1tico que una ciudad reconozca como s\u00edmbolo de paz<\/strong> a \u00a0una mujer de profunda fe como Chiara Lubich y que 10 a\u00f1os despu\u00e9s, un gobierno de otro partido pol\u00edtico valore su herencia\u201d. El nuevo obispo de Capua, Salvatore Visco,\u00a0 salud\u00f3 de esta manera a la multitud presente en el teatro Garibaldi en S. Mar\u00eda Capua Vetere (cerca de N\u00e1poles) reunida para el evento \u201c<a href=\"https:\/\/www.focolare.org\/es\/chiara-lubich\/chi-e-chiara\/\">Chiara Lubich<\/a> mujer del di\u00e1logo\u00bb.<\/p>\n<p>\u00abA partir de vuestra ciudad se puede cambiar el mundo, porque los hechos que ustedes relataron demuestran la profunda transformaci\u00f3n ocurrida en muchos de ustedes\u00bb. Esta es la convicci\u00f3n de<a href=\"https:\/\/www.focolare.org\/es\/news\/2011\/01\/20\/maria-voce\/\"> Mar\u00eda Voce<\/a>, presidente de los Focolares, al dirigirse a los j\u00f3venes y a su compromiso concreto contra la ilegalidad y otras llagas sociales, a favor de la protecci\u00f3n del medio ambiente, y su deseo de asumir en primera persona la responsabilidad de su propia ciudad.<\/p>\n<p>\u00abNo es un di\u00e1logo abstracto entre personas o religiones- aclara Mar\u00eda Voce-, sino que es un di\u00e1logo que tiene la capacidad de perdonar, porque somos hermanos e hijos del mismo Dios\u00bb. Es muy aguda la reflexi\u00f3n del <strong>fil\u00f3sofo Aldo Masullo<\/strong>, quien define el di\u00e1logo como \u00abel camino para superar la desesperaci\u00f3n de la soledad, porque la guerra nace a partir de la desesperaci\u00f3n, mientras que la paz se basa en la confianza que tiene como ra\u00edz la veracidad\u00bb<\/p>\n<p><strong>Nasser Hidouri, Im\u00e1n de la Mezquita de San Marcellino<\/strong> (en Caserta) atestigu\u00f3 que la vida nace del \u00abno tenerle miedo a las diferencias\u00bb y del \u00abno dejarse condicionar por los problemas que crea la minor\u00eda violenta\u00bb, siendo conscientes de que \u00ablas preguntas que hoy no tienen respuesta, la encontrar\u00e1n ma\u00f1ana a trav\u00e9s de nuestros hijos\u00bb<\/p>\n<p><strong>Alberta Levi Temin, de 90 a\u00f1os y miembro de la Asociaci\u00f3n \u201cAmistad Jud\u00edo-Cristiana\u201d,<\/strong> sobreviviente de la persecuci\u00f3n nacista ocurrida en el gueto de Roma cuando era una ni\u00f1a, ve a la humanidad \u201ccomo una pir\u00e1mide de m\u00faltiples caras en su base, constituida por religiones, pueblos, culturas que conducen al v\u00e9rtice, Dios, el cual se encuentra a la misma distancia de cada uno\u201d.<\/p>\n<p>Luego del testimonio de<strong> Antonio Casale, director del \u201cCentro Fern\u00e1ndes\u201d<\/strong> que se ocupa de recibir a los inmigrantes, sobre todo a los que proceden de \u00c1frica sub-sahariana, dijo: \u201cM\u00e1s importante que las camas, las comidas, las medicinas que proporcionamos, es el compromiso de devolver a cada uno su propia dignidad\u201d.<\/p>\n<p>En la problem\u00e1tica situaci\u00f3n econ\u00f3mica y social de la regi\u00f3n, resuena el eco positivo de <strong>la voz del empresario antiextorsi\u00f3n Antonio Diana,<\/strong> cuyo padre fue asesinado por la camorra: \u201cSe puede formar una empresa sin amoldarse a las normas de la corrupci\u00f3n ni aceptar chantajes\u201d, dispuestos incluso a pagar con la propia vida. Una velada que mostr\u00f3 los frutos de un di\u00e1logo abierto a 360 grados, y que transmiti\u00f3 a los participantes, la esperanza de que un futuro mejor depende de la contribuci\u00f3n que cada uno ofrezca en el momento presente.<\/p>\n<p><strong>\u00a0El domingo 24 de noviembre, N\u00e1poles recibi\u00f3 m\u00e1s de 2000 personas de la comunidad de los Focolares<\/strong>, procedentes de la zona de Campania, Puglia, Basilicata, con representantes tambi\u00e9n de <a href=\"https:\/\/www.focolare.org\/es\/focolare-worldwide\/europa\/albania\/\">Albania<\/a>. Empezaron con el saludo y agradecimiento del<strong> alcalde de N\u00e1poles, Luigi de Magistris.<\/strong> Seguidamente tuvo lugar un di\u00e1logo abierto con Mar\u00eda Voce y el copresidente Giancarlo Faletti. El tema era el compromiso y la responsabilidad civil y pol\u00edtica, elecciones que se deben realizar en momentos cruciales en la juventud, como por ejemplo enfrentar los dolores y las dificultades de la vida, la formaci\u00f3n de las nuevas generaciones, el impulso y las perspectivas del Movimiento que se pone al servicio de la humanidad para contribuir a la realizaci\u00f3n del \u201cQue todos sean uno\u201d<\/p>\n<p><strong>El 25 de noviembre, en Capua, Mar\u00eda Voce present\u00f3 la <em>Lectio Magistralis <\/em>\u00a0sobre \u201cJes\u00fas Abandonado, luz para la Teolog\u00eda\u201d<\/strong> inaugurando as\u00ed el A\u00f1o Acad\u00e9mico del Instituto Superior de Ciencias Religiosas \u201cSan Roberto Belarmino\u201d, con la presencia de Obispos de varias di\u00f3cesis de Campania.<\/p>\n","protected":false},"excerpt":{"rendered":"<p>En el congreso \u201cChiara Lubich, mujer del di\u00e1logo\u201d,  pluralidad de voces, distintos itinerarios, hechos que muestran la fecundidad del di\u00e1logo. Mar\u00eda Voce se encuentra con la comunidad de los Focolares de la regi\u00f3n. Una \u201cLectio Magistralis\u201d en Capua.<\/p>\n","protected":false},"author":34,"featured_media":0,"comment_status":"open","ping_status":"open","sticky":false,"template":"","format":"standard","meta":{"give_campaign_id":0,"_seopress_robots_primary_cat":"","_seopress_titles_title":"","_seopress_titles_desc":"","_seopress_robots_index":"","_et_pb_use_builder":"","_et_pb_old_content":"","_et_gb_content_width":"","footnotes":""},"categories":[904],"tags":[],"class_list":["post-349908","post","type-post","status-publish","format-standard","hentry","category-focolare-worldwide-2-2"],"_links":{"self":[{"href":"https:\/\/www.focolare.org\/es\/wp-json\/wp\/v2\/posts\/349908","targetHints":{"allow":["GET"]}}],"collection":[{"href":"https:\/\/www.focolare.org\/es\/wp-json\/wp\/v2\/posts"}],"about":[{"href":"https:\/\/www.focolare.org\/es\/wp-json\/wp\/v2\/types\/post"}],"author":[{"embeddable":true,"href":"https:\/\/www.focolare.org\/es\/wp-json\/wp\/v2\/users\/34"}],"replies":[{"embeddable":true,"href":"https:\/\/www.focolare.org\/es\/wp-json\/wp\/v2\/comments?post=349908"}],"version-history":[{"count":0,"href":"https:\/\/www.focolare.org\/es\/wp-json\/wp\/v2\/posts\/349908\/revisions"}],"wp:attachment":[{"href":"https:\/\/www.focolare.org\/es\/wp-json\/wp\/v2\/media?parent=349908"}],"wp:term":[{"taxonomy":"category","embeddable":true,"href":"https:\/\/www.focolare.org\/es\/wp-json\/wp\/v2\/categories?post=349908"},{"taxonomy":"post_tag","embeddable":true,"href":"https:\/\/www.focolare.org\/es\/wp-json\/wp\/v2\/tags?post=349908"}],"curies":[{"name":"wp","href":"https:\/\/api.w.org\/{rel}","templated":true}]}}