{"id":349932,"date":"2013-12-04T04:00:43","date_gmt":"2013-12-04T03:00:43","guid":{"rendered":"https:\/\/www.focolare.org\/evangelio-vivido-1\/"},"modified":"2024-06-06T12:34:36","modified_gmt":"2024-06-06T10:34:36","slug":"evangelio-vivido-1","status":"publish","type":"post","link":"https:\/\/www.focolare.org\/es\/evangelio-vivido-1\/","title":{"rendered":"Evangelio vivido\/1"},"content":{"rendered":"<p><strong><img alt=\"\" alt=\"\" loading=\"lazy\" decoding=\"async\" class=\"alignright size-full wp-image-97251\" style=\"margin-left: 10px\" src=\"https:\/\/www.focolare.org\/wp-content\/uploads\/2013\/12\/20131204-b.jpg\" alt=\"\" width=\"210\" height=\"128\" \/><em><\/em><\/strong><\/p>\n<p><strong><em>Providencia<\/em><\/strong><\/p>\n<p>Mi marido tiene una empresa de construcci\u00f3n y, luego de que los bancos cerraron las financiaciones, se qued\u00f3 durante dos a\u00f1os\u00a0 sin trabajo. Pasamos estrechez econ\u00f3mica, cada vez mayor y tuvimos momentos de desaliento, sin embargo confi\u00e1bamos en la providencia de Dios. Al principio del a\u00f1o escolar, las ni\u00f1as necesitaban libros y no sab\u00edamos c\u00f3mo hacer para comprarlos. Una ma\u00f1ana lleg\u00f3 una amiga nuestra que nos dijo que hab\u00eda recibido un dinero que no esperaba recibir y que sabiendo el momento que est\u00e1bamos atravesando, pens\u00f3 que a nosotros nos vendr\u00eda bien. Nos dijo \u00abMe lo devolver\u00e1n cuando puedan\u00bb.<\/p>\n<p>Hace un mes se abri\u00f3 una l\u00ednea de pr\u00e9stamos, pero igualmente la grave situaci\u00f3n econ\u00f3mica no nos permit\u00eda pagar con regularidad a los empleados. Un amigo nuestro, sin decirnos nada, habl\u00f3 con los empleados y les expuso el problema pregunt\u00e1ndoles si estaban dispuestos a trabajar sin cobrar sueldo. Todos aceptaron. Se acercaba Navidad y a trav\u00e9s de un familiar, nos pagaron un dinero que nos deb\u00edan, completamente inesperado. Con gran alegr\u00eda lo dividimos entre los empleados. Vimos que la providencia no nos abandon\u00f3. (E.M. \u2013 Italia)<\/p>\n<p><strong><img alt=\"\" alt=\"\" loading=\"lazy\" decoding=\"async\" class=\"size-full wp-image-97249 alignleft\" style=\"margin-right: 10px\" src=\"https:\/\/www.focolare.org\/wp-content\/uploads\/2013\/12\/20131204-a.jpg\" alt=\"\" width=\"210\" height=\"128\" \/><em><\/em><\/strong><\/p>\n<p><strong><em>La\u00a0 l\u00e1mpara<\/em><\/strong><\/p>\n<p>Siempre trat\u00e9 de tener una buena relaci\u00f3n con mi suegra, una persona muy dif\u00edcil. Mi marido me lo hab\u00eda dicho siempre, y si la relaci\u00f3n con la madre era dif\u00edcil para \u00e9l, imaginemos c\u00f3mo ser\u00eda para m\u00ed. Quer\u00eda ignorarla. Sin embargo no estaba tranquila. El Evangelio nos dice que hay que \u201camar a todos\u201d, y en ese \u201ctodos\u201d estaba comprendida tambi\u00e9n mi suegra. Entonces, la llamaba por tel\u00e9fono para saber c\u00f3mo estaba, la llevaba a pasear en el auto, la invitaba a almorzar a casa una vez por semana\u2026<\/p>\n<p>Poco a poco fueron cayendo las barreras y me convert\u00ed en su persona de confianza y acompa\u00f1ante cuando ella iba al m\u00e9dico. Ella me presentaba diciendo que yo era su Angel de la Guarda. Casi a los 80 a\u00f1os empez\u00f3 a preocuparse por una vecina que estaba muy sola y que precisaba compa\u00f1\u00eda. Tambi\u00e9n empez\u00f3 a hacer \u00a0tortas para la parroquia. Me dec\u00eda: \u201cGracias a ti comprend\u00ed qu\u00e9 bien hace sentirse necesario.\u201d Un d\u00eda me confes\u00f3: \u201cAmo mucho a esta l\u00e1mpara porque me la dio mi abuelo. Es uno de los pocos recuerdos de familia. Cuando yo muera \u00a0quiero que esta l\u00e1mpara sea para ti\u2026\u201d Ahora esa l\u00e1mpara est\u00e1 en nuestra casa y nos recuerda que s\u00f3lo queda el amor.\u201d (I.B. \u2013 Suiza)<\/p>\n<p><strong>Fuente<\/strong>: El Evangelio del d\u00eda, diciembre 2013. \u00a0<a href=\"http:\/\/editrice.cittanuova.it\/\" target=\"_blank\" rel=\"noopener\">Citt\u00e0 Nuova Editrice<\/a>.<\/p>\n","protected":false},"excerpt":{"rendered":"<p>Dos testimonios que nos recuerdan la Palabra de vida de diciembre que nos invita a crecer y a abandonarnos en el amor mutuo y en el amor hacia todos.<\/p>\n","protected":false},"author":34,"featured_media":0,"comment_status":"open","ping_status":"open","sticky":false,"template":"","format":"standard","meta":{"give_campaign_id":0,"_seopress_robots_primary_cat":"","_seopress_titles_title":"","_seopress_titles_desc":"","_seopress_robots_index":"","_et_pb_use_builder":"","_et_pb_old_content":"","_et_gb_content_width":"","footnotes":""},"categories":[46],"tags":[],"class_list":["post-349932","post","type-post","status-publish","format-standard","hentry","category-sin-categorizar"],"_links":{"self":[{"href":"https:\/\/www.focolare.org\/es\/wp-json\/wp\/v2\/posts\/349932","targetHints":{"allow":["GET"]}}],"collection":[{"href":"https:\/\/www.focolare.org\/es\/wp-json\/wp\/v2\/posts"}],"about":[{"href":"https:\/\/www.focolare.org\/es\/wp-json\/wp\/v2\/types\/post"}],"author":[{"embeddable":true,"href":"https:\/\/www.focolare.org\/es\/wp-json\/wp\/v2\/users\/34"}],"replies":[{"embeddable":true,"href":"https:\/\/www.focolare.org\/es\/wp-json\/wp\/v2\/comments?post=349932"}],"version-history":[{"count":0,"href":"https:\/\/www.focolare.org\/es\/wp-json\/wp\/v2\/posts\/349932\/revisions"}],"wp:attachment":[{"href":"https:\/\/www.focolare.org\/es\/wp-json\/wp\/v2\/media?parent=349932"}],"wp:term":[{"taxonomy":"category","embeddable":true,"href":"https:\/\/www.focolare.org\/es\/wp-json\/wp\/v2\/categories?post=349932"},{"taxonomy":"post_tag","embeddable":true,"href":"https:\/\/www.focolare.org\/es\/wp-json\/wp\/v2\/tags?post=349932"}],"curies":[{"name":"wp","href":"https:\/\/api.w.org\/{rel}","templated":true}]}}