{"id":350028,"date":"2014-01-10T04:00:32","date_gmt":"2014-01-10T03:00:32","guid":{"rendered":"https:\/\/www.focolare.org\/los-focolares-y-el-dialogo-interreligioso-2\/"},"modified":"2024-06-06T12:34:54","modified_gmt":"2024-06-06T10:34:54","slug":"los-focolares-y-el-dialogo-interreligioso-2","status":"publish","type":"post","link":"https:\/\/www.focolare.org\/es\/los-focolares-y-el-dialogo-interreligioso-2\/","title":{"rendered":"Los Focolares y el di\u00e1logo interreligioso\/2"},"content":{"rendered":"<p><strong>Entrevista concedida por<\/strong> <a href=\"https:\/\/www.focolare.org\/es\/news\/2011\/01\/20\/maria-voce\/\">Maria Voce<\/a> a Roberto Catalano, del centro de los Focolares para el <a href=\"https:\/\/www.focolare.org\/es\/in-dialogo\/grandi-religioni\/\">di\u00e1logo interreligioso<\/a>, con motivo de la <a href=\"https:\/\/www.focolare.org\/es\/news\/2013\/11\/21\/austria-religioni-per-la-pace\/\">IX Asamblea General de las Religiones por la Paz<\/a>, que se celebr\u00f3 a finales de noviembre de 2013 en Viena. <strong>(segunda parte)<\/strong>  <a href=\"https:\/\/www.focolare.org\/es\/chiara-lubich\/chi-e-chiara\/\">\u00a0Chiara Lubich<\/a> <strong>hab\u00eda intuido que en el di\u00e1logo interreligioso estaba la soluci\u00f3n de muchos de los desaf\u00edos de nuestro tiempo&#8230; <\/strong>  \u00abChiara, como tuve ocasi\u00f3n de decir tambi\u00e9n en <a href=\"https:\/\/www.focolare.org\/es\/news\/2013\/11\/21\/austria-religioni-per-la-pace\/\">mi intervenci\u00f3n aqu\u00ed en Viena<\/a>, nos puso delante de una visi\u00f3n muy clara y muy sencilla: todos somos hijos de Dios y, por lo tanto, todos somos hermanos. Al inicio, no era una perspectiva espec\u00edfica de las grandes religiones, sino, m\u00e1s bien un mirar al hombre. Posteriormente, esta actitud llev\u00f3 al di\u00e1logo y a la relaci\u00f3n con los seguidores de otras religiones. Esto, me parece que era prof\u00e9tico.  <strong>De hecho, Chiara, empez\u00f3 a abrir el Movimiento al di\u00e1logo incluso <\/strong><a href=\"https:\/\/www.focolare.org\/es\/news\/2013\/12\/27\/chiara-lubich-e-lamore-nella-chiesa\/\">antes del Concilio Vaticano II,<\/a> despu\u00e9s del cual, los di\u00e1logos se asumieron como uno de los caminos de la Iglesia, precisamente porque se toma este punto de vista sobre el hombre. Adem\u00e1s, Chiara, prepar\u00f3 los medios y los instrumentos para estos di\u00e1logos. A medida que se establec\u00edan contactos con personas de otras tradiciones religiosas, comprendi\u00f3 que era necesario especializarse en ellos. Por eso fund\u00f3 centros especiales, [\u2026] donde se trata de conocer m\u00e1s en profundidad a los cristianos de otras iglesias, a fieles de otras religiones y a personas de diversas culturas. De hecho, a partir de una comprensi\u00f3n m\u00e1s profunda surge una mayor posibilidad de amor y de abertura. Descubrimos los valores y nos ponemos en una actitud, no de defensa, sino en una actitud de di\u00e1logo, tal como debe ser.  <span style=\"font-size: 13px;line-height: 19px\"><img alt=\"\" alt=\"\" loading=\"lazy\" decoding=\"async\" class=\"alignright  wp-image-76133\" style=\"border: 0px;margin: 10px\" src=\"https:\/\/www.focolare.org\/wp-content\/uploads\/2012\/12\/Sophia_Metta-250x166.jpg\" alt=\"\" width=\"250\" height=\"166\" \/>[\u2026] Hoy nos encontramos con personas budistas, musulmanas y de otras religiones que son una parte integrante del movimiento y no podemos decir que tenemos un di\u00e1logo con ellos. Ellos son parte de nuestro movimiento y, junto con nosotros, dialogan con los dem\u00e1s. Por lo tanto, hemos superado la etapa de di\u00e1logo para llegar a una etapa de unidad y plena colaboraci\u00f3n tambi\u00e9n con ellos\u00bb.<\/span>  <strong>\u00bfCu\u00e1les son las perspectivas de di\u00e1logo interreligioso para el Movimiento de los Focolares? <\/strong>  \u00abVemos que cuando hacemos encuentros de di\u00e1logo siempre hay personas nuevas de diferentes religiones, que se sienten atra\u00eddas por la relaci\u00f3n que han visto entre los miembros de diferentes religiones.  <strong>Este testimonio abre la posibilidad de que el di\u00e1logo se alargue<\/strong>. Se trata de hacer posible la tolerancia, la comprensi\u00f3n y la amistad, todos ellos aspectos a menudo comprometidos por muchos juicios. Tenemos que abandonar los prejuicios para descubrir la belleza que hay en cada persona, sobre todo destacando que la parte m\u00e1s valiosa es precisamente la de pertenecer a una religi\u00f3n. Esto permite poner de relieve la relaci\u00f3n de cada persona con Dios.  <span style=\"font-size: 13px;line-height: 19px\"><img alt=\"\" alt=\"\" loading=\"lazy\" decoding=\"async\" class=\"alignright  wp-image-98592\" style=\"border: 0px;margin: 10px\" src=\"https:\/\/www.focolare.org\/wp-content\/uploads\/2013\/12\/201312GenThailandia-250x118.jpg\" alt=\"\" width=\"250\" height=\"118\" \/>[&#8230;] <strong>Los di\u00e1logos nos permiten crecer<\/strong> en la capacidad no s\u00f3lo de entender a aquellos con quienes vivimos [&#8230;], sino tambi\u00e9n de contener a otros que provienen de diferentes tradiciones e inspiraciones espirituales diferentes de la nuestra. [&#8230;] Nuestro movimiento tiende, [&#8230;] al ut omnes [el \u201cQue todos sean uno\u00bb, como pidi\u00f3 Jes\u00fas al Padre] y, por lo tanto, debe contener en la medida de lo posible todas las dimensiones. No puede contentarse con la dimensi\u00f3n cat\u00f3lica, en la que naci\u00f3 y que tambi\u00e9n tiene en s\u00ed una perspectiva universal, porque cat\u00f3lico significa universal. Para ser verdaderamente universal, tenemos que llegar a descubrir toda la belleza que existe en la humanidad\u00bb.<\/span>  <a href=\"http:\/\/www.cittanuova.it\/c\/433408\/Per_un_cristianesimo_di_collaborazione_e_non_di_conquista.html\">Lea la entrevista completa en Citt\u00e0 Nuova online<\/a>\u00a0\u00a0\u00a0 (en italiano)<\/p>\n","protected":false},"excerpt":{"rendered":"<p>Entrevista en dos partes a Maria Voce, presidente de los Focolares, sobre el aporte del Movimiento al di\u00e1logo interreligioso. La profec\u00eda de Chiara Lubich y los desarrollos del di\u00e1logo actualmente.<\/p>\n","protected":false},"author":34,"featured_media":0,"comment_status":"open","ping_status":"open","sticky":false,"template":"","format":"standard","meta":{"give_campaign_id":0,"_seopress_robots_primary_cat":"","_seopress_titles_title":"","_seopress_titles_desc":"","_seopress_robots_index":"","_et_pb_use_builder":"","_et_pb_old_content":"","_et_gb_content_width":"","footnotes":""},"categories":[46],"tags":[],"class_list":["post-350028","post","type-post","status-publish","format-standard","hentry","category-sin-categorizar"],"_links":{"self":[{"href":"https:\/\/www.focolare.org\/es\/wp-json\/wp\/v2\/posts\/350028","targetHints":{"allow":["GET"]}}],"collection":[{"href":"https:\/\/www.focolare.org\/es\/wp-json\/wp\/v2\/posts"}],"about":[{"href":"https:\/\/www.focolare.org\/es\/wp-json\/wp\/v2\/types\/post"}],"author":[{"embeddable":true,"href":"https:\/\/www.focolare.org\/es\/wp-json\/wp\/v2\/users\/34"}],"replies":[{"embeddable":true,"href":"https:\/\/www.focolare.org\/es\/wp-json\/wp\/v2\/comments?post=350028"}],"version-history":[{"count":0,"href":"https:\/\/www.focolare.org\/es\/wp-json\/wp\/v2\/posts\/350028\/revisions"}],"wp:attachment":[{"href":"https:\/\/www.focolare.org\/es\/wp-json\/wp\/v2\/media?parent=350028"}],"wp:term":[{"taxonomy":"category","embeddable":true,"href":"https:\/\/www.focolare.org\/es\/wp-json\/wp\/v2\/categories?post=350028"},{"taxonomy":"post_tag","embeddable":true,"href":"https:\/\/www.focolare.org\/es\/wp-json\/wp\/v2\/tags?post=350028"}],"curies":[{"name":"wp","href":"https:\/\/api.w.org\/{rel}","templated":true}]}}