{"id":350048,"date":"2014-01-19T04:00:01","date_gmt":"2014-01-19T03:00:01","guid":{"rendered":"https:\/\/www.focolare.org\/la-aventura-de-la-unidad-construyendo-la-obra-de-maria\/"},"modified":"2024-06-06T12:34:58","modified_gmt":"2024-06-06T10:34:58","slug":"la-aventura-de-la-unidad-construyendo-la-obra-de-maria","status":"publish","type":"post","link":"https:\/\/www.focolare.org\/es\/la-aventura-de-la-unidad-construyendo-la-obra-de-maria\/","title":{"rendered":"La aventura de la unidad\/Construyendo la Obra de Mar\u00eda"},"content":{"rendered":"<p><p><a href=\"https:\/\/www.focolare.org\/wp-content\/uploads\/2014\/01\/1941-1943b-1.jpg\"><img alt=\"\" alt=\"\" loading=\"lazy\" decoding=\"async\" class=\"wp-image-99555 alignleft\" style=\"border: 0px none;margin-right: 7px;margin-left: 7px\" src=\"https:\/\/www.focolare.org\/wp-content\/uploads\/2014\/01\/1941-1943b-1.jpg\" alt=\"\" width=\"150\" height=\"188\" \/><\/a><strong>El 7 de diciembre de 1943 se considera la fecha de nacimiento del Movimiento de los Focolares<\/strong>, porque ese d\u00eda, con un voto perpetuo de castidad, <a href=\"https:\/\/www.focolare.org\/es\/chiara-lubich\/\">Chiara Lubich<\/a> se \u201ccas\u00f3 con Dios\u201d<a href=\"https:\/\/www.focolare.org\/wp-content\/uploads\/2014\/01\/1941-1943b-1.jpg\">.<\/a><\/p>\n<p>Pero la Fundadora de los <a href=\"https:\/\/www.focolare.org\/es\/movimento-dei-focolari\/\">Focolares <\/a>tambi\u00e9n ha afirmado que una fecha de inicio podr\u00eda ser su viaje, ocurrido en<strong> octubre de 1939, a Loreto,<\/strong> donde se custodia, seg\u00fan la tradici\u00f3n, la casa de Nazaret. La atm\u00f3sfera de la familia que viv\u00eda en esa casita fue, para Chiara, un \u201cllamado\u201d: repetir en el silencio, como en la familia de Nazaret, el m\u00e1s grande misterio de la historia, la vida de Dios entre los hombres.<\/p>\n<p><strong>A partir de ese momento todo fue siempre un estupendo descubrimiento.<\/strong> Pero ella no fue la \u00fanica en sorprenderse: con ella <a href=\"https:\/\/www.focolare.org\/es\/news\/2011\/04\/01\/natalia-dallapiccola-da-trento-al-cielo-sempre-la-prima-a-seguire-chiara\/\">Natalia Dallapiccola<\/a>,<a href=\"https:\/\/www.focolare.org\/es\/news\/2011\/05\/18\/giosi-guella-lamore-essenziale-schietto-e-concreto-come-nelle-prime-comunita-cristiane\/\"> Giosi Guella<\/a>, <a href=\"https:\/\/www.focolare.org\/es\/news\/2011\/03\/30\/marilen-holzhauser-e-il-come-che-conta\/\">Marilen Holzhauser<\/a>, Graziella De Luca, <a href=\"https:\/\/www.focolare.org\/es\/news\/2012\/10\/14\/valeria-ronchetti-2\/\">Vale <\/a>y Angelella Ronchetti, Dori Zamboni, Gis y <a href=\"https:\/\/www.focolare.org\/es\/news\/2011\/03\/07\/ginetta-calliari\/\">Ginetta Calliari<\/a>, Silvana Veronesi, <a href=\"https:\/\/www.focolare.org\/es\/news\/2012\/02\/05\/lia-brunet-una-rivoluzionaria-del-vangelo\/\">Lia Brunet,<\/a> Palmira Frizzera, Bruna Tomasi\u2026 y, algunos a\u00f1os despu\u00e9s: \u00a0Marco Tecilla, <a href=\"https:\/\/www.focolare.org\/es\/news\/2013\/12\/03\/aldo-stedile-fons-pittore-dellunita\/\">Aldo Stedile<\/a>, <a href=\"https:\/\/www.focolare.org\/es\/news\/2011\/07\/06\/antonio-petrilli-fare-di-ogni-giorno-un-capolavoro\/\">Antonio Petrilli<\/a>, <a href=\"https:\/\/www.focolare.org\/es\/news\/2010\/10\/06\/la-passione-per-il-dialogo-interreligioso-e-il-ricco-patrimonio-spiritualel%E2%80%99eredita-di-enzo-fondi-uno-dei-primi-focolarini\/\">Enzo M. Fondi<\/a>, Pasquale Foresi, <a href=\"https:\/\/www.focolare.org\/es\/news\/2011\/10\/13\/giulio-marchesi-primo-focolarino-di-roma\/\">Giulio Marchesi<\/a>, <a href=\"https:\/\/www.focolare.org\/es\/news\/2012\/01\/26\/piero-pasolini\/\">Piero Pasolini<\/a>, <a href=\"https:\/\/www.focolare.org\/es\/news\/2013\/05\/14\/lavventura-di-oreste-basso\/\">Oreste Basso<\/a>, <a href=\"https:\/\/www.focolare.org\/es\/news\/2012\/04\/09\/vittorio-sabbione-anima-da-pioniere-e-cuore-di-padre\/\">Vittorio Sabbione<\/a>\u2026 los primeros entre muchos que compondr\u00e1n el escuadr\u00f3n que Chiara previ\u00f3 en Loretoprof\u00e9ticamente, cuando intuy\u00f3 que otros la seguir\u00edan. Los caminos que condujeron a las primeras y los primeros a emprender el camino abierto por Chiara, &#8211; ahora que en el Movimiento se han definido sus estructuras &#8211; , evidencian que cada uno de ellos era necesario para el proyecto de Dios, para el carisma que estaba \u201cencarn\u00e1ndose\u201d. No pod\u00eda ser de otra forma en un carisma cuya caracter\u00edstica es la unidad, expresi\u00f3n de la vida trinitaria. Personas de las m\u00e1s variadas profesiones guiadas poruna misma voz que, en el amor rec\u00edproco, pon\u00edan al servicio de los dem\u00e1s sus talentos que florec\u00edan\u00a0 por el amor que circulaba entre ellos.<\/p>\n<p><img alt=\"\" alt=\"\" loading=\"lazy\" decoding=\"async\" class=\"alignright  wp-image-99566\" src=\"https:\/\/www.focolare.org\/wp-content\/uploads\/2014\/01\/gennaio-1944-1.jpg\" alt=\"\" width=\"247\" height=\"191\" \/><strong>Despu\u00e9s de setenta a\u00f1os,<\/strong> el desarrollo del Movimiento de los Focolares parece explicar la afirmaci\u00f3n de Gregorio Magno, cuando dice que la Sagrada Escritura \u201ccrece con quien la lee\u201d y \u201cal igual que el mundo, la Escritura no fue creada de una vez para siempre: el Esp\u00edritu la \u2018crea\u2019 todav\u00eda hoy, se puede decir, cada d\u00eda, cada vez que la \u2018abre\u2019. Por una relaci\u00f3n maravillosa \u00c9l la \u2018dilata\u2019 en la medida que se dilata la inteligencia de quien la acoge\u201d (*). Y en el caso del Movimiento ha sido la comunicaci\u00f3n sobre la forma en que cada uno viv\u00eda el Evangelio lo\u00a0 que nutr\u00eda la comprensi\u00f3n de las mismas palabras de Jes\u00fas. Palabra vivida y comunicada, una pr\u00e1ctica que trazar\u00e1 una l\u00ednea asc\u00e9tica y colectiva.<\/p>\n<p><strong>La vida vivida por Chiara<\/strong> y por muchos que con ella acogieron y acogen la Palabra, en esta \u00e9poca de fundamentales transformaciones culturales, demuestra cu\u00e1l es su tarea: \u201c\u2026 participar de los designios de Dios sobre la humanidad, trazar sobre la multitud un bordado de luz y, al mismo tiempo, compartir con el pr\u00f3jimo la deshonra, el hambre, los golpes, las breves alegr\u00edas. Porque hoy, m\u00e1s que nunca, el atractivo es vivir la m\u00e1s alta contemplaci\u00f3n y permanecer mezclados entre todos, hombre junto al hombre\u201d.<\/p>\n<p><strong><a href=\"https:\/\/www.focolare.org\/wp-content\/uploads\/2014\/01\/Page12-1.jpg\"><img alt=\"\" alt=\"\" loading=\"lazy\" decoding=\"async\" class=\" wp-image-99567 alignleft\" style=\"border: 0px none;margin: 7px\" src=\"https:\/\/www.focolare.org\/wp-content\/uploads\/2014\/01\/Page12-1.jpg\" alt=\"\" width=\"220\" height=\"140\" \/><\/a>Los primeros compa\u00f1eros de Chiara<\/strong> experimentaron lo que el Concilio Vaticano II expresar\u00e1 posteriormente con respecto a la Iglesia: \u201c[El Esp\u00edritu Santo] con la fuerza del Evangelio la rejuvenece, la renueva continuamente y la conduce a la perfecta uni\u00f3n con su Esposo\u201d (LG,4).<\/p>\n<p>* Guido I. Gargano, <em>Il libro, la parola e la vita<\/em>, \u00a0La exegesis b\u00edblica de Gregorio Magno, Ediciones San Paolo, 2013<\/p><\/p>\n","protected":false},"excerpt":{"rendered":"<p>La \u201cObra de Mar\u00eda\u201d,  otro nombre del Movimiento de los Focolares. Recordamos, en su 70\u00b0 aniversario, c\u00f3mo el Esp\u00edritu Santo fue desarrollando la Obra a partir de la adhesi\u00f3n a Dios de Chiara Lubich y del primer grupo que la sigui\u00f3.<\/p>\n","protected":false},"author":34,"featured_media":0,"comment_status":"open","ping_status":"open","sticky":false,"template":"","format":"standard","meta":{"give_campaign_id":0,"_seopress_robots_primary_cat":"","_seopress_titles_title":"","_seopress_titles_desc":"","_seopress_robots_index":"","_et_pb_use_builder":"","_et_pb_old_content":"","_et_gb_content_width":"","footnotes":""},"categories":[46],"tags":[],"class_list":["post-350048","post","type-post","status-publish","format-standard","hentry","category-sin-categorizar"],"_links":{"self":[{"href":"https:\/\/www.focolare.org\/es\/wp-json\/wp\/v2\/posts\/350048","targetHints":{"allow":["GET"]}}],"collection":[{"href":"https:\/\/www.focolare.org\/es\/wp-json\/wp\/v2\/posts"}],"about":[{"href":"https:\/\/www.focolare.org\/es\/wp-json\/wp\/v2\/types\/post"}],"author":[{"embeddable":true,"href":"https:\/\/www.focolare.org\/es\/wp-json\/wp\/v2\/users\/34"}],"replies":[{"embeddable":true,"href":"https:\/\/www.focolare.org\/es\/wp-json\/wp\/v2\/comments?post=350048"}],"version-history":[{"count":0,"href":"https:\/\/www.focolare.org\/es\/wp-json\/wp\/v2\/posts\/350048\/revisions"}],"wp:attachment":[{"href":"https:\/\/www.focolare.org\/es\/wp-json\/wp\/v2\/media?parent=350048"}],"wp:term":[{"taxonomy":"category","embeddable":true,"href":"https:\/\/www.focolare.org\/es\/wp-json\/wp\/v2\/categories?post=350048"},{"taxonomy":"post_tag","embeddable":true,"href":"https:\/\/www.focolare.org\/es\/wp-json\/wp\/v2\/tags?post=350048"}],"curies":[{"name":"wp","href":"https:\/\/api.w.org\/{rel}","templated":true}]}}