{"id":350108,"date":"2014-02-09T04:00:33","date_gmt":"2014-02-09T03:00:33","guid":{"rendered":"https:\/\/www.focolare.org\/chiara-lubich-y-las-religiones-budismo\/"},"modified":"2024-06-06T12:35:09","modified_gmt":"2024-06-06T10:35:09","slug":"chiara-lubich-y-las-religiones-budismo","status":"publish","type":"post","link":"https:\/\/www.focolare.org\/es\/chiara-lubich-y-las-religiones-budismo\/","title":{"rendered":"Chiara Lubich y las religiones: Budismo"},"content":{"rendered":"<p><img alt=\"\" alt=\"\" loading=\"lazy\" decoding=\"async\" class=\"alignleft  wp-image-100451\" style=\"margin-right: 10px\" src=\"https:\/\/www.focolare.org\/wp-content\/uploads\/2014\/02\/Buddhismo-11-220x202.jpg\" alt=\"\" width=\"220\" height=\"202\" \/><a href=\"https:\/\/www.focolare.org\/es\/in-dialogo\/grandi-religioni\/buddismo\/\">La relaci\u00f3n con el mundo budista <\/a>tiene un significado especial en la <a href=\"https:\/\/www.focolare.org\/es\/in-dialogo\/grandi-religioni\/\">historia del di\u00e1logo<\/a> vivido en el <a href=\"https:\/\/www.focolare.org\/es\/movimento-dei-focolari\/storia\/\">Movimiento de los Focolares<\/a><strong>. <\/strong>Si bien ya en los a\u00f1os Sesenta <a href=\"https:\/\/www.focolare.org\/es\/chiara-lubich\/chi-e-chiara\/\">Chiara Lubich<\/a><strong> <\/strong>tuvo algunas intuiciones, con respecto a la posibilidad de construir una aut\u00e9ntica fraternidad con personas de religiones y culturas diferentes, y fue s\u00f3lo en <strong><a href=\"https:\/\/www.focolare.org\/es\/news\/2012\/05\/10\/new-york-focolari-e-moschea-malcomx-in-un-cammino-di-fraternita\/\">1979<\/a><\/strong><strong> <\/strong>que Chiara se encontr\u00f3 un l\u00edder de otra religi\u00f3n, el Rev. <strong>Nikkyo Niwano<\/strong>, fundador de la <a href=\"http:\/\/koseikai.blogspot.it\/\">Rissho Kosei kai<\/a>. Naci\u00f3 una amistad sobre la base de una profunda estima rec\u00edproca.<strong> En 1981 Niwano la invit\u00f3 a Tokio a hablar de su experiencia a 12 mil budistas.<\/strong> Fue el inicio hist\u00f3rico de una experiencia de aut\u00e9ntica fraternidad. Es una relaci\u00f3n que perdura ya desde hace muchos a\u00f1os, ulteriormente saldada por la <strong>visita de <\/strong><a href=\"https:\/\/www.focolare.org\/es\/news\/2011\/01\/20\/maria-voce\/\">Mar\u00eda Voce<\/a><strong> a Tokio en el 2010.<\/strong><\/p>\n<p>Se han abierto caminos de encuentro y colaboraci\u00f3n con otras realidades de <strong>la corriente Mahayana en <\/strong><a href=\"https:\/\/www.focolare.org\/es\/focolare-worldwide\/asia\/giappone\/\">Jap\u00f3n<\/a><strong> y en <\/strong><a href=\"https:\/\/www.focolare.org\/es\/focolare-worldwide\/asia\/taiwan\/\">Taiw\u00e1n<\/a><strong>. <\/strong>Permanecen imborrables los encuentros con el <strong>Venerable Etai Yamada de la Escuela Tendai.<\/strong> \u00a0El venerable Yamada amaba citar el lema del gran maestro Saicho: \u00ab<em>Olvidarse de s\u00ed mismos y servir a los dem\u00e1s es el \u00e1pice del amor-compasi\u00f3n\u00bb<\/em>, son palabras, por otro lado, mencionadas por<a href=\"http:\/\/www.vatican.va\/holy_father\/john_paul_ii\/speeches\/1981\/february\/documents\/hf_jp-ii_spe_19810224_giappone-tokyo-non-cristiani_sp.html\"> Juan Pablo II <\/a>con ocasi\u00f3n del encuentro con representantes de otras religiones en 1981 en Tokio.\u00a0 El venerable Yamada tambi\u00e9n dec\u00eda: \u201cSe puede decer que el Focolar pone en pr\u00e1ctica las palabras del maestro despu\u00e9s de 1.200 a\u00f1os\u201d. Hoy d\u00eda tambi\u00e9n son<strong> fruct\u00edferas las relaciones con la Escuela Nichiren.<\/strong> No han faltado contactos con<strong> budistas chinos del monasterio Fo Guan Shan y del monasterio Dharma Drum Mountain.<\/strong><\/p>\n<p><img alt=\"\" alt=\"\" loading=\"lazy\" decoding=\"async\" class=\"alignright size-full wp-image-100466\" style=\"margin: 5px;border: 0px\" src=\"https:\/\/www.focolare.org\/wp-content\/uploads\/2014\/01\/Buddhismo-41.jpg\" alt=\"\" width=\"272\" height=\"173\" \/>A lo largo de los a\u00f1os, <strong>se han abierto tambi\u00e9n caminos para conocer y encontrar el mundo del <\/strong><a href=\"http:\/\/focolare.org\/It\/tai_i.html\">budismo therevada<\/a>. Gracias a una prolongada estad\u00eda del Gran Maestro <a href=\"http:\/\/www.cittanuova.it\/contenuto.php?idContenuto=13275&amp;TipoContenuto=articolo&amp;idSito=3\">Ajhan Thong<\/a> y de Phramaha Thongratana en la ciudadela internacional de <a href=\"https:\/\/www.focolare.org\/es\/all-opera\/cittadelle\/\">Loppiano<\/a>, donde <strong>los dos monjes tailandeses tuvieron un contacto vital con el cristianismo.<\/strong> Regresando a su pa\u00eds comunicaron su descubrimiento e invitaron a Chiara Lubich a donar su experiencia en la universidad budista y en un templo en Chiang Mai. <strong>El Gran Maestro Ajhan Thong<\/strong>, presentando a la fundadora de los Focolares dec\u00eda: <em>\u00abEl sabio no es ni hombre ni mujer. Cuando se enciende una luz en la oscuridad, no nos preguntamos si fue un hombre o una mujer quien la encendi\u00f3. Chiara vino a donarnos su luz<\/em>\u00bb.<\/p>\n<p><strong>A partir del 2004 hasta hoy, se han realizado algunos simposios.<\/strong> El <a href=\"https:\/\/www.focolare.org\/es\/news\/2012\/05\/30\/buddhisti-e-cristiani-in-dialogo\/\">quinto<\/a><strong> <\/strong>en orden cronol\u00f3gico tuvo lugar del 28 al 31 de mayo de 2012, despu\u00e9s de aquellos realizados en el 2004 y en el 2008 en el centro Mari\u00e1polis de Castelgandolfo y en el 2006 y en el <a href=\"https:\/\/www.focolare.org\/es\/news\/2010\/02\/01\/la-risposta-delle-religioni-alle-sfide-della-globalizzazione\/\">2010<\/a> respectivamente en<strong> Osaka (Jap\u00f3n) y en Chiang Mai (Tailandia),<\/strong> acogi\u00f3 a participantes provenientes de <strong>Tailandia, <\/strong><a href=\"https:\/\/www.focolare.org\/es\/focolare-worldwide\/asia\/sri-lanka\/\" target=\"_blank\" rel=\"noopener\">Sri Lanka<\/a><strong>, Jap\u00f3n, <\/strong><a href=\"https:\/\/www.focolare.org\/es\/focolare-worldwide\/asia\/corea-del-sud\/\" target=\"_blank\" rel=\"noopener\">Corea,<\/a> <a href=\"https:\/\/www.focolare.org\/es\/focolare-worldwide\/asia\/taiwan\/\" target=\"_blank\" rel=\"noopener\">Taiw\u00e1n<\/a>,<a href=\"https:\/\/www.focolare.org\/es\/focolare-worldwide\/europa\/regno-unito\/\" target=\"_blank\" rel=\"noopener\"> Inglaterra<\/a>, <a href=\"https:\/\/www.focolare.org\/usa\/\" target=\"_blank\" rel=\"noopener\">Usa<\/a>, <a href=\"https:\/\/www.focolare.org\/es\/focolare-worldwide\/europa\/svizzera\/\" target=\"_blank\" rel=\"noopener\">Suiza<\/a>, <a href=\"https:\/\/www.focolare.org\/es\/focolare-worldwide\/europa\/austria\/\" target=\"_blank\" rel=\"noopener\">Austria<\/a> e <a href=\"https:\/\/www.focolare.org\/es\/focolare-worldwide\/europa\/italia\/\" target=\"_blank\" rel=\"noopener\">Italia<\/a>. La variedad no radica s\u00f3lo en la proveniencia geogr\u00e1fica, sino tambi\u00e9n en la de distintas pertenencias. De hecho, entre los budistas estaban presentes monjes y laicos de la tradici\u00f3n Theravada y Mahayana, y entre los cristianos <strong>representantes de la <\/strong><a href=\"https:\/\/www.focolare.org\/es\/in-dialogo\/chiese-cristiane\/\" target=\"_blank\" rel=\"noopener\">Comuni\u00f3n anglicana y de las Iglesias reformadas<\/a><strong>.<\/strong><\/p>\n<p><img alt=\"\" alt=\"\" loading=\"lazy\" decoding=\"async\" class=\"alignleft size-full wp-image-100454\" style=\"margin-right: 10px\" src=\"https:\/\/www.focolare.org\/wp-content\/uploads\/2014\/02\/Buddhismo-31.jpg\" alt=\"\" width=\"222\" height=\"170\" \/>A lo largo de los a\u00f1os, entre los participantes en estos congresos se ha ido madurando una profunda confianza rec\u00edproca, que <strong>ha permitido afrontar el argumento de las Escrituras con apertura y sin malos entendidos.<\/strong> El <a href=\"http:\/\/www.cittanuova.it\/contenuto.php?TipoContenuto=web&amp;idContenuto=419109\">congreso de Castelgandolfo<\/a><strong> <\/strong>cont\u00f3 tambi\u00e9n con la presencia de <strong>S.E. el cardenal Tauran, <\/strong>presidente del Consejo Pontificio para el di\u00e1logo interreligioso, y de <a href=\"https:\/\/www.focolare.org\/es\/la-presidente\/\">la Presidente<\/a> del Movimiento de los Focolares, Mar\u00eda Voce.<\/p>\n<p><strong>El 20 de marzo de 2014, en la Universidad Urbaniana de Roma,<\/strong> tendr\u00e1 lugar un evento dedicado a <strong>\u201cChiara Lubich y las religiones: juntos hacia la unidad de la familia humana\u201d.<\/strong> Pretende poner en evidencia, seis a\u00f1os despu\u00e9s de su desaparici\u00f3n, su compromiso a favor del di\u00e1logo interreligioso. La manifestaci\u00f3n coincide con el <strong>50\u00b0 de la declaraci\u00f3n conciliar \u201cNostra Aetate\u201d sobre la Iglesia y las religiones\u00a0 no cristianas.<\/strong> Se prev\u00e9 la participaci\u00f3n de personalidades religiosas tambi\u00e9n del budismo.<\/p>\n<p><a href=\"https:\/\/www.focolare.org\/wp-content\/uploads\/2014\/02\/IntervistaDialogo-interreligioso_es.pdf\" target=\"_blank\" rel=\"noopener\"><img alt=\"\" alt=\"\" loading=\"lazy\" decoding=\"async\" class=\"size-full wp-image-100808 alignleft\" src=\"https:\/\/www.focolare.org\/wp-content\/uploads\/2014\/02\/PDF2.jpg\" alt=\"\" width=\"26\" height=\"26\" \/><\/a>\u00a0Fragmentos de la <a href=\"https:\/\/www.focolare.org\/wp-content\/uploads\/2014\/02\/IntervistaDialogo-interreligioso_es.pdf\" target=\"_blank\" rel=\"noopener\">Intervista<\/a>\u00a0 a Chiara Lubich sobre el di\u00e1logo interreligioso (1998)<\/p>\n","protected":false},"excerpt":{"rendered":"<p>Al acercarse el sexto aniversario de Chiara Lubich (1920-2008), publicamos una s\u00edntesis del di\u00e1logo de los Focolares con los miembros de algunas grandes religiones. Empezamos por el Budismo.<\/p>\n","protected":false},"author":34,"featured_media":0,"comment_status":"open","ping_status":"open","sticky":false,"template":"","format":"standard","meta":{"give_campaign_id":0,"_seopress_robots_primary_cat":"","_seopress_titles_title":"","_seopress_titles_desc":"","_seopress_robots_index":"","_et_pb_use_builder":"","_et_pb_old_content":"","_et_gb_content_width":"","footnotes":""},"categories":[904,905],"tags":[],"class_list":["post-350108","post","type-post","status-publish","format-standard","hentry","category-focolare-worldwide-2-2","category-senza-categoria-2-2"],"_links":{"self":[{"href":"https:\/\/www.focolare.org\/es\/wp-json\/wp\/v2\/posts\/350108","targetHints":{"allow":["GET"]}}],"collection":[{"href":"https:\/\/www.focolare.org\/es\/wp-json\/wp\/v2\/posts"}],"about":[{"href":"https:\/\/www.focolare.org\/es\/wp-json\/wp\/v2\/types\/post"}],"author":[{"embeddable":true,"href":"https:\/\/www.focolare.org\/es\/wp-json\/wp\/v2\/users\/34"}],"replies":[{"embeddable":true,"href":"https:\/\/www.focolare.org\/es\/wp-json\/wp\/v2\/comments?post=350108"}],"version-history":[{"count":0,"href":"https:\/\/www.focolare.org\/es\/wp-json\/wp\/v2\/posts\/350108\/revisions"}],"wp:attachment":[{"href":"https:\/\/www.focolare.org\/es\/wp-json\/wp\/v2\/media?parent=350108"}],"wp:term":[{"taxonomy":"category","embeddable":true,"href":"https:\/\/www.focolare.org\/es\/wp-json\/wp\/v2\/categories?post=350108"},{"taxonomy":"post_tag","embeddable":true,"href":"https:\/\/www.focolare.org\/es\/wp-json\/wp\/v2\/tags?post=350108"}],"curies":[{"name":"wp","href":"https:\/\/api.w.org\/{rel}","templated":true}]}}