{"id":350110,"date":"2014-02-10T04:30:19","date_gmt":"2014-02-10T03:30:19","guid":{"rendered":"https:\/\/www.focolare.org\/en-africa-como-familia\/"},"modified":"2024-06-06T12:35:09","modified_gmt":"2024-06-06T10:35:09","slug":"en-africa-como-familia","status":"publish","type":"post","link":"https:\/\/www.focolare.org\/es\/en-africa-como-familia\/","title":{"rendered":"En \u00c1frica, como familia"},"content":{"rendered":"<p><img alt=\"\" alt=\"\" loading=\"lazy\" decoding=\"async\" class=\"alignright  wp-image-100517\" style=\"margin-left: 10px\" src=\"https:\/\/www.focolare.org\/wp-content\/uploads\/2014\/02\/Valter-e-Flavia.jpg\" alt=\"\" width=\"295\" height=\"155\" \/><strong>\u201cNo estamos yendo a <a href=\"https:\/\/www.focolare.org\/es\/focolare-worldwide\/\">\u00c1frica<\/a> para conocer el lugar, para hacer turismo, sino para encontrar a un pueblo\u201d,<\/strong> escriben Flavia y Valter.<\/p>\n<p>Ella es <a href=\"https:\/\/www.focolare.org\/es\/focolare-worldwide\/europa\/svizzera\/\">suiza<\/a>, estudi\u00f3 relaciones internacionales en Ginebra y durante algunos meses trabaj\u00f3 en <strong>Bukas Palad<\/strong> en Tagaytay,<a href=\"https:\/\/www.focolare.org\/es\/focolare-worldwide\/asia\/filippine\/\"> Filipinas<\/a>. Walter es un periodista <a href=\"https:\/\/www.focolare.org\/es\/focolare-worldwide\/america-sud\/brasile\/\">brasile\u00f1o<\/a>. En el 2012 termin\u00f3 una maestr\u00eda en el Instituto <a href=\"http:\/\/www.iu-sophia.org\/en-US\/\">Universitario Sophia<\/a>, en <a href=\"http:\/\/www.loppiano.it\/\">Loppiano<\/a>, <a href=\"https:\/\/www.focolare.org\/es\/focolare-worldwide\/europa\/italia\/\">Italia<\/a>. En el 2005 fue como voluntario a <a href=\"https:\/\/www.focolare.org\/es\/focolare-worldwide\/asia\/indonesia\/\" target=\"_blank\" rel=\"noopener\">Indonesia<\/a>, seis meses despu\u00e9s del Tsunami que destruy\u00f3 el suroeste asi\u00e1tico.<\/p>\n<p>A\u00fan viviendo en lados opuestos del oc\u00e9ano Atl\u00e1ntico,<strong> se encontraron en el 2004 y se casaron ocho a\u00f1os despu\u00e9s.<\/strong><\/p>\n<p>Ahora dejan seguridades, proyectos, trabajo&#8230; Pasar\u00e1n un par de meses con la comunidad de los <strong>Focolares de Man, en el \u00c1frica subsahariana<\/strong>, a 600 km al oeste de la capital de <a href=\"https:\/\/www.focolare.org\/es\/focolare-worldwide\/africa\/costa-davorio\/\" target=\"_blank\" rel=\"noopener\">Costa de Marfil<\/a>, Abidjan. \u201cDejar todo detr\u00e1s nuestro no es f\u00e1cil \u2013escriben-, pero sentimos que esta experiencia de desapego total nos hace m\u00e1s libres para vivir profundamente cada momento, sin mirar atr\u00e1s\u201d.<\/p>\n<p><img alt=\"\" alt=\"\" loading=\"lazy\" decoding=\"async\" class=\"size-full wp-image-100521 alignleft\" style=\"margin-right: 10px\" src=\"https:\/\/www.focolare.org\/wp-content\/uploads\/2014\/02\/Valter-e-Flavia-4.jpg\" alt=\"\" width=\"272\" height=\"180\" \/><strong>En Man trabajaremos en la ciudadela del Movimiento,<\/strong> en un centro de inform\u00e1tica y en un centro que lucha contra la desnutrici\u00f3n de cientos de ni\u00f1os.<\/p>\n<p>\u201cEl hecho de ir como pareja es un aspecto que queremos subrayar \u2013escribe Flavia-. Muchos dicen que el matrimonio encierra a la pareja, obligando a una vida basada en la b\u00fasqueda de seguridad material. Nosotros queremos asumir el desaf\u00edo de que es posible abrirnos juntos a los dem\u00e1s\u201d.<\/p>\n<p><strong>\u201cEncontrarnos con el pueblo africano siempre ha sido un sue\u00f1o nuestro<\/strong> \u2013agrega Valter-, y las numerosas relaciones que hemos construido, han transformado \u00a0nuestra expedici\u00f3n en una aventura que queremos compartir con muchos amigos. Para ellos y para todas las personas interesadas en conocer m\u00e1s el Continente africano <strong>naci\u00f3 la idea de escribir un libro con la experiencia que viviremos y las fotos que la documentar\u00e1n\u201d.<\/strong><\/p>\n<p>\u201cDeseamos compartir con todos nuestra aventura \u2013 concluye Flavia \u2013, y ofrecer el fruto de nuestra experiencia. Creemos que la familia no est\u00e1 hecha s\u00f3lo de lazos de sangre, sino que involucra todo tipo de relaciones construidas junto a las comunidades que integramos\u201d.<\/p>\n<p><strong>Quienes deseen participar en el proyecto<a href=\"http:\/\/flaviaevalter.wix.com\/juntosrumoaafrica#!collaborare\/c21r8\" target=\"_blank\" rel=\"noopener\"> pueden contribuir<\/a><\/strong> y recibir\u00e1n un \u201clibro documental\u201d con la experiencia.<\/p>\n<p><strong>Para mayores informaciones<\/strong>: <a href=\"http:\/\/flaviaevalter.wix.com\/juntosrumoaafrica#!inizio\/cjr8\" target=\"_blank\" rel=\"noopener\"><strong>Juntos rumbo a \u00c1frica<\/strong><\/a><\/p>\n","protected":false},"excerpt":{"rendered":"<p>Ella es suiza, \u00e9l brasile\u00f1o. Se casaron hace poco. Tienen un sue\u00f1o: compartir los propios talentos con los m\u00e1s pobres, de cultura diferente. La familia se abre a la comunidad en la que est\u00e1 insertada.<\/p>\n","protected":false},"author":34,"featured_media":0,"comment_status":"open","ping_status":"open","sticky":false,"template":"","format":"standard","meta":{"give_campaign_id":0,"_seopress_robots_primary_cat":"","_seopress_titles_title":"","_seopress_titles_desc":"","_seopress_robots_index":"","_et_pb_use_builder":"","_et_pb_old_content":"","_et_gb_content_width":"","footnotes":""},"categories":[904,905],"tags":[],"class_list":["post-350110","post","type-post","status-publish","format-standard","hentry","category-focolare-worldwide-2-2","category-senza-categoria-2-2"],"_links":{"self":[{"href":"https:\/\/www.focolare.org\/es\/wp-json\/wp\/v2\/posts\/350110","targetHints":{"allow":["GET"]}}],"collection":[{"href":"https:\/\/www.focolare.org\/es\/wp-json\/wp\/v2\/posts"}],"about":[{"href":"https:\/\/www.focolare.org\/es\/wp-json\/wp\/v2\/types\/post"}],"author":[{"embeddable":true,"href":"https:\/\/www.focolare.org\/es\/wp-json\/wp\/v2\/users\/34"}],"replies":[{"embeddable":true,"href":"https:\/\/www.focolare.org\/es\/wp-json\/wp\/v2\/comments?post=350110"}],"version-history":[{"count":0,"href":"https:\/\/www.focolare.org\/es\/wp-json\/wp\/v2\/posts\/350110\/revisions"}],"wp:attachment":[{"href":"https:\/\/www.focolare.org\/es\/wp-json\/wp\/v2\/media?parent=350110"}],"wp:term":[{"taxonomy":"category","embeddable":true,"href":"https:\/\/www.focolare.org\/es\/wp-json\/wp\/v2\/categories?post=350110"},{"taxonomy":"post_tag","embeddable":true,"href":"https:\/\/www.focolare.org\/es\/wp-json\/wp\/v2\/tags?post=350110"}],"curies":[{"name":"wp","href":"https:\/\/api.w.org\/{rel}","templated":true}]}}