{"id":350136,"date":"2014-02-16T04:11:41","date_gmt":"2014-02-16T03:11:41","guid":{"rendered":"https:\/\/www.focolare.org\/chiara-lubich-y-las-religiones-islam\/"},"modified":"2024-06-06T12:35:13","modified_gmt":"2024-06-06T10:35:13","slug":"chiara-lubich-y-las-religiones-islam","status":"publish","type":"post","link":"https:\/\/www.focolare.org\/es\/chiara-lubich-y-las-religiones-islam\/","title":{"rendered":"Chiara Lubich y las religiones: Islam"},"content":{"rendered":"<p><img alt=\"\" alt=\"\" loading=\"lazy\" decoding=\"async\" class=\"alignleft  wp-image-100934\" style=\"margin: 5px;border: 0px\" src=\"https:\/\/www.focolare.org\/wp-content\/uploads\/2014\/02\/Islam-11.jpg\" alt=\"\" width=\"266\" height=\"170\" \/><strong>Los contactos de los Focolares con los musulmanes<\/strong> empezaron en los a\u00f1os \u201960. <strong>En <\/strong><a href=\"https:\/\/www.focolare.org\/iesfocolare-worldwide\/africa\/algeria\/\">Argelia<\/a><strong>, desde los a\u00f1os \u201970 surge una amistad profunda<\/strong> entre cristianos y musulmanes, que progresivamente se va difundiendo en la ciudad de Tlemcen, <strong>dando vida a una comunidad del Movimiento de los Focolares casi por entero musulmana<\/strong> que ha sobrepasado no s\u00f3lo las barreras entre el Islam y el Cristianismo, sino tambi\u00e9n los a\u00f1os crudos de la guerra civil.<\/p>\n<p>Cada experiencia ha sido la base para los <strong>8 congresos internacionales de los \u201cmusulmanes amigos de los Focolares\u201d<\/strong> entre 1992 y el 2008. Hoy en d\u00eda son varios miles los musulmanes en contacto con el Movimiento en todo el mundo.<\/p>\n<p><strong>En los <\/strong><a href=\"https:\/\/www.focolare.org\/es\/focolare-worldwide\/america-nord-e-centrale\/stati-uniti\/\">Estados Unidos<\/a><strong>, a finales de los a\u00f1os \u201990,<\/strong> se abri\u00f3 una nueva p\u00e1gina en la relaciones entre cristianos y musulmanes. <a href=\"https:\/\/www.focolare.org\/es\/chiara-lubich\/\">Chiara Lubich<\/a>, mujer, cristiana y blanca, fue invitada por el <a href=\"https:\/\/www.focolare.org\/es\/news\/2008\/10\/10\/lultimo-saluto-allimam-della-pace-w-d-mohammed\/\">Im\u00e1n W. D. Mohammed<\/a>, l\u00edder carism\u00e1tico de los musulmanes afro-americanos, a dirigir un mensaje a los fieles reunidos en la <strong>Mezquita Malcom X de Harlem<\/strong>. Al finalizar <a href=\"https:\/\/www.focolare.org\/es\/news\/2012\/05\/10\/new-york-focolari-e-moschea-malcomx-in-un-cammino-di-fraternita\/\">esa jornada<\/a>, en mayo de 1997, el Im\u00e1n afirm\u00f3: <em>\u201cHoy aqu\u00ed en Harlem, Nueva York, se ha escrito una p\u00e1gina de la historia\u201d. <\/em><strong>Los dos l\u00edderes estrecharon un pacto de fraternidad que despu\u00e9s se extendi\u00f3 a los dos Movimientos.<\/strong> A partir de entonces en los Estados Unidos se realizan regularmente encuentros de comunidades cristianas y musulmanas, blancos y negros, que apuntan a construir la fraternidad universal espec\u00edficamente en la ciudad y en la barrida. <strong>Se han involucrado m\u00e1s de 40 mezquitas y comunidades de los Focolares en varias ciudades.<\/strong><img alt=\"\" alt=\"\" loading=\"lazy\" decoding=\"async\" class=\"alignright  wp-image-100936\" style=\"margin: 5px;border: 0px\" src=\"https:\/\/www.focolare.org\/wp-content\/uploads\/2014\/02\/Islam-4.jpg\" alt=\"\" width=\"261\" height=\"178\" \/><\/p>\n<p>El camino de profundizaci\u00f3n entre la espiritualidad de la unidad y el Islam ha atravesado algunas etapas importantes: el congreso para los amigos musulmanes desarrollado en el 2008 en Roma que tuvo como t\u00edtulo: <em><strong>\u201c<\/strong><\/em><em><a href=\"https:\/\/www.focolare.org\/es\/news\/2008\/10\/12\/amore-e-misericordia-nella-bibbia-e-nel-corano\/\">Amor y misericordia en la Biblia y en el Cor\u00e1n<\/a><\/em><em><strong>\u201d. <\/strong><\/em>\u00a0All\u00ed la participaci\u00f3n del Adnane Mokrani, profesor musulm\u00e1n, con el tema \u201c<em>Leer en Cor\u00e1n con el ojo de la Misericordia\u201d, <\/em>fue muy apreciado por los presentes.<\/p>\n<p>En el 2010, en <a href=\"http:\/\/www.loppiano.it\/\" target=\"_blank\" rel=\"noopener\">Loppiano<\/a><strong>, <\/strong><strong>tuvo lugar un encuentro con la participaci\u00f3n de alrededor de <\/strong><strong>600 entre musulmanes y cristianos. <\/strong><strong>Fueron<\/strong> numerosos los Dirigentes e Im\u00e1n de las comunidades isl\u00e1micas de Italia. El encuentro fue, como afirm\u00f3 el Im\u00e1n Layachi, un punto de llegada y de partida de muchas experiencias vividas en varias partes de Italia.<\/p>\n<p>En Tlemcen (<a href=\"https:\/\/www.focolare.org\/es\/focolare-worldwide\/africa\/algeria\/\">Argelia<\/a>) \u2013 una de las capitales de la cultura isl\u00e1mica para el 2011- tuvo lugar en junio de 2011 el congreso de los musulmanes del Movimiento, con el t\u00edtulo \u201c<em><a href=\"https:\/\/www.focolare.org\/es\/news\/2011\/06\/25\/algeria-imparare-a-vivere-insieme\/\" target=\"_blank\" rel=\"noopener\">Vivir la unidad<\/a><\/em><em>\u201d. <\/em>Los participantes fueron unos ochenta y proven\u00edan de 10 pa\u00edses distintos. La presencia entre ellos de algunos profesores musulmanes fue muy apreciada porque sobre la base de la vida vivida empezaron a desarrollar temas sobre la espiritualidad de la unidad desde el punto de vista musulm\u00e1n.<\/p>\n<p><strong><img alt=\"\" alt=\"\" loading=\"lazy\" decoding=\"async\" class=\"alignleft  wp-image-100938\" style=\"margin: 5px;border: 0px\" src=\"https:\/\/www.focolare.org\/wp-content\/uploads\/2014\/02\/Islam-3.jpg\" alt=\"\" width=\"231\" height=\"149\" \/><\/strong><!--[if gte mso 9]&gt;--><\/p>\n<p>En las \u00faltimas d\u00e9cadas ha crecido en <a href=\"https:\/\/www.focolare.org\/es\/focolare-worldwide\/europa\/italia\/\">Italia <\/a>la presencia musulmana debida a la inmigraci\u00f3n. En tantas ciudades, del norte al sur de la Pen\u00ednsula, se ha desarrollado una aut\u00e9ntica amistad con muchos fieles y comunidades isl\u00e1micas. Como en Brescia, donde el 25 de noviembre de 2012 se dieron cita alrededor de 1300 entre cristianos y musulmanes para una jornada con el t\u00edtulo: \u201c<a href=\"https:\/\/www.focolare.org\/es\/news\/2012\/11\/22\/famiglie-musulmane-e-cristiane-percorsi-comuni\/\">Itinerarios comunes para la familia\u201d ercorsi comuni per la famiglia<\/a><strong>\u201d<\/strong>, promovida por el Movimiento de los Focolares en conjunto con varias asociaciones y comunidades isl\u00e1micas. O en Catania, donde el 23 de abril se celebr\u00f3 el congreso \u201c<a href=\"https:\/\/www.focolare.org\/es\/news\/2013\/04\/23\/una-storia-di-amicizia-musulmani-e-cristiani-in-sicilia\/\">La familia musulmana, la familia cristiana: desaf\u00edos y esperanzas<\/a>\u201d, mossa insieme da Movimento dei Focolari e da varie associazioni e comunit\u00e0 islamiche,\u00a0 que reuni\u00f3 a alrededor de 500 personas bajo el lema del di\u00e1logo.<\/p>\n<p><strong>El 20 de marzo de 2014,<\/strong> en la Universidad Urbaniana de Roma tendr\u00e1 lugar un evento dedicado a <em>\u201c<strong>Chiara y las religiones: juntos hacia la unidad de la familia humana<\/strong>\u201d. <\/em>\u00a0Pretende poner en evidencia, seis a\u00f1os despu\u00e9s de su desaparici\u00f3n, su compromiso a favor del di\u00e1logo interreligioso. La manifestaci\u00f3n coincide con el 50\u00b0 de la declaraci\u00f3n conciliar <em>\u201cNostra Aetate\u201d <\/em>sobre la Iglesia y las religiones no cristianas. Se prev\u00e9 la participaci\u00f3n de personalidades religiosas del mundo isl\u00e1mico.<\/p>\n<p><a href=\"http:\/\/www.centrochiaralubich.org\/es\/documentos\/videos-es\/1289-algunas-caracteristicas-del-amor-al-projimo.html\" target=\"_blank\" rel=\"noopener\"><strong>Ver video<\/strong><\/a><\/p>\n","protected":false},"excerpt":{"rendered":"<p>Al acercarnos al sexto aniversario de Chiara Lubich (1920-2008), despu\u00e9s del Budismo, publicamos un resumen del di\u00e1logo que se ha desarrollado entre los Focolares y miembros del Islam.<\/p>\n","protected":false},"author":34,"featured_media":0,"comment_status":"open","ping_status":"open","sticky":false,"template":"","format":"standard","meta":{"give_campaign_id":0,"_seopress_robots_primary_cat":"","_seopress_titles_title":"","_seopress_titles_desc":"","_seopress_robots_index":"","_et_pb_use_builder":"","_et_pb_old_content":"","_et_gb_content_width":"","footnotes":""},"categories":[904],"tags":[],"class_list":["post-350136","post","type-post","status-publish","format-standard","hentry","category-focolare-worldwide-2-2"],"_links":{"self":[{"href":"https:\/\/www.focolare.org\/es\/wp-json\/wp\/v2\/posts\/350136","targetHints":{"allow":["GET"]}}],"collection":[{"href":"https:\/\/www.focolare.org\/es\/wp-json\/wp\/v2\/posts"}],"about":[{"href":"https:\/\/www.focolare.org\/es\/wp-json\/wp\/v2\/types\/post"}],"author":[{"embeddable":true,"href":"https:\/\/www.focolare.org\/es\/wp-json\/wp\/v2\/users\/34"}],"replies":[{"embeddable":true,"href":"https:\/\/www.focolare.org\/es\/wp-json\/wp\/v2\/comments?post=350136"}],"version-history":[{"count":0,"href":"https:\/\/www.focolare.org\/es\/wp-json\/wp\/v2\/posts\/350136\/revisions"}],"wp:attachment":[{"href":"https:\/\/www.focolare.org\/es\/wp-json\/wp\/v2\/media?parent=350136"}],"wp:term":[{"taxonomy":"category","embeddable":true,"href":"https:\/\/www.focolare.org\/es\/wp-json\/wp\/v2\/categories?post=350136"},{"taxonomy":"post_tag","embeddable":true,"href":"https:\/\/www.focolare.org\/es\/wp-json\/wp\/v2\/tags?post=350136"}],"curies":[{"name":"wp","href":"https:\/\/api.w.org\/{rel}","templated":true}]}}