{"id":350192,"date":"2014-03-07T04:00:07","date_gmt":"2014-03-07T03:00:07","guid":{"rendered":"https:\/\/www.focolare.org\/brasil-un-focolar-en-el-morro\/"},"modified":"2024-06-06T12:35:23","modified_gmt":"2024-06-06T10:35:23","slug":"brasil-un-focolar-en-el-morro","status":"publish","type":"post","link":"https:\/\/www.focolare.org\/es\/brasil-un-focolar-en-el-morro\/","title":{"rendered":"Brasil: un focolar en el Morro"},"content":{"rendered":"<p><strong><img alt=\"\" alt=\"\" loading=\"lazy\" decoding=\"async\" class=\"wp-image-102044 alignright\" style=\"margin-left: 10px;margin-right: 10px;border: 0px none\" src=\"https:\/\/www.focolare.org\/wp-content\/uploads\/2014\/03\/Florianopolis-2.jpg\" alt=\"\" width=\"237\" height=\"189\" \/>\u00abEl 23 de febrero pasado<\/strong> \u2013 escriben los focolarinos \u2013 junto con una representaci\u00f3n de la comunidad y con la presencia del arzobispo <strong>Mons. Wilson Tadeu J\u00f6nck,<\/strong> hicimos una sencilla y fraterna ceremonia para oficializar la mudanza del focolar masculino a la \u201cfavela\u201d del Morro Mont Serrat, ubicada en la periferia de la ciudad.<\/p>\n<p><strong>El arzobispo bendijo el nuevo <\/strong><a href=\"https:\/\/www.focolare.org\/es\/movimento-dei-focolari\/scelte-e-impegno\/focolarini\/\">focola<\/a><a href=\"https:\/\/www.focolare.org\/es\/movimento-dei-focolari\/scelte-e-impegno\/focolarini\/\">r <\/a>y concelebr\u00f3 la misa en la capilla de la comunidad local con el<strong> Padre Vilson Groh,<\/strong> <a href=\"https:\/\/www.focolare.org\/es\/movimento-dei-focolari\/scelte-e-impegno\/sacerdoti\/\">sacerdote voluntario<\/a> del Movimiento, augurando que la vida de los focolarinos\u00a0 \u201csea un testimonio de santidad, as\u00ed como Dios es santo\u201d\u00bb.<\/p>\n<p><strong>En los presentes se sent\u00eda la alegr\u00eda de caminar junto con la Iglesia<\/strong> hoy, que a trav\u00e9s del Papa Francisco \u201ccontin\u00faa invit\u00e1ndonos a ir al encuentro de la humanidad \u2013 dice<strong> Keles Lima<\/strong> \u2013 estando cerca de \u00a0las personas, especialmente\u00a0 de los m\u00e1s pobres\u201d \u00bb.<\/p>\n<p><img alt=\"\" alt=\"\" loading=\"lazy\" decoding=\"async\" class=\"alignleft  wp-image-102046\" style=\"margin-right: 10px;margin-top: 10px;margin-bottom: 10px\" src=\"https:\/\/www.focolare.org\/wp-content\/uploads\/2014\/03\/Florianopolis-1-250x185.jpg\" alt=\"\" width=\"225\" height=\"167\" \/><strong>\u00abEs precisamente \u00a0el<\/strong> <a href=\"https:\/\/www.focolare.org\/es\/chiara-lubich\/spiritualita-dellunita\/\">carisma de la unidad <\/a>\u2013afirma<strong> Lucival Silva<\/strong> \u2013 el que nos hace sentir la importancia de estar aqu\u00ed para dar nuestra contribuci\u00f3n, junto con todas las fuerzas que ya trabajan en la Iglesia local y en el Morro, tratando de ser constructores de \u201cpuentes\u201d que unen a las personas de distintas clases sociales, separadas a menudo por las murallas de la indiferencia\u00bb..<\/p>\n<p>Era contagiosa la alegr\u00eda presente en los ojos de los focolarinos involucrados en esta aventura \u00a0y tambi\u00e9n lo era la alegr\u00eda de la comunidad local del Movimiento. Era como recuperar un trozo de historia de los Focolares, cuando<a href=\"https:\/\/www.focolare.org\/es\/chiara-lubich\/\"> Chiara Lubich<\/a> con el primer grupo en Trento comenz\u00f3 por los pobres, hasta comprender que \u00abtodas las personas son candidatas a la unidad\u00bb.<\/p>\n<p><strong>El Padre Vilson Groh<\/strong> hace muchos a\u00f1os que vive y trabaja en el Morro, conduciendo una red de iniciativas en colaboraci\u00f3n con la sociedad civil, la administraci\u00f3n p\u00fablica y el mundo empresarial. Son acciones que tienen como objetivo abrir\u00a0 nuevas perspectivas de vida a los j\u00f3venes. <strong>Francisco Sebok<\/strong> trabaja con \u00e9l en uno de estos proyectos en un barrio dominado por el tr\u00e1fico de drogas. <strong>Fabrizio Lucisano<\/strong> ya desde hace tiempo que trabaja como m\u00e9dico de familia en el Morro y <strong>Keles<\/strong> comenz\u00f3 a trabajar como maestro de la escuela primaria. Completan el equipo dos focolarinos casados <strong>Miguel Becker<\/strong> y <strong>Arion G\u00f3es.<\/strong><\/p>\n<p><strong>La <\/strong><img alt=\"\" alt=\"\" loading=\"lazy\" decoding=\"async\" class=\"alignright  wp-image-102045\" style=\"margin-left: 10px;margin-right: 10px;border: 0px none\" src=\"https:\/\/www.focolare.org\/wp-content\/uploads\/2014\/03\/Florianopolis-3.jpg\" alt=\"\" width=\"243\" height=\"158\" \/><strong>casa que alquilan es modesta<\/strong>, no desentona con las casas de alrededor. \u00a0\u00abLe gust\u00f3 a todos \u2013dice alegremente Francisco-; es cierto que con pocos medios logramos amueblarla con buen gusto. Por el momento tiene dos habitaciones, una sala, una cocina y un ba\u00f1o.<\/p>\n<p>\u00abSomos conscientes de que no resolveremos el problema social del Brasil ni el de una ciudad \u2013<strong>afirma Lucival<\/strong>\u2013,y ni siquiera el de esta favela; pero esta experiencia puede ser un gesto de nuestro Movimiento hacia la Iglesia y\u00a0 la sociedad, expresando \u00a0que queremos caminar junto con todos, ricos y pobres, para contribuir a la realizaci\u00f3n del testamento de Jes\u00fas \u201cque todos sean uno\u201d \u00bb.<\/p>\n<p>\u00ab<strong>En 1993 \u2013<\/strong>recuerda Fabrizio\u2013, Chiara Lubich dio \u00a0al focolar masculino de Florian\u00f3polis el nombre de \u201c<strong>Emmaus<\/strong>\u201d y ella misma hab\u00eda escrito: \u00a0\u201cDonde Jes\u00fas estaba entre los disc\u00edpulos, s\u00edmbolo de Jes\u00fas en medio, que iluminaba las escrituras&#8230;.\u201d Quisimos poner este augurio de Chiara en la entrada del focolar para recordarnoslo siempre\u00bb.<\/p>\n","protected":false},"excerpt":{"rendered":"<p>Los focolarinos de Florian\u00f3polis (en el sur de Brasil)  mudan su vivienda a una favela en la periferia de la ciudad, al  \u201cMorro Mont Serrat\u201d \u2013 Alto da Caeira. Una elecci\u00f3n que comienza por los \u00faltimos.<\/p>\n","protected":false},"author":34,"featured_media":0,"comment_status":"open","ping_status":"open","sticky":false,"template":"","format":"standard","meta":{"give_campaign_id":0,"_seopress_robots_primary_cat":"","_seopress_titles_title":"","_seopress_titles_desc":"","_seopress_robots_index":"","_et_pb_use_builder":"","_et_pb_old_content":"","_et_gb_content_width":"","footnotes":""},"categories":[904,905],"tags":[],"class_list":["post-350192","post","type-post","status-publish","format-standard","hentry","category-focolare-worldwide-2-2","category-senza-categoria-2-2"],"_links":{"self":[{"href":"https:\/\/www.focolare.org\/es\/wp-json\/wp\/v2\/posts\/350192","targetHints":{"allow":["GET"]}}],"collection":[{"href":"https:\/\/www.focolare.org\/es\/wp-json\/wp\/v2\/posts"}],"about":[{"href":"https:\/\/www.focolare.org\/es\/wp-json\/wp\/v2\/types\/post"}],"author":[{"embeddable":true,"href":"https:\/\/www.focolare.org\/es\/wp-json\/wp\/v2\/users\/34"}],"replies":[{"embeddable":true,"href":"https:\/\/www.focolare.org\/es\/wp-json\/wp\/v2\/comments?post=350192"}],"version-history":[{"count":0,"href":"https:\/\/www.focolare.org\/es\/wp-json\/wp\/v2\/posts\/350192\/revisions"}],"wp:attachment":[{"href":"https:\/\/www.focolare.org\/es\/wp-json\/wp\/v2\/media?parent=350192"}],"wp:term":[{"taxonomy":"category","embeddable":true,"href":"https:\/\/www.focolare.org\/es\/wp-json\/wp\/v2\/categories?post=350192"},{"taxonomy":"post_tag","embeddable":true,"href":"https:\/\/www.focolare.org\/es\/wp-json\/wp\/v2\/tags?post=350192"}],"curies":[{"name":"wp","href":"https:\/\/api.w.org\/{rel}","templated":true}]}}