{"id":350208,"date":"2014-03-11T06:10:22","date_gmt":"2014-03-11T05:10:22","guid":{"rendered":"https:\/\/www.focolare.org\/portugal-jovenes-en-accion-en-contra-de-la-marginacion\/"},"modified":"2024-06-06T12:35:26","modified_gmt":"2024-06-06T10:35:26","slug":"portugal-jovenes-en-accion-en-contra-de-la-marginacion","status":"publish","type":"post","link":"https:\/\/www.focolare.org\/es\/portugal-jovenes-en-accion-en-contra-de-la-marginacion\/","title":{"rendered":"Portugal: j\u00f3venes en acci\u00f3n en contra de la marginaci\u00f3n"},"content":{"rendered":"<p><strong><img alt=\"\" alt=\"\" loading=\"lazy\" decoding=\"async\" class=\"wp-image-102316 alignleft\" style=\"margin-right: 10px;margin-top: 10px;margin-bottom: 10px\" src=\"https:\/\/www.focolare.org\/wp-content\/uploads\/2014\/03\/Portogallo-20.jpg\" alt=\"\" width=\"316\" height=\"188\" \/><\/strong><span style=\"font-size: 13px\"><strong>Con los ancianos en una casa de salud<\/strong>. Con los presidiarios en la c\u00e1rcel de la localidad, En un instituto de asistencia social. Con los coet\u00e1neos de distintas capacidades en un <em>Centro de educaci\u00f3n especial. <\/em>\u00c9stos no son los lugares donde normalmente los j\u00f3venes pasan el tiempo. Sin embargo el 8 de febrero pasado, en Caldas da Rainha, en la regi\u00f3n oeste de <a href=\"https:\/\/www.focolare.org\/es\/focolare-worldwide\/europa\/portogallo\/\">Portugal<\/a><span style=\"text-decoration: underline\"><a href=\"https:\/\/www.focolare.org\/es\/focolare-worldwide\/europa\/portogallo\/\">,<\/a> <\/span>un grupo de un centenar de <a href=\"https:\/\/www.focolare.org\/es\/movimento-dei-focolari\/un-popolo\/giovani-per-un-mondo-unito\/\">J\u00f3venes por un Mundo Unido<\/a> quiso dar una se\u00f1al a la ciudad. Quer\u00edan as\u00ed sacudir la indiferencia que ve\u00edan en ellos mismos y en los dem\u00e1s.<\/span><\/p>\n<p><strong>El punto de partida<\/strong>: un meeting en el auditorium del Centro social Parish, para focalizar\u00a0 el objetivo: el deseo de testimoniar el <a href=\"https:\/\/www.focolare.org\/ieschiara-lubich\/spiritualita-dellunita\/amore-al-fratello\/\">amor fraterno.<\/a> Inspirados en las experiencias de j\u00f3venes de otros pa\u00edses, ellos estaban convencidos de que <em>\u201cvivir por un mundo unido\u201d <\/em>puede ser una respuesta a los desaf\u00edos de hoy, Y a partir de ah\u00ed, en grupos, se trasladaron a distintos puntos de la ciudad hacia aquellas personas que tienen m\u00e1s necesidad de auxilio. Tambi\u00e9n se diarigieron a lugares donde\u00a0 pod\u00edan dejar un signo constructivo para la zona.<\/p>\n<p><strong>Repintar las paredes del Centro juvenil,<\/strong> de acuerdo al pedido realizado por la Comuna. Distribuir caf\u00e9, volantes, una sonrisa, un saludo a los peatones distraidos y sorprendidos. Fue una propuesta original para los habitantes de Caldas da Reinha, que se contagiaron con\u00a0 el entusiasmo y la convicci\u00f3n de los j\u00f3venes.<\/p>\n<p><img alt=\"\" alt=\"\" loading=\"lazy\" decoding=\"async\" class=\"alignright  wp-image-102300\" style=\"margin-left: 10px;margin-right: 10px;border: 0px none\" src=\"https:\/\/www.focolare.org\/wp-content\/uploads\/2014\/03\/Portogallo-2-421x200.jpg\" alt=\"\" width=\"325\" height=\"154\" \/>\u00abSi cada uno hiciese algo all\u00ed donde se encuentra, todo podr\u00eda cambiar\u00bb, coment\u00f3 el vice intendente Hugo Oliveira.<\/p>\n<p>\u00abFui para dar, y he recibido\u00bb, cuenta un joven cuando volv\u00eda de la visita a los presidiarios. Entre \u00e9stos, algunos expresaron el deseo de ser, tambi\u00e9n ellos, constructores de un mundo unido.<\/p>\n<p>\u00abTratar\u00e9 de perdonar&#8230;\u00bb, \u00abEstablecer\u00e9 m\u00e1s v\u00ednculos con mi familia\u00bb, escribieron despu\u00e9s de esta experiencia.<\/p>\n<p>Una jornada intensa, que no pas\u00f3 inadvertida, y que involucr\u00f3 muchas realidades. Pero el desaf\u00edo reci\u00e9n ha comenzado, dicen los j\u00f3venes: \u00abQueremos continuar juntos el camino de la fraternidad universal donde vivimos, comenzando por\u00a0 peque\u00f1as acciones, en nuestras familias, en las relaciones con los amigos, en la escuela, en el trabajo\u00bb<\/p>\n<p><strong>Para aspirar luego a los desaf\u00edos m\u00e1s grandes.<\/strong><\/p>\n","protected":false},"excerpt":{"rendered":"<p>Un centenar de j\u00f3venes en Caldas da Rainha, organizaron una jornada solidaria titulada \u201cRevoluciona tu ciudad con el amor\u201d, con numerosas iniciativas dirigidas hacia las personas m\u00e1s marginadas.<\/p>\n","protected":false},"author":34,"featured_media":0,"comment_status":"open","ping_status":"open","sticky":false,"template":"","format":"standard","meta":{"give_campaign_id":0,"_seopress_robots_primary_cat":"","_seopress_titles_title":"","_seopress_titles_desc":"","_seopress_robots_index":"","_et_pb_use_builder":"","_et_pb_old_content":"","_et_gb_content_width":"","footnotes":""},"categories":[904],"tags":[],"class_list":["post-350208","post","type-post","status-publish","format-standard","hentry","category-focolare-worldwide-2-2"],"_links":{"self":[{"href":"https:\/\/www.focolare.org\/es\/wp-json\/wp\/v2\/posts\/350208","targetHints":{"allow":["GET"]}}],"collection":[{"href":"https:\/\/www.focolare.org\/es\/wp-json\/wp\/v2\/posts"}],"about":[{"href":"https:\/\/www.focolare.org\/es\/wp-json\/wp\/v2\/types\/post"}],"author":[{"embeddable":true,"href":"https:\/\/www.focolare.org\/es\/wp-json\/wp\/v2\/users\/34"}],"replies":[{"embeddable":true,"href":"https:\/\/www.focolare.org\/es\/wp-json\/wp\/v2\/comments?post=350208"}],"version-history":[{"count":0,"href":"https:\/\/www.focolare.org\/es\/wp-json\/wp\/v2\/posts\/350208\/revisions"}],"wp:attachment":[{"href":"https:\/\/www.focolare.org\/es\/wp-json\/wp\/v2\/media?parent=350208"}],"wp:term":[{"taxonomy":"category","embeddable":true,"href":"https:\/\/www.focolare.org\/es\/wp-json\/wp\/v2\/categories?post=350208"},{"taxonomy":"post_tag","embeddable":true,"href":"https:\/\/www.focolare.org\/es\/wp-json\/wp\/v2\/tags?post=350208"}],"curies":[{"name":"wp","href":"https:\/\/api.w.org\/{rel}","templated":true}]}}