{"id":350328,"date":"2014-04-18T09:00:52","date_gmt":"2014-04-18T07:00:52","guid":{"rendered":"https:\/\/www.focolare.org\/la-fazenda-da-esperanca-y-el-carisma-de-la-unidad\/"},"modified":"2024-06-06T12:35:48","modified_gmt":"2024-06-06T10:35:48","slug":"la-fazenda-da-esperanca-y-el-carisma-de-la-unidad","status":"publish","type":"post","link":"https:\/\/www.focolare.org\/es\/la-fazenda-da-esperanca-y-el-carisma-de-la-unidad\/","title":{"rendered":"La \u201cFazenda da Esperan\u00e7a\u201d y el  \u201ccarisma\u201d de la unidad"},"content":{"rendered":"<div id=\"attachment_104455\" style=\"width: 260px\" class=\"wp-caption alignright\"><img alt=\"\" alt=\"\" loading=\"lazy\" decoding=\"async\" aria-describedby=\"caption-attachment-104455\" class=\" wp-image-104455  \" style=\"margin-left: 10px;margin-right: 10px;border: 0px\" src=\"https:\/\/www.focolare.org\/wp-content\/uploads\/2014\/04\/Fazenda-da-Esperan\u00e7a-Caris-Mendes-CSC-21-250x166.jpg\" alt=\"\" width=\"250\" height=\"166\" \/><p id=\"caption-attachment-104455\" class=\"wp-caption-text\">Mar\u00eda Voce con Nelson Giovannelli<\/p><\/div>\n<p><strong>\u201cFazenda da Esperan\u00e7a\u201d<\/strong>: una larga, <a href=\"https:\/\/www.focolare.org\/es\/news\/2010\/06\/04\/%E2%80%9Cfazendas-da-esperanca%E2%80%9D-3\/\"><span style=\"text-decoration: underline\">historia <\/span><\/a>de hace 30 a\u00f1os, cuando\u00a0 un joven Nelson Giovannelli, movido por las palabras del ap\u00f3stol Pablo: \u201cMe hice d\u00e9bil con los d\u00e9biles&#8230;\u201d se acerc\u00f3 a un grupo de j\u00f3venes drogadictos de su barrio con el deseo de hacer algo por ellos. En su iniciativa fue acompa\u00f1ado, desde los primeros pasos, por el Padre Hans Stapel (Fray Hans), por cuyo testimonio, Nelson, se hab\u00eda sentido alentado. Hoy las \u201cFazendas\u201d se han multiplicado en muchos pa\u00edses y desarrollan una acci\u00f3n importante de recuperaci\u00f3n de j\u00f3venes que estaban en la calle y renacieron a partir de la ense\u00f1anza del Evangelio, a tal punto que un obispo brasile\u00f1o las defini\u00f3 como \u201c\u00a1un santuario de la Nueva Evangelizaci\u00f3n!\u201d<\/p>\n<p><strong>El 15 de abril, <\/strong>en ocasi\u00f3n del viaje de <a href=\"https:\/\/www.focolare.org\/es\/news\/2011\/01\/20\/maria-voce\/\">Mar\u00eda Voce<\/a> y<a href=\"https:\/\/www.focolare.org\/es\/news\/2010\/02\/03\/biografia-di-giancarlo-faletti\/\"> Giancarlo Faletti <\/a>a <a href=\"https:\/\/www.focolare.org\/es\/focolare-worldwide\/america-sud\/brasile\/#\">Brasil<\/a>, se vivieron momentos de profunda comuni\u00f3n entre los j\u00f3venes de la Fazenda y los representantes de los Focolares. Adem\u00e1s de los 600 j\u00f3venes presentes, estaban conectados por Internet con 70 Fazendas esparcidas en el mundo.<\/p>\n<p><img alt=\"\" alt=\"\" loading=\"lazy\" decoding=\"async\" class=\"alignleft  wp-image-104457\" style=\"margin-top: 10px;margin-bottom: 10px;margin-right: 10px\" src=\"https:\/\/www.focolare.org\/wp-content\/uploads\/2014\/04\/Fazenda-da-Esperan\u00e7a-Caris-Mendes-CSC-5-250x166.jpg\" alt=\"\" width=\"250\" height=\"166\" \/><strong>El encuentro lo abre Fray Hans<\/strong>, contando \u00abla experiencia de Dios\u00bb vivida por \u00e9l la \u00faltima vez que estuvo internado en el hospital. Seguidamente algo de m\u00fasica, alg\u00fan relato sobre la historia de los comienzos de la Fazenda, experiencias, un nutrido di\u00e1logo. Son conmovedores \u00a0los testimonios presentados por aquellos que pasaron por el infierno de la droga, como Mario, lleg\u00f3 a donarse a Dios, y a la fundaci\u00f3n de nuevas comunidades en otros pa\u00edses de Am\u00e9rica Latina.<\/p>\n<p><strong>En el di\u00e1logo establecido con Mar\u00eda Voce y Giancarlo Faletti, <\/strong>los j\u00f3venes descubren la espiritualidad del <a href=\"https:\/\/www.focolare.org\/es\/chiara-lubich\/spiritualita-dellunita\/\">carisma de la unidad<\/a>, que est\u00e1 en la <a href=\"https:\/\/www.focolare.org\/es\/news\/2010\/06\/04\/%E2%80%9Cfazendas-da-esperanca%E2%80%9D-3\/\"><span style=\"text-decoration: underline\">ra\u00edz <\/span><\/a>de su experiencia de recuperaci\u00f3n. El\u00a0 carisma que\u00a0 anima la misma vida de sus fundadores. Es un di\u00e1logo en el cual los j\u00f3venes expresan sus inquietudes m\u00e1s profundas: hablan sobre las cicatrices que deja la experiencia pasada, sobre la sexualidad y la castidad, y tambi\u00e9n sobre el significado del carisma de la Fazenda en relaci\u00f3n a la experiencia de <a href=\"https:\/\/www.focolare.org\/es\/chiara-lubich\/chi-e-chiara\/\">Chiara Lubich<\/a> y su carisma, entendido como don, a trav\u00e9s de una o m\u00e1s personas, para toda la humanidad.<\/p>\n<p><img alt=\"\" alt=\"\" loading=\"lazy\" decoding=\"async\" class=\"alignright  wp-image-104459\" style=\"margin: 10px;border: 0px\" src=\"https:\/\/www.focolare.org\/wp-content\/uploads\/2014\/04\/Fazenda-da-Esperan\u00e7a-Caris-Mendes-CSC-12-250x166.jpg\" alt=\"\" width=\"250\" height=\"166\" \/><strong>Surge de aqu\u00ed la novedad, <\/strong>que fue la caracter\u00edstica del encuentro: <strong>\u00abUn carisma que es fruto del carisma de la unidad- <\/strong>afirma Giancarlo Faletti- que muestra la din\u00e1mica de la vida de Dios en acci\u00f3n, su presencia en la historia de la humanidad. Al venir hoy aqu\u00ed, \u00a1estamos haciendo con ustedes una gran experiencia de la \u2018productividad\u2019 de Dios!\u00bb Y Mar\u00eda Voce dice: \u00abPensando en el carisma de la unidad \u2013tambi\u00e9n despu\u00e9s de haber encontrado aqu\u00ed en Brasil, otros carismas que fueron fruto de \u00e9l- lo veo como la ra\u00edz de un \u00e1rbol con muchas ramas y cada rama con muchos frutos, y cada fruto me parece la ampliaci\u00f3n de un aspecto en particular\u00bb.<\/p>\n<p>\u00abCuando pienso en la Fazenda \u2013contin\u00faa- me acuerdo del problema de la dependencia de la droga y digo: es Jes\u00fas quien asumi\u00f3 el drama de la droga. \u00c9l grita <a href=\"https:\/\/www.focolare.org\/es\/chiara-lubich\/spiritualita-dellunita\/gesu-abbandonato\/\">el Abandono <\/a>[del Padre]. Esta obra ha asumido de este aspecto, pero es un gran aspecto, y lo ha convertido en una obra maravillosa. Hay otra Obra que ese hace cargo de la carencia de instrucci\u00f3n de los ni\u00f1os- tambi\u00e9n en este caso la ignorancia es asumida por Jes\u00fas en el Abandono- y del carisma de la unidad nace otra obra que instituye con una pedagog\u00eda nueva.\u00a0 Aunque la ra\u00edz est\u00e1 escondida y se ven s\u00f3lo las ramas y los frutos, la ra\u00edz se alegra. <strong>Y los frutos agradecen a la ra\u00edz\u00bb.\u00a0 <\/strong>Lo repite Fray Hans que augura un incremento \u00a0de la colaboraci\u00f3n rec\u00edproca y expresa la exigencia de que los formadores est\u00e9n alimentados por la espiritualidad de la unidad, como ya ocurre en algunas Fazendas.<\/p>\n<p>\u00abMe parece \u2013concluye Mar\u00eda Voce- que todos los carismas que estamos conociendo y muchos otros que a\u00fan no conocemos y que ir\u00e1n naciendo, est\u00e1n dentro del carisma de la unidad, porque est\u00e1n vinculados por el amor rec\u00edproco se puede \u00a0ver qu\u00e9 la grandeza de lo espec\u00edfico de uno y de otro, y juntos contribuyen al cumplimiento de la oraci\u00f3n de Jes\u00fas \u201cque todos sean uno\u201d. Por lo tanto digo: <strong>\u201c\u00a1Viva la Fazenda da Esperan\u00e7a!\u201d\u00bb.<\/strong><\/p>\n<p><strong>Las etapas del viaje en<\/strong>:<a href=\"https:\/\/www.focolare.org\/notiziariomariapoli\/es\/category\/notiziario\/\" target=\"_blank\" rel=\"noopener\"> Revista Mari\u00e1polis \u2013 \u00c1rea reservada<\/a><\/p>\n<p><strong>Website: <\/strong><a href=\"http:\/\/www.focolares.org.br\/sitenacional\/\" target=\"_blank\" rel=\"noopener\">www.focolares.org.br\/sitenacional<\/a><\/p>\n","protected":false},"excerpt":{"rendered":"<p>Guaratinguet\u00e1 (Estado de San Pablo): son m\u00e1s de 600 los j\u00f3venes reunidos de varias regiones del Brasil, provenientes de \u201cFazendas\u201d (granjas), para dar la bienvenida a la presidente de los Focolares, y descubrir juntos las ra\u00edces comunes.<\/p>\n","protected":false},"author":34,"featured_media":0,"comment_status":"open","ping_status":"open","sticky":false,"template":"","format":"standard","meta":{"give_campaign_id":0,"_seopress_robots_primary_cat":"","_seopress_titles_title":"","_seopress_titles_desc":"","_seopress_robots_index":"","_et_pb_use_builder":"","_et_pb_old_content":"","_et_gb_content_width":"","footnotes":""},"categories":[904],"tags":[],"class_list":["post-350328","post","type-post","status-publish","format-standard","hentry","category-focolare-worldwide-2-2"],"_links":{"self":[{"href":"https:\/\/www.focolare.org\/es\/wp-json\/wp\/v2\/posts\/350328","targetHints":{"allow":["GET"]}}],"collection":[{"href":"https:\/\/www.focolare.org\/es\/wp-json\/wp\/v2\/posts"}],"about":[{"href":"https:\/\/www.focolare.org\/es\/wp-json\/wp\/v2\/types\/post"}],"author":[{"embeddable":true,"href":"https:\/\/www.focolare.org\/es\/wp-json\/wp\/v2\/users\/34"}],"replies":[{"embeddable":true,"href":"https:\/\/www.focolare.org\/es\/wp-json\/wp\/v2\/comments?post=350328"}],"version-history":[{"count":0,"href":"https:\/\/www.focolare.org\/es\/wp-json\/wp\/v2\/posts\/350328\/revisions"}],"wp:attachment":[{"href":"https:\/\/www.focolare.org\/es\/wp-json\/wp\/v2\/media?parent=350328"}],"wp:term":[{"taxonomy":"category","embeddable":true,"href":"https:\/\/www.focolare.org\/es\/wp-json\/wp\/v2\/categories?post=350328"},{"taxonomy":"post_tag","embeddable":true,"href":"https:\/\/www.focolare.org\/es\/wp-json\/wp\/v2\/tags?post=350328"}],"curies":[{"name":"wp","href":"https:\/\/api.w.org\/{rel}","templated":true}]}}