{"id":350344,"date":"2014-04-26T01:00:08","date_gmt":"2014-04-25T23:00:08","guid":{"rendered":"https:\/\/www.focolare.org\/juan-pablo-ii\/"},"modified":"2024-06-06T12:35:51","modified_gmt":"2024-06-06T10:35:51","slug":"juan-pablo-ii","status":"publish","type":"post","link":"https:\/\/www.focolare.org\/es\/juan-pablo-ii\/","title":{"rendered":"Juan Pablo II"},"content":{"rendered":"<p><p>Con ocasi\u00f3n de la canonizaci\u00f3n de Karol Wojtyla y Angelo Roncalli proponemos los momentos hist\u00f3ricos de Juan Pablo II con el Movimiento de los Focolares en un breve video, regalo de Chiara Lubich al Santo Padre en el 2003, en ocasi\u00f3n del 25\u00b0 de su Pontificado.<\/p>\n<p><span> <!--[jwplayer config=\"Video Player\" mediaid=\"104424\"]--><\/span><\/p><\/p>\n","protected":false},"excerpt":{"rendered":"<p>Con ocasi\u00f3n de la canonizaci\u00f3n de Karol Wojtyla y Angelo Roncalli proponemos los momentos hist\u00f3ricos de Juan Pablo II con el Movimiento de los Focolares en un breve video, regalo de Chiara Lubich al Santo Padre en el 2003, en ocasi\u00f3n del 25\u00b0 de su Pontificado.<\/p>\n","protected":false},"author":34,"featured_media":0,"comment_status":"open","ping_status":"open","sticky":false,"template":"","format":"standard","meta":{"give_campaign_id":0,"_seopress_robots_primary_cat":"","_seopress_titles_title":"","_seopress_titles_desc":"","_seopress_robots_index":"","_et_pb_use_builder":"","_et_pb_old_content":"","_et_gb_content_width":"","footnotes":""},"categories":[46],"tags":[],"class_list":["post-350344","post","type-post","status-publish","format-standard","hentry","category-sin-categorizar"],"_links":{"self":[{"href":"https:\/\/www.focolare.org\/es\/wp-json\/wp\/v2\/posts\/350344","targetHints":{"allow":["GET"]}}],"collection":[{"href":"https:\/\/www.focolare.org\/es\/wp-json\/wp\/v2\/posts"}],"about":[{"href":"https:\/\/www.focolare.org\/es\/wp-json\/wp\/v2\/types\/post"}],"author":[{"embeddable":true,"href":"https:\/\/www.focolare.org\/es\/wp-json\/wp\/v2\/users\/34"}],"replies":[{"embeddable":true,"href":"https:\/\/www.focolare.org\/es\/wp-json\/wp\/v2\/comments?post=350344"}],"version-history":[{"count":0,"href":"https:\/\/www.focolare.org\/es\/wp-json\/wp\/v2\/posts\/350344\/revisions"}],"wp:attachment":[{"href":"https:\/\/www.focolare.org\/es\/wp-json\/wp\/v2\/media?parent=350344"}],"wp:term":[{"taxonomy":"category","embeddable":true,"href":"https:\/\/www.focolare.org\/es\/wp-json\/wp\/v2\/categories?post=350344"},{"taxonomy":"post_tag","embeddable":true,"href":"https:\/\/www.focolare.org\/es\/wp-json\/wp\/v2\/tags?post=350344"}],"curies":[{"name":"wp","href":"https:\/\/api.w.org\/{rel}","templated":true}]}}